{"id":10324,"date":"2014-04-16T14:37:08","date_gmt":"2014-04-16T14:37:08","guid":{"rendered":"http:\/\/labestiadeportiva.com\/lbd\/?p=10324"},"modified":"2014-04-16T14:39:00","modified_gmt":"2014-04-16T14:39:00","slug":"jugaron-para-lasserre","status":"publish","type":"post","link":"http:\/\/labestiadeportiva.com\/lbd\/jugaron-para-lasserre\/","title":{"rendered":"Jugaron para Lasserre"},"content":{"rendered":"<p><a href=\"http:\/\/labestiadeportiva.com\/lbd\/wp-content\/uploads\/2014\/04\/MG_0116-copia.jpg\"><img loading=\"lazy\" class=\"alignleft size-medium wp-image-10329\" title=\"_MG_0116 - copia\" src=\"http:\/\/labestiadeportiva.com\/lbd\/wp-content\/uploads\/2014\/04\/MG_0116-copia-300x186.jpg\" alt=\"\" width=\"300\" height=\"186\" srcset=\"http:\/\/labestiadeportiva.com\/lbd\/wp-content\/uploads\/2014\/04\/MG_0116-copia-300x186.jpg 300w, http:\/\/labestiadeportiva.com\/lbd\/wp-content\/uploads\/2014\/04\/MG_0116-copia.jpg 448w\" sizes=\"(max-width: 300px) 100vw, 300px\" \/><\/a>Ayer por la noche Los Cuervos FDM y Mercantil completaron su encuentro pendiente de la 5\u00b0 fecha de la segunda rueda igualando en un tanto. Los goles los marcaron Mat\u00edas Mart\u00ednez y Gonzalo Navas. Este resultado deja a Lasserre en una inmejorable posici\u00f3n para conseguir el subcampeonato. El segundo empate consecutivo del conjunto azulgrana permite confirmar a dos fechas del cierre que se cortar\u00e1 su hegemon\u00eda y finalmente habr\u00e1 un nuevo campe\u00f3n. Los de Aducci solo podr\u00e1n intentar llegar al segundo puesto que le permitir\u00eda acceder al TDI 2015. Si Lago Escondido consigue un punto durante el fin de semana ser\u00e1 el nuevo campe\u00f3n de la Liga Ushuaiense.<!--more--><\/p>\n<p>Enorme expectativa hab\u00eda despertado el encuentro del martes por la noche. A pesar de que ambos no pudieron contar con sus formaciones ideales por diferentes motivos Mercantil\u00a0 y Los Cuervos FDM por nombre propio promet\u00edan un choque entretenido.<\/p>\n<p>R\u00e1pidamente el multicampe\u00f3n local se puso en ventaja, corr\u00edan tan solo tres minutos cuando un ataque por izquierda se transform\u00f3 en centro que capitaliz\u00f3 Mat\u00edas Mart\u00ednez cabeceando hacia el arco, la defensa a contrapi\u00e9 hizo que el bal\u00f3n rebotara en uno de los defensores para luego meterse en el arco defendido por el \u201cSanjua\u201d S\u00e1nchez que nada pudo hacer. Como suele decirse un gol desde el vestuario.<\/p>\n<p>Luego de unos minutos Mercantil pudo absorber el golpe y volver a meterse en partido. Sus mediocampistas se hicieron de bal\u00f3n y crearon las primeras situaciones de riesgo, la m\u00e1s clara dej\u00f3 solo a su goleador que a la hora de definir equivoc\u00f3 el camino permitiendo una gran tapada de Romero.<\/p>\n<p>Cuando se jugaban cerca de 25 minutos lleg\u00f3 la igualdad, nuevo ataque mercantilista que termin\u00f3 en los pies de Gonzalo Navas quien define no de la mejor forma pero igualmente la pelota se mete a media altura al segundo palo del arquero \u201ccuervo\u201d. Igualdad\u00a0 en el juego y estaba bien pues hasta el momento ambos conjuntos intentaban ser protagonistas.<\/p>\n<p><a href=\"http:\/\/labestiadeportiva.com\/lbd\/wp-content\/uploads\/2014\/04\/MG_0129.jpg\"><img loading=\"lazy\" class=\"aligncenter size-medium wp-image-10326\" title=\"_MG_0129\" src=\"http:\/\/labestiadeportiva.com\/lbd\/wp-content\/uploads\/2014\/04\/MG_0129-300x154.jpg\" alt=\"\" width=\"300\" height=\"154\" srcset=\"http:\/\/labestiadeportiva.com\/lbd\/wp-content\/uploads\/2014\/04\/MG_0129-300x154.jpg 300w, http:\/\/labestiadeportiva.com\/lbd\/wp-content\/uploads\/2014\/04\/MG_0129.jpg 448w\" sizes=\"(max-width: 300px) 100vw, 300px\" \/><\/a>Antes del cierre de la primera mitad lleg\u00f3 la primera expulsi\u00f3n, fue para el delantero azulgrana Diego Moukarzel\u00a0 hasta donde observamos doble amarilla por exceso verbal. Final del primer tiempo, a barajar y dar de nuevo. Momento para los entrenadores Aducci y Ralinqueo quienes en el entretiempo intentar\u00edan ajustar sus piezas.<\/p>\n<p>En el complemento Mercantil tom\u00f3 un poco m\u00e1s de protagonismo a pesar de perder r\u00e1pidamente a uno de sus delanteros, expulsi\u00f3n de Gonzalo Navas quedando los dos equipos con diez jugadores en cancha.<\/p>\n<p>Los minutos se fueron consumiendo con Mercantil intentando llegar al arco defendido por Romero y Los Cuervos tratando de aprovechar al m\u00e1ximo la pelota parada. De a poco todos los actores se fueron haciendo a la idea del empate, que a decir verdad no le serv\u00eda a ninguno de los dos.<\/p>\n<p>En los minutos finales Espinosa, el defensor de Mercantil, se transform\u00f3 en el tercer expulsado del partido. El \u00e1rbitro Walter Barrera, de discreto desempe\u00f1o, marc\u00f3 el final cerrando la noche de f\u00fatbol sobre el sint\u00e9tico municipal donde mercantiles y azulgranas no pudieron sacarse ventajas.<\/p>\n<p>Sin ninguna duda quien m\u00e1s perdi\u00f3 fue el equipo de Mat\u00edas Aducci, que solo sum\u00f3 dos puntos en sus \u00faltimas dos presentaciones, y al que a\u00fan le restan disputar tres partidos. De ganarlos llegar\u00e1 a 36 unidades quedando a la expectativa da saber si llega a la segunda posici\u00f3n aunque no depender\u00e1 de si mismo dado que Lasserre tiene en sus manos la posibilidad de ser el subcampe\u00f3n.<\/p>\n<p>Por el lado de Mercantil, seguramente se estar\u00e1 lamentando su discret\u00edsima primera rueda, a pesar de ser protagonista en la segunda parte del torneo su aspiraci\u00f3n de m\u00e1xima lo ubica tercero aunque no sorprender\u00eda verlo finalizar cuarto dado que el propio equipo \u201cCuervo\u201d podr\u00eda terminar en la tercera posici\u00f3n de la tabla.<\/p>\n<p>El pr\u00f3ximo fin de semana continuar\u00e1 el torneo oficial de primera divisi\u00f3n \u201cClaudio Zentner\u201d, el l\u00edder necesita tan solo un punto para poder dar la ansiada vuelta ol\u00edmpica, podr\u00e1 conseguirlo? Lo sabremos dentro de alrededor de 72 horas.<\/p>\n<p><a href=\"http:\/\/labestiadeportiva.com\/lbd\/wp-content\/uploads\/2014\/04\/MG_0139.jpg\"><img loading=\"lazy\" class=\"aligncenter size-medium wp-image-10327\" title=\"_MG_0139\" src=\"http:\/\/labestiadeportiva.com\/lbd\/wp-content\/uploads\/2014\/04\/MG_0139-300x162.jpg\" alt=\"\" width=\"300\" height=\"162\" srcset=\"http:\/\/labestiadeportiva.com\/lbd\/wp-content\/uploads\/2014\/04\/MG_0139-300x162.jpg 300w, http:\/\/labestiadeportiva.com\/lbd\/wp-content\/uploads\/2014\/04\/MG_0139.jpg 448w\" sizes=\"(max-width: 300px) 100vw, 300px\" \/><\/a><span style=\"color: #0000ff;\">Posiciones Actualizadas<\/span><br \/>\nEquipos PJ Pts.<br \/>\n<span style=\"color: #ff0000;\">Lago Escondido 16 38<\/span><br \/>\nLasserre 16 32<br \/>\nLos Cuervos FDM 15 27<br \/>\nMercantil 16 25<br \/>\nCamioneros 16 24<br \/>\nCentro Galicia 16 22<br \/>\nEl Porvenir 16 18<br \/>\nMutual BTF 16 17<br \/>\nArturo Prat 16 14<br \/>\nLos Andes Jrs. 15 6<\/p>\n<p>Partidos Pendientes<br \/>\nLos Cuervos FDM\/Los Andes Jrs. (6\u00b0 fecha 2\u00b0 rueda)<\/p>\n<div class='epvc-post-count'><span class='epvc-eye'><\/span>  <span class=\"epvc-count\"> 1.137<\/span><span class='epvc-label'> veces le\u00edda<\/span><\/div>\n<div class=\"jwsharethis\">\nShare this: \n<br \/>\n<a href=\"mailto:?subject=Jugaron%20para%20Lasserre&amp;body=http%3A%2F%2Flabestiadeportiva.com%2Flbd%2Fjugaron-para-lasserre%2F\">\n<img src=\"http:\/\/labestiadeportiva.com\/lbd\/wp-content\/plugins\/jw-share-this\/email.png\" alt=\"Share this page via Email\" \/>\n<\/a>\n<a target=\"_blank\" href=\"http:\/\/www.stumbleupon.com\/submit?url=http%3A%2F%2Flabestiadeportiva.com%2Flbd%2Fjugaron-para-lasserre%2F&amp;title=Jugaron+para+Lasserre\">\n<img src=\"http:\/\/labestiadeportiva.com\/lbd\/wp-content\/plugins\/jw-share-this\/su.png\" alt=\"Share this page via Stumble Upon\" \/>\n<\/a>\n<a target=\"_blank\" href=\"http:\/\/digg.com\/submit?url=http%3A%2F%2Flabestiadeportiva.com%2Flbd%2Fjugaron-para-lasserre%2F&amp;title=Jugaron+para+Lasserre\">\n<img src=\"http:\/\/labestiadeportiva.com\/lbd\/wp-content\/plugins\/jw-share-this\/digg.png\" alt=\"Share this page via Digg this\" \/>\n<\/a>\n<a target=\"_blank\" href=\"http:\/\/www.facebook.com\/sharer.php?u=http%3A%2F%2Flabestiadeportiva.com%2Flbd%2Fjugaron-para-lasserre%2F&amp;t=Jugaron+para+Lasserre\">\n<img src=\"http:\/\/labestiadeportiva.com\/lbd\/wp-content\/plugins\/jw-share-this\/fb.png\" alt=\"Share this page via Facebook\" \/>\n<\/a>\n<a target=\"_blank\" href=\"http:\/\/twitter.com\/intent\/tweet?text=I+like+http%3A%2F%2Flabestiadeportiva.com%2Flbd%2Fjugaron-para-lasserre%2F&amp;title=Jugaron+para+Lasserre\">\n<img src=\"http:\/\/labestiadeportiva.com\/lbd\/wp-content\/plugins\/jw-share-this\/twitter.png\" alt=\"Share this page via Twitter\" \/>\n<\/a>\n<\/div>\n","protected":false},"excerpt":{"rendered":"<p>Ayer por la noche Los Cuervos FDM y Mercantil completaron su encuentro pendiente de la 5\u00b0 fecha de la segunda rueda igualando en un tanto. Los goles los marcaron Mat\u00edas Mart\u00ednez y Gonzalo Navas. Este resultado deja a Lasserre en una inmejorable posici\u00f3n para conseguir el subcampeonato. El segundo empate consecutivo del conjunto azulgrana permite &hellip; <a href=\"http:\/\/labestiadeportiva.com\/lbd\/jugaron-para-lasserre\/\" class=\"more-link\">Seguir leyendo <span class=\"screen-reader-text\">Jugaron para Lasserre<\/span> <span class=\"meta-nav\">&rarr;<\/span><\/a><\/p>\n","protected":false},"author":1,"featured_media":10329,"comment_status":"open","ping_status":"open","sticky":false,"template":"","format":"standard","meta":[],"categories":[5,1],"tags":[297,1416,17,48,1194],"_links":{"self":[{"href":"http:\/\/labestiadeportiva.com\/lbd\/wp-json\/wp\/v2\/posts\/10324"}],"collection":[{"href":"http:\/\/labestiadeportiva.com\/lbd\/wp-json\/wp\/v2\/posts"}],"about":[{"href":"http:\/\/labestiadeportiva.com\/lbd\/wp-json\/wp\/v2\/types\/post"}],"author":[{"embeddable":true,"href":"http:\/\/labestiadeportiva.com\/lbd\/wp-json\/wp\/v2\/users\/1"}],"replies":[{"embeddable":true,"href":"http:\/\/labestiadeportiva.com\/lbd\/wp-json\/wp\/v2\/comments?post=10324"}],"version-history":[{"count":2,"href":"http:\/\/labestiadeportiva.com\/lbd\/wp-json\/wp\/v2\/posts\/10324\/revisions"}],"predecessor-version":[{"id":10330,"href":"http:\/\/labestiadeportiva.com\/lbd\/wp-json\/wp\/v2\/posts\/10324\/revisions\/10330"}],"wp:featuredmedia":[{"embeddable":true,"href":"http:\/\/labestiadeportiva.com\/lbd\/wp-json\/wp\/v2\/media\/10329"}],"wp:attachment":[{"href":"http:\/\/labestiadeportiva.com\/lbd\/wp-json\/wp\/v2\/media?parent=10324"}],"wp:term":[{"taxonomy":"category","embeddable":true,"href":"http:\/\/labestiadeportiva.com\/lbd\/wp-json\/wp\/v2\/categories?post=10324"},{"taxonomy":"post_tag","embeddable":true,"href":"http:\/\/labestiadeportiva.com\/lbd\/wp-json\/wp\/v2\/tags?post=10324"}],"curies":[{"name":"wp","href":"https:\/\/api.w.org\/{rel}","templated":true}]}}