{"id":10384,"date":"2014-04-21T20:26:01","date_gmt":"2014-04-21T20:26:01","guid":{"rendered":"http:\/\/labestiadeportiva.com\/lbd\/?p=10384"},"modified":"2014-04-21T20:26:01","modified_gmt":"2014-04-21T20:26:01","slug":"rodri-puso-un-pie-en-primera-y-no-para-audio","status":"publish","type":"post","link":"http:\/\/labestiadeportiva.com\/lbd\/rodri-puso-un-pie-en-primera-y-no-para-audio\/","title":{"rendered":"\u201cRodri\u201d puso un pie en primera y no para (Audio)"},"content":{"rendered":"<p><a href=\"http:\/\/labestiadeportiva.com\/lbd\/wp-content\/uploads\/2014\/04\/10277125_10203374611623396_4849165405894348236_n.jpg\"><img loading=\"lazy\" class=\"alignleft size-medium wp-image-10385\" title=\"10277125_10203374611623396_4849165405894348236_n\" src=\"http:\/\/labestiadeportiva.com\/lbd\/wp-content\/uploads\/2014\/04\/10277125_10203374611623396_4849165405894348236_n-286x300.jpg\" alt=\"\" width=\"286\" height=\"300\" srcset=\"http:\/\/labestiadeportiva.com\/lbd\/wp-content\/uploads\/2014\/04\/10277125_10203374611623396_4849165405894348236_n-286x300.jpg 286w, http:\/\/labestiadeportiva.com\/lbd\/wp-content\/uploads\/2014\/04\/10277125_10203374611623396_4849165405894348236_n.jpg 526w\" sizes=\"(max-width: 286px) 100vw, 286px\" \/><\/a>El defensor ushuaiense, <span style=\"color: #ff0000;\">Rodrigo Arciero<\/span>, debut\u00f3 el pasado jueves santo en la principal categor\u00eda del f\u00fatbol argentino. Fue con empate ante Arsenal de Sarand\u00ed en un tanto. El t\u00e9cnico \u201calbo\u201d destac\u00f3 su actuaci\u00f3n d\u00e1ndole la posibilidad de continuar en el 11 titular. Esta tarde All Boys se enfrentar\u00e1 en el bosque ante Gimnasia Esgrima La Plata. Desde LBD dialogamos con el fueguino, este es el audio completo, lo compartimos.<!--more--><\/p>\n<p><iframe loading=\"lazy\" src=\"\/\/www.youtube.com\/embed\/uNBlZZ1TLVY\" frameborder=\"0\" width=\"560\" height=\"315\"><\/iframe><\/p>\n<div class='epvc-post-count'><span class='epvc-eye'><\/span>  <span class=\"epvc-count\"> 1.079<\/span><span class='epvc-label'> veces le\u00edda<\/span><\/div>\n<div class=\"jwsharethis\">\nShare this: \n<br \/>\n<a href=\"mailto:?subject=%E2%80%9CRodri%E2%80%9D%20puso%20un%20pie%20en%20primera%20y%20no%20para%20%28Audio%29&amp;body=http%3A%2F%2Flabestiadeportiva.com%2Flbd%2Frodri-puso-un-pie-en-primera-y-no-para-audio%2F\">\n<img src=\"http:\/\/labestiadeportiva.com\/lbd\/wp-content\/plugins\/jw-share-this\/email.png\" alt=\"Share this page via Email\" \/>\n<\/a>\n<a target=\"_blank\" href=\"http:\/\/www.stumbleupon.com\/submit?url=http%3A%2F%2Flabestiadeportiva.com%2Flbd%2Frodri-puso-un-pie-en-primera-y-no-para-audio%2F&amp;title=%E2%80%9CRodri%E2%80%9D+puso+un+pie+en+primera+y+no+para+%28Audio%29\">\n<img src=\"http:\/\/labestiadeportiva.com\/lbd\/wp-content\/plugins\/jw-share-this\/su.png\" alt=\"Share this page via Stumble Upon\" \/>\n<\/a>\n<a target=\"_blank\" href=\"http:\/\/digg.com\/submit?url=http%3A%2F%2Flabestiadeportiva.com%2Flbd%2Frodri-puso-un-pie-en-primera-y-no-para-audio%2F&amp;title=%E2%80%9CRodri%E2%80%9D+puso+un+pie+en+primera+y+no+para+%28Audio%29\">\n<img src=\"http:\/\/labestiadeportiva.com\/lbd\/wp-content\/plugins\/jw-share-this\/digg.png\" alt=\"Share this page via Digg this\" \/>\n<\/a>\n<a target=\"_blank\" href=\"http:\/\/www.facebook.com\/sharer.php?u=http%3A%2F%2Flabestiadeportiva.com%2Flbd%2Frodri-puso-un-pie-en-primera-y-no-para-audio%2F&amp;t=%E2%80%9CRodri%E2%80%9D+puso+un+pie+en+primera+y+no+para+%28Audio%29\">\n<img src=\"http:\/\/labestiadeportiva.com\/lbd\/wp-content\/plugins\/jw-share-this\/fb.png\" alt=\"Share this page via Facebook\" \/>\n<\/a>\n<a target=\"_blank\" href=\"http:\/\/twitter.com\/intent\/tweet?text=I+like+http%3A%2F%2Flabestiadeportiva.com%2Flbd%2Frodri-puso-un-pie-en-primera-y-no-para-audio%2F&amp;title=%E2%80%9CRodri%E2%80%9D+puso+un+pie+en+primera+y+no+para+%28Audio%29\">\n<img src=\"http:\/\/labestiadeportiva.com\/lbd\/wp-content\/plugins\/jw-share-this\/twitter.png\" alt=\"Share this page via Twitter\" \/>\n<\/a>\n<\/div>\n","protected":false},"excerpt":{"rendered":"<p>El defensor ushuaiense, Rodrigo Arciero, debut\u00f3 el pasado jueves santo en la principal categor\u00eda del f\u00fatbol argentino. Fue con empate ante Arsenal de Sarand\u00ed en un tanto. El t\u00e9cnico \u201calbo\u201d destac\u00f3 su actuaci\u00f3n d\u00e1ndole la posibilidad de continuar en el 11 titular. Esta tarde All Boys se enfrentar\u00e1 en el bosque ante Gimnasia Esgrima La &hellip; <a href=\"http:\/\/labestiadeportiva.com\/lbd\/rodri-puso-un-pie-en-primera-y-no-para-audio\/\" class=\"more-link\">Seguir leyendo <span class=\"screen-reader-text\">\u201cRodri\u201d puso un pie en primera y no para (Audio)<\/span> <span class=\"meta-nav\">&rarr;<\/span><\/a><\/p>\n","protected":false},"author":1,"featured_media":10385,"comment_status":"open","ping_status":"open","sticky":false,"template":"","format":"standard","meta":[],"categories":[5,6,60,628,1],"tags":[315,4838,17,325],"_links":{"self":[{"href":"http:\/\/labestiadeportiva.com\/lbd\/wp-json\/wp\/v2\/posts\/10384"}],"collection":[{"href":"http:\/\/labestiadeportiva.com\/lbd\/wp-json\/wp\/v2\/posts"}],"about":[{"href":"http:\/\/labestiadeportiva.com\/lbd\/wp-json\/wp\/v2\/types\/post"}],"author":[{"embeddable":true,"href":"http:\/\/labestiadeportiva.com\/lbd\/wp-json\/wp\/v2\/users\/1"}],"replies":[{"embeddable":true,"href":"http:\/\/labestiadeportiva.com\/lbd\/wp-json\/wp\/v2\/comments?post=10384"}],"version-history":[{"count":1,"href":"http:\/\/labestiadeportiva.com\/lbd\/wp-json\/wp\/v2\/posts\/10384\/revisions"}],"predecessor-version":[{"id":10386,"href":"http:\/\/labestiadeportiva.com\/lbd\/wp-json\/wp\/v2\/posts\/10384\/revisions\/10386"}],"wp:featuredmedia":[{"embeddable":true,"href":"http:\/\/labestiadeportiva.com\/lbd\/wp-json\/wp\/v2\/media\/10385"}],"wp:attachment":[{"href":"http:\/\/labestiadeportiva.com\/lbd\/wp-json\/wp\/v2\/media?parent=10384"}],"wp:term":[{"taxonomy":"category","embeddable":true,"href":"http:\/\/labestiadeportiva.com\/lbd\/wp-json\/wp\/v2\/categories?post=10384"},{"taxonomy":"post_tag","embeddable":true,"href":"http:\/\/labestiadeportiva.com\/lbd\/wp-json\/wp\/v2\/tags?post=10384"}],"curies":[{"name":"wp","href":"https:\/\/api.w.org\/{rel}","templated":true}]}}