{"id":10811,"date":"2014-05-20T20:23:51","date_gmt":"2014-05-20T20:23:51","guid":{"rendered":"http:\/\/labestiadeportiva.com\/lbd\/?p=10811"},"modified":"2014-05-21T16:30:39","modified_gmt":"2014-05-21T16:30:39","slug":"arranco-el-fueguino-2014","status":"publish","type":"post","link":"http:\/\/labestiadeportiva.com\/lbd\/arranco-el-fueguino-2014\/","title":{"rendered":"Arranc\u00f3 el Fueguino 2014"},"content":{"rendered":"<p><a href=\"http:\/\/labestiadeportiva.com\/lbd\/wp-content\/uploads\/2014\/05\/10371637_10202943602049793_7532558295315996462_n.jpg\"><img loading=\"lazy\" class=\"alignleft size-medium wp-image-10812\" title=\"10371637_10202943602049793_7532558295315996462_n\" src=\"http:\/\/labestiadeportiva.com\/lbd\/wp-content\/uploads\/2014\/05\/10371637_10202943602049793_7532558295315996462_n-300x225.jpg\" alt=\"\" width=\"300\" height=\"225\" srcset=\"http:\/\/labestiadeportiva.com\/lbd\/wp-content\/uploads\/2014\/05\/10371637_10202943602049793_7532558295315996462_n-300x225.jpg 300w, http:\/\/labestiadeportiva.com\/lbd\/wp-content\/uploads\/2014\/05\/10371637_10202943602049793_7532558295315996462_n.jpg 552w\" sizes=\"(max-width: 300px) 100vw, 300px\" \/><\/a>De la mano de ACME se puso en marcha el pasado fin de semana el Campeonato Fueguino de Descenso de la presente temporada. 22 corredores fueron de la partida en el circuito del sendero de la Casa de T\u00e9 ubicado en el sector del Glaciar Martial. Cristian Cuello, Miguel Snaider y Tom\u00e1s Godoy se impusieron en sus segmentos.<!--more--><\/p>\n<p>En esta oportunidad\u00a0 los organizadores dispusieron de un trazado cl\u00e1sico de los riders locales, el sendero de la Casa de T\u00e9, camino de trekking\u00a0 elegido por su f\u00e1cil acceso que en el caso de complicarse las condiciones clim\u00e1ticas podr\u00eda ser utilizado\u00a0 de cualquier forma.<\/p>\n<p>El recorrido, de aproximadamente 900, metros exige m\u00e1s pedaleo, resistencia y t\u00e9cnica para sortear la gran cantidad de ra\u00edces y piedras de la primera parte.<\/p>\n<p>El s\u00e1bado el terreno luc\u00eda en muy malas condiciones, anegado y con mucho barro. La helada de la noche y ma\u00f1ana del domingo favoreci\u00f3 notablemente a la hora de largar. Los corredores hicieron sus bajadas con muy buen agarre, casi el mismo de un piso seco.<\/p>\n<p>En doble suspensi\u00f3n Cristian Cuello fue el mejor registrando un tiempo de 2\u00b414\u00b4\u00b4 y 82 d\u00e9cimas escoltado por Lucas Carrera a seis segundos mientras que el tercer escal\u00f3n del podio en la categor\u00eda lo ocup\u00f3 Mat\u00edas Zuloaga a nueve segundos del ganador.<\/p>\n<p><a href=\"http:\/\/labestiadeportiva.com\/lbd\/wp-content\/uploads\/2014\/05\/10396484_10202948443490826_1759097518_n.jpg\"><img loading=\"lazy\" class=\"aligncenter size-medium wp-image-10816\" title=\"10396484_10202948443490826_1759097518_n\" src=\"http:\/\/labestiadeportiva.com\/lbd\/wp-content\/uploads\/2014\/05\/10396484_10202948443490826_1759097518_n-300x290.jpg\" alt=\"\" width=\"300\" height=\"290\" srcset=\"http:\/\/labestiadeportiva.com\/lbd\/wp-content\/uploads\/2014\/05\/10396484_10202948443490826_1759097518_n-300x290.jpg 300w, http:\/\/labestiadeportiva.com\/lbd\/wp-content\/uploads\/2014\/05\/10396484_10202948443490826_1759097518_n.jpg 704w\" sizes=\"(max-width: 300px) 100vw, 300px\" \/><\/a>Miguel Snaider fue el \u00fanico representante del segmento semirr\u00edgido mayor registrando 2\u00b437\u00b4\u00b4 53 como mejor tiempo.<\/p>\n<p>Finalmente en semirr\u00edgido menor, la categor\u00eda m\u00e1s poblada con 12 participantes, Tom\u00e1s Godoy fue el vencedor (2\u00b445\u00b4\u00b434) Lucas Jerez fue segundo a poco m\u00e1s de seis segundos y Genaro Romero se qued\u00f3 con la tercera ubicaci\u00f3n a casi ocho segundos de la punta.<\/p>\n<p>Desde la organizaci\u00f3n se mostr\u00f3 la satisfacci\u00f3n por no haber golpes de consideraci\u00f3n entre los participantes como as\u00ed tambien el constante crecimiento de participantes principalmente j\u00f3venes valores. En esta oportunidad fueron seis los que hicieron su debut asegurando el fortalecimiento del semillero en esta modalidad del ciclismo de monta\u00f1a.<\/p>\n<p><a href=\"http:\/\/labestiadeportiva.com\/lbd\/wp-content\/uploads\/2014\/05\/10369893_224271754450086_3134652541121618597_n.jpg\"><img loading=\"lazy\" class=\"aligncenter size-medium wp-image-10813\" title=\"10369893_224271754450086_3134652541121618597_n\" src=\"http:\/\/labestiadeportiva.com\/lbd\/wp-content\/uploads\/2014\/05\/10369893_224271754450086_3134652541121618597_n-300x212.jpg\" alt=\"\" width=\"300\" height=\"212\" srcset=\"http:\/\/labestiadeportiva.com\/lbd\/wp-content\/uploads\/2014\/05\/10369893_224271754450086_3134652541121618597_n-300x212.jpg 300w, http:\/\/labestiadeportiva.com\/lbd\/wp-content\/uploads\/2014\/05\/10369893_224271754450086_3134652541121618597_n.jpg 730w\" sizes=\"(max-width: 300px) 100vw, 300px\" \/><\/a><span style=\"color: #0000ff;\">Clasificaci\u00f3n 1\u00b0 Fecha<\/span><br \/>\nDoble Suspensi\u00f3n<br \/>\n<span style=\"color: #ff0000;\">1\u00b0 Cuello Cristian 2\u00b414\u00b4\u00b482<\/span><br \/>\n2\u00b0 Carrera Lucas 2\u00b422\u00b4\u00b480<br \/>\n3\u00b0 Zuloaga Mat\u00edas \u00a0\u00a0\u00a0 2\u00b423\u00b4\u00b460<br \/>\nPonce Rodrigo 2\u00b428\u00b4\u00b468<br \/>\nCorrea David 2\u00b435\u00b4\u00b419<br \/>\nOliva Nicol\u00e1s 2\u00b439\u00b4\u00b480<br \/>\nCastro Nelson 2\u00b443\u00b4\u00b470<br \/>\nChiguay Javier 2\u00b445\u00b4\u00b419<br \/>\nGonz\u00e1lez Germ\u00e1n\u00a0 2\u00b447\u00b4\u00b4 80<\/p>\n<p><span style=\"color: #0000ff;\">Semirr\u00edgido Mayor\u00a0\u00a0\u00a0<\/span><br \/>\n<span style=\"color: #ff0000;\">1\u00b0 Snaider Miguel\u00a0\u00a0\u00a0 2\u00b437\u00b4\u00b4 53<\/span><\/p>\n<p><span style=\"color: #0000ff;\">Semirr\u00edgido Menor\u00a0\u00a0\u00a0<\/span><br \/>\n<span style=\"color: #ff0000;\">1\u00b0 Godoy Tomas 2\u00b445\u00b4\u00b4 34<\/span><br \/>\n2\u00b0 Jerez Lucas 2\u00b451\u00b4\u00b4 60<br \/>\n3\u00b0 Romero Genaro 2\u00b452\u00b4\u00b4 47<br \/>\nMendero Sheridan 2\u00b452\u00b4\u00b4 66<br \/>\nGonz\u00e1lez Lautaro 2\u00b459\u00b4\u00b4 47<br \/>\nParedes Ramiro\u00a0\u00a0\u00a0 3\u00b404\u00b4\u00b4 29<br \/>\nCelis Ulises 3\u00b405\u00b4\u00b4 22<br \/>\nCastro Ulises 3\u00b420\u00b4\u00b4 43<br \/>\nAguilar Leandro\u00a0\u00a0\u00a0 3\u00b421\u00b4\u00b4 28<br \/>\nMedina Luca 3\u00b425\u00b4\u00b4 88<br \/>\nMendolia Facundo 3\u00b427\u00b4\u00b4 88<br \/>\nNicol\u00e1s Vichi 3\u00b446\u00b4\u00b4 45<\/p>\n<div class='epvc-post-count'><span class='epvc-eye'><\/span>  <span class=\"epvc-count\"> 1.068<\/span><span class='epvc-label'> veces le\u00edda<\/span><\/div>\n<div class=\"jwsharethis\">\nShare this: \n<br \/>\n<a href=\"mailto:?subject=Arranc%C3%B3%20el%20Fueguino%202014&amp;body=http%3A%2F%2Flabestiadeportiva.com%2Flbd%2Farranco-el-fueguino-2014%2F\">\n<img src=\"http:\/\/labestiadeportiva.com\/lbd\/wp-content\/plugins\/jw-share-this\/email.png\" alt=\"Share this page via Email\" \/>\n<\/a>\n<a target=\"_blank\" href=\"http:\/\/www.stumbleupon.com\/submit?url=http%3A%2F%2Flabestiadeportiva.com%2Flbd%2Farranco-el-fueguino-2014%2F&amp;title=Arranc%C3%B3+el+Fueguino+2014\">\n<img src=\"http:\/\/labestiadeportiva.com\/lbd\/wp-content\/plugins\/jw-share-this\/su.png\" alt=\"Share this page via Stumble Upon\" \/>\n<\/a>\n<a target=\"_blank\" href=\"http:\/\/digg.com\/submit?url=http%3A%2F%2Flabestiadeportiva.com%2Flbd%2Farranco-el-fueguino-2014%2F&amp;title=Arranc%C3%B3+el+Fueguino+2014\">\n<img src=\"http:\/\/labestiadeportiva.com\/lbd\/wp-content\/plugins\/jw-share-this\/digg.png\" alt=\"Share this page via Digg this\" \/>\n<\/a>\n<a target=\"_blank\" href=\"http:\/\/www.facebook.com\/sharer.php?u=http%3A%2F%2Flabestiadeportiva.com%2Flbd%2Farranco-el-fueguino-2014%2F&amp;t=Arranc%C3%B3+el+Fueguino+2014\">\n<img src=\"http:\/\/labestiadeportiva.com\/lbd\/wp-content\/plugins\/jw-share-this\/fb.png\" alt=\"Share this page via Facebook\" \/>\n<\/a>\n<a target=\"_blank\" href=\"http:\/\/twitter.com\/intent\/tweet?text=I+like+http%3A%2F%2Flabestiadeportiva.com%2Flbd%2Farranco-el-fueguino-2014%2F&amp;title=Arranc%C3%B3+el+Fueguino+2014\">\n<img src=\"http:\/\/labestiadeportiva.com\/lbd\/wp-content\/plugins\/jw-share-this\/twitter.png\" alt=\"Share this page via Twitter\" \/>\n<\/a>\n<\/div>\n","protected":false},"excerpt":{"rendered":"<p>De la mano de ACME se puso en marcha el pasado fin de semana el Campeonato Fueguino de Descenso de la presente temporada. 22 corredores fueron de la partida en el circuito del sendero de la Casa de T\u00e9 ubicado en el sector del Glaciar Martial. Cristian Cuello, Miguel Snaider y Tom\u00e1s Godoy se impusieron &hellip; <a href=\"http:\/\/labestiadeportiva.com\/lbd\/arranco-el-fueguino-2014\/\" class=\"more-link\">Seguir leyendo <span class=\"screen-reader-text\">Arranc\u00f3 el Fueguino 2014<\/span> <span class=\"meta-nav\">&rarr;<\/span><\/a><\/p>\n","protected":false},"author":1,"featured_media":10812,"comment_status":"open","ping_status":"open","sticky":false,"template":"","format":"standard","meta":[],"categories":[5,1],"tags":[389,541,170,292],"_links":{"self":[{"href":"http:\/\/labestiadeportiva.com\/lbd\/wp-json\/wp\/v2\/posts\/10811"}],"collection":[{"href":"http:\/\/labestiadeportiva.com\/lbd\/wp-json\/wp\/v2\/posts"}],"about":[{"href":"http:\/\/labestiadeportiva.com\/lbd\/wp-json\/wp\/v2\/types\/post"}],"author":[{"embeddable":true,"href":"http:\/\/labestiadeportiva.com\/lbd\/wp-json\/wp\/v2\/users\/1"}],"replies":[{"embeddable":true,"href":"http:\/\/labestiadeportiva.com\/lbd\/wp-json\/wp\/v2\/comments?post=10811"}],"version-history":[{"count":4,"href":"http:\/\/labestiadeportiva.com\/lbd\/wp-json\/wp\/v2\/posts\/10811\/revisions"}],"predecessor-version":[{"id":10815,"href":"http:\/\/labestiadeportiva.com\/lbd\/wp-json\/wp\/v2\/posts\/10811\/revisions\/10815"}],"wp:featuredmedia":[{"embeddable":true,"href":"http:\/\/labestiadeportiva.com\/lbd\/wp-json\/wp\/v2\/media\/10812"}],"wp:attachment":[{"href":"http:\/\/labestiadeportiva.com\/lbd\/wp-json\/wp\/v2\/media?parent=10811"}],"wp:term":[{"taxonomy":"category","embeddable":true,"href":"http:\/\/labestiadeportiva.com\/lbd\/wp-json\/wp\/v2\/categories?post=10811"},{"taxonomy":"post_tag","embeddable":true,"href":"http:\/\/labestiadeportiva.com\/lbd\/wp-json\/wp\/v2\/tags?post=10811"}],"curies":[{"name":"wp","href":"https:\/\/api.w.org\/{rel}","templated":true}]}}