{"id":10947,"date":"2014-05-30T13:57:00","date_gmt":"2014-05-30T13:57:00","guid":{"rendered":"http:\/\/labestiadeportiva.com\/lbd\/?p=10947"},"modified":"2014-05-30T13:57:00","modified_gmt":"2014-05-30T13:57:00","slug":"la-sociedad-italiana-de-ushuaia-presente-en-punta-arenas","status":"publish","type":"post","link":"http:\/\/labestiadeportiva.com\/lbd\/la-sociedad-italiana-de-ushuaia-presente-en-punta-arenas\/","title":{"rendered":"La Sociedad Italiana de Ushuaia presente en Punta Arenas"},"content":{"rendered":"<p class=\"MsoNormal\" style=\"margin-bottom: .0001pt;\"><a href=\"http:\/\/labestiadeportiva.com\/lbd\/wp-content\/uploads\/2014\/05\/IMG-20140528-WA0008.jpg\"><img loading=\"lazy\" class=\"alignleft size-medium wp-image-10948\" title=\"IMG-20140528-WA0008\" src=\"http:\/\/labestiadeportiva.com\/lbd\/wp-content\/uploads\/2014\/05\/IMG-20140528-WA0008-300x189.jpg\" alt=\"\" width=\"300\" height=\"189\" srcset=\"http:\/\/labestiadeportiva.com\/lbd\/wp-content\/uploads\/2014\/05\/IMG-20140528-WA0008-300x189.jpg 300w, http:\/\/labestiadeportiva.com\/lbd\/wp-content\/uploads\/2014\/05\/IMG-20140528-WA0008.jpg 714w\" sizes=\"(max-width: 300px) 100vw, 300px\" \/><\/a>Los d\u00edas vienes 23 s\u00e1bado 24 y domingo 25 de mayo se llevo a cabo en la localidad patag\u00f3nica del vecino pa\u00eds la 2\u00b0 Fecha del Ranking Chileno y Torneo \u201cTodo Competidor\u201d organizado por el Club de Esgrima Austral. Fueron de la partida deportistas de todo el territorio trasandino. Los ushuaienses de la Sociedad Italiana fueron invitados por el club anfitri\u00f3n logrando una excelente producci\u00f3n reflejada por el gran n\u00famero de preseas conseguidas.<!--more--><\/p>\n<p class=\"MsoNormal\" style=\"margin-bottom: .0001pt;\">Los j\u00f3venes esgrimistas chilenos concurrieron en busca de los puntos necesarios para lograr clasificar para representar a su pa\u00eds el Torneo Sudamericano de Esgrima, evento que luego de la frustrada la organizaci\u00f3n en la ciudad de Ushuaia, finalmente se desarrollar\u00e1 en la Ciudad Aut\u00f3noma de Buenos Aires entre los d\u00edas 14 al 21 de junio.<span style=\"mso-tab-count: 1;\">\u00a0\u00a0\u00a0\u00a0\u00a0\u00a0\u00a0\u00a0\u00a0\u00a0\u00a0\u00a0\u00a0\u00a0\u00a0 <\/span><\/p>\n<p class=\"MsoNormal\" style=\"margin-bottom: .0001pt;\">Invitados por el club anfitri\u00f3n, bajo la direcci\u00f3n t\u00e9cnica del Maestro Federico Librio, concurrieron para participar en el evento cinco de los siete representantes<span style=\"mso-spacerun: yes;\">\u00a0 <\/span>de la Escuela de Esgrima de la Sociedad Italiana de Ushuaia, que luego de disputadas las cuatro fechas del Ranking Argentino de Esgrima, obtuvieron los puntos necesarios para clasificar en la Selecci\u00f3n Nacional de Esgrima de Menores que representar\u00e1 a la Argentina en el Torneo Sudamericano.<span style=\"mso-tab-count: 1;\">\u00a0\u00a0\u00a0\u00a0\u00a0\u00a0\u00a0\u00a0\u00a0\u00a0\u00a0 <\/span><\/p>\n<p class=\"MsoNormal\" style=\"margin-bottom: .0001pt;\"><a href=\"http:\/\/labestiadeportiva.com\/lbd\/wp-content\/uploads\/2014\/05\/IMG-20140528-WA0006.jpg\"><img loading=\"lazy\" class=\"aligncenter size-medium wp-image-10949\" title=\"IMG-20140528-WA0006\" src=\"http:\/\/labestiadeportiva.com\/lbd\/wp-content\/uploads\/2014\/05\/IMG-20140528-WA0006-300x206.jpg\" alt=\"\" width=\"300\" height=\"206\" srcset=\"http:\/\/labestiadeportiva.com\/lbd\/wp-content\/uploads\/2014\/05\/IMG-20140528-WA0006-300x206.jpg 300w, http:\/\/labestiadeportiva.com\/lbd\/wp-content\/uploads\/2014\/05\/IMG-20140528-WA0006.jpg 581w\" sizes=\"(max-width: 300px) 100vw, 300px\" \/><\/a>La ocasi\u00f3n fue propicia para que los seleccionados fueguinos Violeta Ferrar\u00ec (florete y espada pre infantil), Lucas Portoese (florete pre infantil), Joaquina Vergara (florete, espada y sable infantil), Josefina Vergara (florete y espada precadetes) y Valentina Vergara (espada cadetes), se midieran con sus rivales trasandinas cumpliendo en otra etapa del entrenamiento previo al encuentro sudamericano.<\/p>\n<p class=\"MsoNormal\" style=\"margin-bottom: .0001pt;\">A la delegaci\u00f3n fueguina se sum\u00f3 en la ocasi\u00f3n la esgrimista Bel\u00e9n Ruiz Mart\u00ednez, disc\u00edpula del Maestro Guillermo Saucedo del Centro Naval Olivos, quien junto a Josefina Vergara integran el Equipo Nacional de Florete Femenino categor\u00eda precadetes.<span style=\"mso-tab-count: 1;\">\u00a0\u00a0\u00a0\u00a0\u00a0\u00a0\u00a0\u00a0\u00a0\u00a0\u00a0\u00a0\u00a0\u00a0\u00a0 <\/span><\/p>\n<p class=\"MsoNormal\" style=\"margin-bottom: .0001pt;\">El grupo estuvo acompa\u00f1ado por el monitor de sala Lucas Espinosa quien con el \u00e1nimo de retomar las competencias federadas participo de los duelos tanto en espada como en florete juvenil.<span style=\"mso-spacerun: yes;\">\u00a0\u00a0\u00a0\u00a0\u00a0\u00a0\u00a0\u00a0 <\/span><\/p>\n<p class=\"MsoNormal\" style=\"margin-bottom: .0001pt;\">Luego de dos d\u00edas de competencia Lucas Espinosa obtuvo medalla de plata en florete y oro en espada; Valentina Vergara bronce en florete, Josefina Vergara plata en florete y bronce en espada; Bel\u00e9n Ruiz Mart\u00ednez dos oros en florete, Lucas Portoese bronce en florete, y Violeta Ferrari plata en florete.<\/p>\n<p class=\"MsoNormal\" style=\"margin-bottom: .0001pt;\"><a href=\"http:\/\/labestiadeportiva.com\/lbd\/wp-content\/uploads\/2014\/05\/IMG-20140528-WA0007.jpg\"><img loading=\"lazy\" class=\"aligncenter size-medium wp-image-10950\" title=\"IMG-20140528-WA0007\" src=\"http:\/\/labestiadeportiva.com\/lbd\/wp-content\/uploads\/2014\/05\/IMG-20140528-WA0007-212x300.jpg\" alt=\"\" width=\"212\" height=\"300\" srcset=\"http:\/\/labestiadeportiva.com\/lbd\/wp-content\/uploads\/2014\/05\/IMG-20140528-WA0007-212x300.jpg 212w, http:\/\/labestiadeportiva.com\/lbd\/wp-content\/uploads\/2014\/05\/IMG-20140528-WA0007.jpg 450w\" sizes=\"(max-width: 212px) 100vw, 212px\" \/><\/a>Finalmente Joaquina Vergara fue premiada por su esp\u00edritu deportivo en tanto no pudo terminar las pruebas clasificatorias, ya que lo avanzado de la hora se hizo incompatible con el viaje de regreso a nuestra provincia planificado por su familia.<span style=\"mso-tab-count: 1;\">\u00a0\u00a0\u00a0\u00a0\u00a0\u00a0\u00a0\u00a0\u00a0\u00a0\u00a0\u00a0\u00a0\u00a0\u00a0 <\/span><\/p>\n<p class=\"MsoNormal\" style=\"margin-bottom: .0001pt;\">As\u00ed, una vez m\u00e1s, trazando su propia senda los j\u00f3venes deportistas de la Escuela de Esgrima de la Sociedad Italiana de Ushuaia guiados por su Maestro Federico Librio demostraron que a\u00fan sin subsidios o ayuda Estatal, es posible acceder a los primeros lugares cumpliendo un entrenamiento planificado junto a la motivaci\u00f3n igualitaria de todos sus alumnos, situaci\u00f3n que augura el progreso colectivo por sobre las individualidades.<\/p>\n<div class='epvc-post-count'><span class='epvc-eye'><\/span>  <span class=\"epvc-count\"> 1.217<\/span><span class='epvc-label'> veces le\u00edda<\/span><\/div>\n<div class=\"jwsharethis\">\nShare this: \n<br \/>\n<a href=\"mailto:?subject=La%20Sociedad%20Italiana%20de%20Ushuaia%20presente%20en%20Punta%20Arenas&amp;body=http%3A%2F%2Flabestiadeportiva.com%2Flbd%2Fla-sociedad-italiana-de-ushuaia-presente-en-punta-arenas%2F\">\n<img src=\"http:\/\/labestiadeportiva.com\/lbd\/wp-content\/plugins\/jw-share-this\/email.png\" alt=\"Share this page via Email\" \/>\n<\/a>\n<a target=\"_blank\" href=\"http:\/\/www.stumbleupon.com\/submit?url=http%3A%2F%2Flabestiadeportiva.com%2Flbd%2Fla-sociedad-italiana-de-ushuaia-presente-en-punta-arenas%2F&amp;title=La+Sociedad+Italiana+de+Ushuaia+presente+en+Punta+Arenas\">\n<img src=\"http:\/\/labestiadeportiva.com\/lbd\/wp-content\/plugins\/jw-share-this\/su.png\" alt=\"Share this page via Stumble Upon\" \/>\n<\/a>\n<a target=\"_blank\" href=\"http:\/\/digg.com\/submit?url=http%3A%2F%2Flabestiadeportiva.com%2Flbd%2Fla-sociedad-italiana-de-ushuaia-presente-en-punta-arenas%2F&amp;title=La+Sociedad+Italiana+de+Ushuaia+presente+en+Punta+Arenas\">\n<img src=\"http:\/\/labestiadeportiva.com\/lbd\/wp-content\/plugins\/jw-share-this\/digg.png\" alt=\"Share this page via Digg this\" \/>\n<\/a>\n<a target=\"_blank\" href=\"http:\/\/www.facebook.com\/sharer.php?u=http%3A%2F%2Flabestiadeportiva.com%2Flbd%2Fla-sociedad-italiana-de-ushuaia-presente-en-punta-arenas%2F&amp;t=La+Sociedad+Italiana+de+Ushuaia+presente+en+Punta+Arenas\">\n<img src=\"http:\/\/labestiadeportiva.com\/lbd\/wp-content\/plugins\/jw-share-this\/fb.png\" alt=\"Share this page via Facebook\" \/>\n<\/a>\n<a target=\"_blank\" href=\"http:\/\/twitter.com\/intent\/tweet?text=I+like+http%3A%2F%2Flabestiadeportiva.com%2Flbd%2Fla-sociedad-italiana-de-ushuaia-presente-en-punta-arenas%2F&amp;title=La+Sociedad+Italiana+de+Ushuaia+presente+en+Punta+Arenas\">\n<img src=\"http:\/\/labestiadeportiva.com\/lbd\/wp-content\/plugins\/jw-share-this\/twitter.png\" alt=\"Share this page via Twitter\" \/>\n<\/a>\n<\/div>\n","protected":false},"excerpt":{"rendered":"<p>Los d\u00edas vienes 23 s\u00e1bado 24 y domingo 25 de mayo se llevo a cabo en la localidad patag\u00f3nica del vecino pa\u00eds la 2\u00b0 Fecha del Ranking Chileno y Torneo \u201cTodo Competidor\u201d organizado por el Club de Esgrima Austral. Fueron de la partida deportistas de todo el territorio trasandino. Los ushuaienses de la Sociedad Italiana &hellip; <a href=\"http:\/\/labestiadeportiva.com\/lbd\/la-sociedad-italiana-de-ushuaia-presente-en-punta-arenas\/\" class=\"more-link\">Seguir leyendo <span class=\"screen-reader-text\">La Sociedad Italiana de Ushuaia presente en Punta Arenas<\/span> <span class=\"meta-nav\">&rarr;<\/span><\/a><\/p>\n","protected":false},"author":1,"featured_media":10948,"comment_status":"open","ping_status":"open","sticky":false,"template":"","format":"standard","meta":[],"categories":[5,4,6,1],"tags":[1499,342,94,1281],"_links":{"self":[{"href":"http:\/\/labestiadeportiva.com\/lbd\/wp-json\/wp\/v2\/posts\/10947"}],"collection":[{"href":"http:\/\/labestiadeportiva.com\/lbd\/wp-json\/wp\/v2\/posts"}],"about":[{"href":"http:\/\/labestiadeportiva.com\/lbd\/wp-json\/wp\/v2\/types\/post"}],"author":[{"embeddable":true,"href":"http:\/\/labestiadeportiva.com\/lbd\/wp-json\/wp\/v2\/users\/1"}],"replies":[{"embeddable":true,"href":"http:\/\/labestiadeportiva.com\/lbd\/wp-json\/wp\/v2\/comments?post=10947"}],"version-history":[{"count":1,"href":"http:\/\/labestiadeportiva.com\/lbd\/wp-json\/wp\/v2\/posts\/10947\/revisions"}],"predecessor-version":[{"id":10951,"href":"http:\/\/labestiadeportiva.com\/lbd\/wp-json\/wp\/v2\/posts\/10947\/revisions\/10951"}],"wp:featuredmedia":[{"embeddable":true,"href":"http:\/\/labestiadeportiva.com\/lbd\/wp-json\/wp\/v2\/media\/10948"}],"wp:attachment":[{"href":"http:\/\/labestiadeportiva.com\/lbd\/wp-json\/wp\/v2\/media?parent=10947"}],"wp:term":[{"taxonomy":"category","embeddable":true,"href":"http:\/\/labestiadeportiva.com\/lbd\/wp-json\/wp\/v2\/categories?post=10947"},{"taxonomy":"post_tag","embeddable":true,"href":"http:\/\/labestiadeportiva.com\/lbd\/wp-json\/wp\/v2\/tags?post=10947"}],"curies":[{"name":"wp","href":"https:\/\/api.w.org\/{rel}","templated":true}]}}