{"id":11113,"date":"2014-06-07T13:44:40","date_gmt":"2014-06-07T13:44:40","guid":{"rendered":"http:\/\/labestiadeportiva.com\/lbd\/?p=11113"},"modified":"2014-06-07T13:47:22","modified_gmt":"2014-06-07T13:47:22","slug":"rampa-superada","status":"publish","type":"post","link":"http:\/\/labestiadeportiva.com\/lbd\/rampa-superada\/","title":{"rendered":"Rampa superada"},"content":{"rendered":"<p class=\"MsoNormal\" style=\"margin-bottom: .0001pt;\"><a href=\"http:\/\/labestiadeportiva.com\/lbd\/wp-content\/uploads\/2014\/06\/Bonetto1.jpg\"><img loading=\"lazy\" class=\"alignleft size-medium wp-image-11114\" title=\"Bonetto\" src=\"http:\/\/labestiadeportiva.com\/lbd\/wp-content\/uploads\/2014\/06\/Bonetto1-300x199.jpg\" alt=\"\" width=\"300\" height=\"199\" srcset=\"http:\/\/labestiadeportiva.com\/lbd\/wp-content\/uploads\/2014\/06\/Bonetto1-300x199.jpg 300w, http:\/\/labestiadeportiva.com\/lbd\/wp-content\/uploads\/2014\/06\/Bonetto1.jpg 1024w\" sizes=\"(max-width: 300px) 100vw, 300px\" \/><\/a>El ushuaiense Lucas Bonetto super\u00f3 el primer d\u00eda de actividad en La Cumbre y se dispone a iniciar la competencia que constar\u00e1 de dos etapas. Este s\u00e1bado deber\u00e1 recorrer alrededor de 300 kil\u00f3metros de especial hasta el pr\u00f3ximo bivouac. Fuente y foto Prensa Lucas Bonetto.<\/p>\n<p class=\"MsoNormal\" style=\"margin-bottom: .0001pt;\">Ya arribado en C\u00f3rdoba el piloto sure\u00f1o cumpli\u00f3 con las verificaciones pertinentes, hizo su paso por la rampa protocolar y dej\u00f3 todo preparado para el inicio del Rally de La Cumbre, v\u00e1lido por el Campeonato Argentino de Rally Cross Country.<!--more--><\/p>\n<p class=\"MsoNormal\" style=\"margin-bottom: .0001pt;\"><span style=\"color: #0000ff;\">\u201cTodo estuvo bien hoy. Ma\u00f1ana cerca de las 8:30 horas largamos desde el bivouac y se esperan caminos de monta\u00f1a, con poca navegaci\u00f3n, mucho fr\u00edo y una secci\u00f3n selectiva relativamente r\u00e1pida. Se estima que la primera moto llegar\u00e1 al mediod\u00eda asique los cuatris har\u00e1n lo propio un par de horas m\u00e1s tarde. Vamos a salir a cuidar y a divertirnos\u201d<\/span>, enfatiz\u00f3 Bonetto abriendo el contacto.<\/p>\n<p class=\"MsoNormal\" style=\"margin-bottom: .0001pt;\">A lo que agreg\u00f3: <span style=\"color: #0000ff;\">\u201cLos pilotos inscriptos vienen andando muy fuerte, algo que qued\u00f3 demostrado en el DR40. Todos est\u00e1n para pelear la punta, con buen ritmo y muy motivados, los favoritos son los mismos de siempre, pero se van sumando nuevos pilotos que van mejorando y hasta puede haber sorpresas, uno nunca sabe. Hoy por hoy, tras el abandono en DR40 quedamos muy relegados en el campeonato, al ser pocas fechas y de puntaje simple las que quedan, las chances son muy bajas, por lo que nos estamos concentrando en tener buenos resultados pero testeando a partir de la pr\u00f3xima fecha el cuatri nuevo\u201d<\/span>.<\/p>\n<p class=\"MsoNormal\" style=\"margin-bottom: .0001pt;\">Este s\u00e1bado 7\/6 a partir de las 8.30 horas dar\u00e1 inicio la primera etapa, un especial de 300 kil\u00f3metros que tendr\u00e1n comienzo y final en La Cumbre. Como es habitual, cada vez que la categor\u00eda visita esta regi\u00f3n, se trata de un parcial con caminos de monta\u00f1a tipo rally ideal para los amantes de la velocidad.<\/p>\n<p class=\"MsoNormal\" style=\"margin-bottom: .0001pt;\">Lucas Bonetto y equipo agradecen a sus sponsors: YPF Elaion Moto, Minibuses Volare, Mercedes Benz Tierra del Fuego, LS2 Helmets, Turismo Ushuaia y Maxxis. Asimismo, a toda la gente de Tierra del Fuego, familia y amigos.<\/p>\n<div class='epvc-post-count'><span class='epvc-eye'><\/span>  <span class=\"epvc-count\"> 1.144<\/span><span class='epvc-label'> veces le\u00edda<\/span><\/div>\n<div class=\"jwsharethis\">\nShare this: \n<br \/>\n<a href=\"mailto:?subject=Rampa%20superada&amp;body=http%3A%2F%2Flabestiadeportiva.com%2Flbd%2Frampa-superada%2F\">\n<img src=\"http:\/\/labestiadeportiva.com\/lbd\/wp-content\/plugins\/jw-share-this\/email.png\" alt=\"Share this page via Email\" \/>\n<\/a>\n<a target=\"_blank\" href=\"http:\/\/www.stumbleupon.com\/submit?url=http%3A%2F%2Flabestiadeportiva.com%2Flbd%2Frampa-superada%2F&amp;title=Rampa+superada\">\n<img src=\"http:\/\/labestiadeportiva.com\/lbd\/wp-content\/plugins\/jw-share-this\/su.png\" alt=\"Share this page via Stumble Upon\" \/>\n<\/a>\n<a target=\"_blank\" href=\"http:\/\/digg.com\/submit?url=http%3A%2F%2Flabestiadeportiva.com%2Flbd%2Frampa-superada%2F&amp;title=Rampa+superada\">\n<img src=\"http:\/\/labestiadeportiva.com\/lbd\/wp-content\/plugins\/jw-share-this\/digg.png\" alt=\"Share this page via Digg this\" \/>\n<\/a>\n<a target=\"_blank\" href=\"http:\/\/www.facebook.com\/sharer.php?u=http%3A%2F%2Flabestiadeportiva.com%2Flbd%2Frampa-superada%2F&amp;t=Rampa+superada\">\n<img src=\"http:\/\/labestiadeportiva.com\/lbd\/wp-content\/plugins\/jw-share-this\/fb.png\" alt=\"Share this page via Facebook\" \/>\n<\/a>\n<a target=\"_blank\" href=\"http:\/\/twitter.com\/intent\/tweet?text=I+like+http%3A%2F%2Flabestiadeportiva.com%2Flbd%2Frampa-superada%2F&amp;title=Rampa+superada\">\n<img src=\"http:\/\/labestiadeportiva.com\/lbd\/wp-content\/plugins\/jw-share-this\/twitter.png\" alt=\"Share this page via Twitter\" \/>\n<\/a>\n<\/div>\n","protected":false},"excerpt":{"rendered":"<p>El ushuaiense Lucas Bonetto super\u00f3 el primer d\u00eda de actividad en La Cumbre y se dispone a iniciar la competencia que constar\u00e1 de dos etapas. Este s\u00e1bado deber\u00e1 recorrer alrededor de 300 kil\u00f3metros de especial hasta el pr\u00f3ximo bivouac. Fuente y foto Prensa Lucas Bonetto. Ya arribado en C\u00f3rdoba el piloto sure\u00f1o cumpli\u00f3 con las &hellip; <a href=\"http:\/\/labestiadeportiva.com\/lbd\/rampa-superada\/\" class=\"more-link\">Seguir leyendo <span class=\"screen-reader-text\">Rampa superada<\/span> <span class=\"meta-nav\">&rarr;<\/span><\/a><\/p>\n","protected":false},"author":1,"featured_media":11114,"comment_status":"open","ping_status":"open","sticky":false,"template":"","format":"standard","meta":[],"categories":[5,6,1],"tags":[1072,353,71],"_links":{"self":[{"href":"http:\/\/labestiadeportiva.com\/lbd\/wp-json\/wp\/v2\/posts\/11113"}],"collection":[{"href":"http:\/\/labestiadeportiva.com\/lbd\/wp-json\/wp\/v2\/posts"}],"about":[{"href":"http:\/\/labestiadeportiva.com\/lbd\/wp-json\/wp\/v2\/types\/post"}],"author":[{"embeddable":true,"href":"http:\/\/labestiadeportiva.com\/lbd\/wp-json\/wp\/v2\/users\/1"}],"replies":[{"embeddable":true,"href":"http:\/\/labestiadeportiva.com\/lbd\/wp-json\/wp\/v2\/comments?post=11113"}],"version-history":[{"count":3,"href":"http:\/\/labestiadeportiva.com\/lbd\/wp-json\/wp\/v2\/posts\/11113\/revisions"}],"predecessor-version":[{"id":11117,"href":"http:\/\/labestiadeportiva.com\/lbd\/wp-json\/wp\/v2\/posts\/11113\/revisions\/11117"}],"wp:featuredmedia":[{"embeddable":true,"href":"http:\/\/labestiadeportiva.com\/lbd\/wp-json\/wp\/v2\/media\/11114"}],"wp:attachment":[{"href":"http:\/\/labestiadeportiva.com\/lbd\/wp-json\/wp\/v2\/media?parent=11113"}],"wp:term":[{"taxonomy":"category","embeddable":true,"href":"http:\/\/labestiadeportiva.com\/lbd\/wp-json\/wp\/v2\/categories?post=11113"},{"taxonomy":"post_tag","embeddable":true,"href":"http:\/\/labestiadeportiva.com\/lbd\/wp-json\/wp\/v2\/tags?post=11113"}],"curies":[{"name":"wp","href":"https:\/\/api.w.org\/{rel}","templated":true}]}}