{"id":11177,"date":"2014-06-10T16:10:18","date_gmt":"2014-06-10T16:10:18","guid":{"rendered":"http:\/\/labestiadeportiva.com\/lbd\/?p=11177"},"modified":"2014-06-10T16:12:19","modified_gmt":"2014-06-10T16:12:19","slug":"volvio-al-triunfo-en-cordoba-y-charlo-con-lbd-audio","status":"publish","type":"post","link":"http:\/\/labestiadeportiva.com\/lbd\/volvio-al-triunfo-en-cordoba-y-charlo-con-lbd-audio\/","title":{"rendered":"Volvi\u00f3 al triunfo en C\u00f3rdoba y charl\u00f3 con LBD (Audio)"},"content":{"rendered":"<p><a href=\"http:\/\/labestiadeportiva.com\/lbd\/wp-content\/uploads\/2014\/06\/Bonetto-11.jpg\"><img loading=\"lazy\" class=\"alignleft size-full wp-image-11178\" title=\"Bonetto-1\" src=\"http:\/\/labestiadeportiva.com\/lbd\/wp-content\/uploads\/2014\/06\/Bonetto-11.jpg\" alt=\"\" width=\"173\" height=\"250\" \/><\/a>El piloto ushuaiense de cuatriciclos <span style=\"color: #ff0000;\">Lucas Bonetto<\/span> logr\u00f3 la victoria el pasado fin de semana en el Rally de La Cumbre en el marco del Campeonato Argentino de Rally Cross Country. El joven deportista hace un balance de la prueba y tambi\u00e9n nos cuenta c\u00f3mo ser\u00e1 su segundo semestre del a\u00f1o de cara a la edici\u00f3n 2015 del Dakar. Compartimos la nota lograda este lunes en FM del Sur 94.1<!--more--><\/p>\n<p><iframe loading=\"lazy\" src=\"\/\/www.youtube.com\/embed\/EEYjph8yqDw\" frameborder=\"0\" width=\"560\" height=\"315\"><\/iframe><\/p>\n<div class='epvc-post-count'><span class='epvc-eye'><\/span>  <span class=\"epvc-count\"> 1.042<\/span><span class='epvc-label'> veces le\u00edda<\/span><\/div>\n<div class=\"jwsharethis\">\nShare this: \n<br \/>\n<a href=\"mailto:?subject=Volvi%C3%B3%20al%20triunfo%20en%20C%C3%B3rdoba%20y%20charl%C3%B3%20con%20LBD%20%28Audio%29&amp;body=http%3A%2F%2Flabestiadeportiva.com%2Flbd%2Fvolvio-al-triunfo-en-cordoba-y-charlo-con-lbd-audio%2F\">\n<img src=\"http:\/\/labestiadeportiva.com\/lbd\/wp-content\/plugins\/jw-share-this\/email.png\" alt=\"Share this page via Email\" \/>\n<\/a>\n<a target=\"_blank\" href=\"http:\/\/www.stumbleupon.com\/submit?url=http%3A%2F%2Flabestiadeportiva.com%2Flbd%2Fvolvio-al-triunfo-en-cordoba-y-charlo-con-lbd-audio%2F&amp;title=Volvi%C3%B3+al+triunfo+en+C%C3%B3rdoba+y+charl%C3%B3+con+LBD+%28Audio%29\">\n<img src=\"http:\/\/labestiadeportiva.com\/lbd\/wp-content\/plugins\/jw-share-this\/su.png\" alt=\"Share this page via Stumble Upon\" \/>\n<\/a>\n<a target=\"_blank\" href=\"http:\/\/digg.com\/submit?url=http%3A%2F%2Flabestiadeportiva.com%2Flbd%2Fvolvio-al-triunfo-en-cordoba-y-charlo-con-lbd-audio%2F&amp;title=Volvi%C3%B3+al+triunfo+en+C%C3%B3rdoba+y+charl%C3%B3+con+LBD+%28Audio%29\">\n<img src=\"http:\/\/labestiadeportiva.com\/lbd\/wp-content\/plugins\/jw-share-this\/digg.png\" alt=\"Share this page via Digg this\" \/>\n<\/a>\n<a target=\"_blank\" href=\"http:\/\/www.facebook.com\/sharer.php?u=http%3A%2F%2Flabestiadeportiva.com%2Flbd%2Fvolvio-al-triunfo-en-cordoba-y-charlo-con-lbd-audio%2F&amp;t=Volvi%C3%B3+al+triunfo+en+C%C3%B3rdoba+y+charl%C3%B3+con+LBD+%28Audio%29\">\n<img src=\"http:\/\/labestiadeportiva.com\/lbd\/wp-content\/plugins\/jw-share-this\/fb.png\" alt=\"Share this page via Facebook\" \/>\n<\/a>\n<a target=\"_blank\" href=\"http:\/\/twitter.com\/intent\/tweet?text=I+like+http%3A%2F%2Flabestiadeportiva.com%2Flbd%2Fvolvio-al-triunfo-en-cordoba-y-charlo-con-lbd-audio%2F&amp;title=Volvi%C3%B3+al+triunfo+en+C%C3%B3rdoba+y+charl%C3%B3+con+LBD+%28Audio%29\">\n<img src=\"http:\/\/labestiadeportiva.com\/lbd\/wp-content\/plugins\/jw-share-this\/twitter.png\" alt=\"Share this page via Twitter\" \/>\n<\/a>\n<\/div>\n","protected":false},"excerpt":{"rendered":"<p>El piloto ushuaiense de cuatriciclos Lucas Bonetto logr\u00f3 la victoria el pasado fin de semana en el Rally de La Cumbre en el marco del Campeonato Argentino de Rally Cross Country. El joven deportista hace un balance de la prueba y tambi\u00e9n nos cuenta c\u00f3mo ser\u00e1 su segundo semestre del a\u00f1o de cara a la &hellip; <a href=\"http:\/\/labestiadeportiva.com\/lbd\/volvio-al-triunfo-en-cordoba-y-charlo-con-lbd-audio\/\" class=\"more-link\">Seguir leyendo <span class=\"screen-reader-text\">Volvi\u00f3 al triunfo en C\u00f3rdoba y charl\u00f3 con LBD (Audio)<\/span> <span class=\"meta-nav\">&rarr;<\/span><\/a><\/p>\n","protected":false},"author":1,"featured_media":11178,"comment_status":"open","ping_status":"open","sticky":false,"template":"","format":"standard","meta":[],"categories":[5,6,60,1],"tags":[1072,353,71],"_links":{"self":[{"href":"http:\/\/labestiadeportiva.com\/lbd\/wp-json\/wp\/v2\/posts\/11177"}],"collection":[{"href":"http:\/\/labestiadeportiva.com\/lbd\/wp-json\/wp\/v2\/posts"}],"about":[{"href":"http:\/\/labestiadeportiva.com\/lbd\/wp-json\/wp\/v2\/types\/post"}],"author":[{"embeddable":true,"href":"http:\/\/labestiadeportiva.com\/lbd\/wp-json\/wp\/v2\/users\/1"}],"replies":[{"embeddable":true,"href":"http:\/\/labestiadeportiva.com\/lbd\/wp-json\/wp\/v2\/comments?post=11177"}],"version-history":[{"count":2,"href":"http:\/\/labestiadeportiva.com\/lbd\/wp-json\/wp\/v2\/posts\/11177\/revisions"}],"predecessor-version":[{"id":11180,"href":"http:\/\/labestiadeportiva.com\/lbd\/wp-json\/wp\/v2\/posts\/11177\/revisions\/11180"}],"wp:featuredmedia":[{"embeddable":true,"href":"http:\/\/labestiadeportiva.com\/lbd\/wp-json\/wp\/v2\/media\/11178"}],"wp:attachment":[{"href":"http:\/\/labestiadeportiva.com\/lbd\/wp-json\/wp\/v2\/media?parent=11177"}],"wp:term":[{"taxonomy":"category","embeddable":true,"href":"http:\/\/labestiadeportiva.com\/lbd\/wp-json\/wp\/v2\/categories?post=11177"},{"taxonomy":"post_tag","embeddable":true,"href":"http:\/\/labestiadeportiva.com\/lbd\/wp-json\/wp\/v2\/tags?post=11177"}],"curies":[{"name":"wp","href":"https:\/\/api.w.org\/{rel}","templated":true}]}}