{"id":11188,"date":"2014-06-10T20:38:22","date_gmt":"2014-06-10T20:38:22","guid":{"rendered":"http:\/\/labestiadeportiva.com\/lbd\/?p=11188"},"modified":"2014-06-10T20:39:24","modified_gmt":"2014-06-10T20:39:24","slug":"las-chicas-luchan-en-gualeguaychu-audio","status":"publish","type":"post","link":"http:\/\/labestiadeportiva.com\/lbd\/las-chicas-luchan-en-gualeguaychu-audio\/","title":{"rendered":"Las \u201cChicas\u201d luchan en Gualeguaych\u00fa (Audio)"},"content":{"rendered":"<p><a href=\"http:\/\/labestiadeportiva.com\/lbd\/wp-content\/uploads\/2014\/06\/10422963_241531169378550_903172149586463693_n.jpg\"><img loading=\"lazy\" class=\"alignleft size-medium wp-image-11189\" title=\"10422963_241531169378550_903172149586463693_n\" src=\"http:\/\/labestiadeportiva.com\/lbd\/wp-content\/uploads\/2014\/06\/10422963_241531169378550_903172149586463693_n-300x168.jpg\" alt=\"\" width=\"300\" height=\"168\" srcset=\"http:\/\/labestiadeportiva.com\/lbd\/wp-content\/uploads\/2014\/06\/10422963_241531169378550_903172149586463693_n-300x168.jpg 300w, http:\/\/labestiadeportiva.com\/lbd\/wp-content\/uploads\/2014\/06\/10422963_241531169378550_903172149586463693_n.jpg 462w\" sizes=\"(max-width: 300px) 100vw, 300px\" \/><\/a>El equipo de Escuela Municipal se encuentra formando parte de la cita nacional en la provincia de Entre R\u00edos. Hasta el momento disput\u00f3 tres encuentros con dos derrotas ante chaque\u00f1as y mendocinas mientras que la \u00fanica victoria lleg\u00f3 frente al local Deportivo M\u00e1quina. Las ushuaienses vuelven a jugar por la tarde, desde las 20.30, deber\u00e1n ganar y esperar para saber si ingresan entre las 8 mejores. Desde LBD nos comunicamos telef\u00f3nicamente con Anah\u00ed Vigil, referente del plantel, compartimos la entrevista lograda este martes en FM del Sur 94.1.<\/p>\n<p><iframe loading=\"lazy\" src=\"\/\/www.youtube.com\/embed\/2tQSDwh14SA\" frameborder=\"0\" width=\"560\" height=\"315\"><\/iframe><\/p>\n<div class='epvc-post-count'><span class='epvc-eye'><\/span>  <span class=\"epvc-count\"> 1.045<\/span><span class='epvc-label'> veces le\u00edda<\/span><\/div>\n<div class=\"jwsharethis\">\nShare this: \n<br \/>\n<a href=\"mailto:?subject=Las%20%E2%80%9CChicas%E2%80%9D%20luchan%20en%20Gualeguaych%C3%BA%20%28Audio%29&amp;body=http%3A%2F%2Flabestiadeportiva.com%2Flbd%2Flas-chicas-luchan-en-gualeguaychu-audio%2F\">\n<img src=\"http:\/\/labestiadeportiva.com\/lbd\/wp-content\/plugins\/jw-share-this\/email.png\" alt=\"Share this page via Email\" \/>\n<\/a>\n<a target=\"_blank\" href=\"http:\/\/www.stumbleupon.com\/submit?url=http%3A%2F%2Flabestiadeportiva.com%2Flbd%2Flas-chicas-luchan-en-gualeguaychu-audio%2F&amp;title=Las+%E2%80%9CChicas%E2%80%9D+luchan+en+Gualeguaych%C3%BA+%28Audio%29\">\n<img src=\"http:\/\/labestiadeportiva.com\/lbd\/wp-content\/plugins\/jw-share-this\/su.png\" alt=\"Share this page via Stumble Upon\" \/>\n<\/a>\n<a target=\"_blank\" href=\"http:\/\/digg.com\/submit?url=http%3A%2F%2Flabestiadeportiva.com%2Flbd%2Flas-chicas-luchan-en-gualeguaychu-audio%2F&amp;title=Las+%E2%80%9CChicas%E2%80%9D+luchan+en+Gualeguaych%C3%BA+%28Audio%29\">\n<img src=\"http:\/\/labestiadeportiva.com\/lbd\/wp-content\/plugins\/jw-share-this\/digg.png\" alt=\"Share this page via Digg this\" \/>\n<\/a>\n<a target=\"_blank\" href=\"http:\/\/www.facebook.com\/sharer.php?u=http%3A%2F%2Flabestiadeportiva.com%2Flbd%2Flas-chicas-luchan-en-gualeguaychu-audio%2F&amp;t=Las+%E2%80%9CChicas%E2%80%9D+luchan+en+Gualeguaych%C3%BA+%28Audio%29\">\n<img src=\"http:\/\/labestiadeportiva.com\/lbd\/wp-content\/plugins\/jw-share-this\/fb.png\" alt=\"Share this page via Facebook\" \/>\n<\/a>\n<a target=\"_blank\" href=\"http:\/\/twitter.com\/intent\/tweet?text=I+like+http%3A%2F%2Flabestiadeportiva.com%2Flbd%2Flas-chicas-luchan-en-gualeguaychu-audio%2F&amp;title=Las+%E2%80%9CChicas%E2%80%9D+luchan+en+Gualeguaych%C3%BA+%28Audio%29\">\n<img src=\"http:\/\/labestiadeportiva.com\/lbd\/wp-content\/plugins\/jw-share-this\/twitter.png\" alt=\"Share this page via Twitter\" \/>\n<\/a>\n<\/div>\n","protected":false},"excerpt":{"rendered":"<p>El equipo de Escuela Municipal se encuentra formando parte de la cita nacional en la provincia de Entre R\u00edos. Hasta el momento disput\u00f3 tres encuentros con dos derrotas ante chaque\u00f1as y mendocinas mientras que la \u00fanica victoria lleg\u00f3 frente al local Deportivo M\u00e1quina. Las ushuaienses vuelven a jugar por la tarde, desde las 20.30, deber\u00e1n &hellip; <a href=\"http:\/\/labestiadeportiva.com\/lbd\/las-chicas-luchan-en-gualeguaychu-audio\/\" class=\"more-link\">Seguir leyendo <span class=\"screen-reader-text\">Las \u201cChicas\u201d luchan en Gualeguaych\u00fa (Audio)<\/span> <span class=\"meta-nav\">&rarr;<\/span><\/a><\/p>\n","protected":false},"author":1,"featured_media":11189,"comment_status":"open","ping_status":"open","sticky":false,"template":"","format":"standard","meta":[],"categories":[60,31],"tags":[1530,1529,1528,1531],"_links":{"self":[{"href":"http:\/\/labestiadeportiva.com\/lbd\/wp-json\/wp\/v2\/posts\/11188"}],"collection":[{"href":"http:\/\/labestiadeportiva.com\/lbd\/wp-json\/wp\/v2\/posts"}],"about":[{"href":"http:\/\/labestiadeportiva.com\/lbd\/wp-json\/wp\/v2\/types\/post"}],"author":[{"embeddable":true,"href":"http:\/\/labestiadeportiva.com\/lbd\/wp-json\/wp\/v2\/users\/1"}],"replies":[{"embeddable":true,"href":"http:\/\/labestiadeportiva.com\/lbd\/wp-json\/wp\/v2\/comments?post=11188"}],"version-history":[{"count":2,"href":"http:\/\/labestiadeportiva.com\/lbd\/wp-json\/wp\/v2\/posts\/11188\/revisions"}],"predecessor-version":[{"id":11191,"href":"http:\/\/labestiadeportiva.com\/lbd\/wp-json\/wp\/v2\/posts\/11188\/revisions\/11191"}],"wp:featuredmedia":[{"embeddable":true,"href":"http:\/\/labestiadeportiva.com\/lbd\/wp-json\/wp\/v2\/media\/11189"}],"wp:attachment":[{"href":"http:\/\/labestiadeportiva.com\/lbd\/wp-json\/wp\/v2\/media?parent=11188"}],"wp:term":[{"taxonomy":"category","embeddable":true,"href":"http:\/\/labestiadeportiva.com\/lbd\/wp-json\/wp\/v2\/categories?post=11188"},{"taxonomy":"post_tag","embeddable":true,"href":"http:\/\/labestiadeportiva.com\/lbd\/wp-json\/wp\/v2\/tags?post=11188"}],"curies":[{"name":"wp","href":"https:\/\/api.w.org\/{rel}","templated":true}]}}