{"id":12028,"date":"2014-08-05T04:21:40","date_gmt":"2014-08-05T04:21:40","guid":{"rendered":"http:\/\/labestiadeportiva.com\/lbd\/?p=12028"},"modified":"2014-08-05T04:21:40","modified_gmt":"2014-08-05T04:21:40","slug":"proxima-parada-las-ardenas","status":"publish","type":"post","link":"http:\/\/labestiadeportiva.com\/lbd\/proxima-parada-las-ardenas\/","title":{"rendered":"Pr\u00f3xima parada Las Ardenas"},"content":{"rendered":"<p>Por Daniel Campos (Corresponsal LBD en Palma de Mallorca, Espa\u00f1a)<\/p>\n<p><a href=\"http:\/\/labestiadeportiva.com\/lbd\/wp-content\/uploads\/2014\/08\/images.jpg\"><img loading=\"lazy\" class=\"alignleft size-full wp-image-12029\" title=\"images\" src=\"http:\/\/labestiadeportiva.com\/lbd\/wp-content\/uploads\/2014\/08\/images.jpg\" alt=\"\" width=\"279\" height=\"181\" \/><\/a>La F\u00f3rmula 1 se tom\u00f3 vacaciones tras el Gran Premio de Hungr\u00eda y retomar\u00e1 la actividad el pr\u00f3ximo d\u00eda 24 de agosto en tierras belgas. En un hist\u00f3rico de la m\u00e1xima categor\u00eda, como es el trazado de Spa-Francorchamps, sede del Gran Premio de B\u00e9lgica. La foto es gentileza de www.formulaf1.es<\/p>\n<p>Emplazado en pleno bosque de las Ardenas, este circuito combina largas rectas y curvas r\u00e1pidas en sus siete kil\u00f3metros de extensi\u00f3n, donde los monoplazas alcanzan una velocidad m\u00e1xima de 330 kil\u00f3metros por hora.<!--more--><\/p>\n<p>Para destacar la zona de la famosa de la curva Eau Rouge, tras la largada y dejar atr\u00e1s la primera variante de La Source,\u00a0\u00a0 los autos suben por la recta opuesta hasta Raidillon, contin\u00faan por Malmedy a gran velocidad y frenar en Les Combes.<\/p>\n<p>El a\u00f1o pasado la pole position y la victoria correspondi\u00f3 al brit\u00e1nico Lewis Hamilton con Mercedes Benz, quiz\u00e1s quiera repetir el compa\u00f1ero de equipo de Nico Rosberg , el actual l\u00edder del torneo, entonces tendremos un reinicio de campeonato muy animado.<\/p>\n<p>Mientras esperamos la vuelta del espect\u00e1culo de la F\u00f3rmula Uno, repasemos lo que nos dej\u00f3 en n\u00fameros la \u00faltima competencia en el trazado de Hungaroring.<\/p>\n<p><span style=\"color: #0000ff;\">Gran Premio de Hungr\u00eda<\/span><br \/>\nAs\u00ed llegaron:<br \/>\n<span style=\"color: #ff0000;\">1\u00ba D. Ricciardo-Red Bull-Renault en 1:53:58.058<\/span><br \/>\n2\u00ba F. Alonso-Ferrari en 1:53:10.283<br \/>\n3\u00ba L. Hamilton-Mercedes Benz en 1:53:10.915<\/p>\n<p>As\u00ed va el Mundial de Pilotos.<br \/>\n<span style=\"color: #ff0000;\">1\u00ba N. Rosberg (ALE) 202 pts.<\/span><br \/>\n2\u00ba L. Hamilton (GB) 191 pts.<br \/>\n3\u00ba D. Ricciardo (AUS)131 pts.<\/p>\n<p>As\u00ed va el Mundial de Constructores.<br \/>\n<span style=\"color: #ff0000;\">1\u00ba Mercedes Benz 393 pts.<\/span><br \/>\n2\u00ba Red Bull-Renault 219 pts.<br \/>\n3\u00ba Ferrari 142 pts.<\/p>\n<p>La pr\u00f3xima competencia: el Gran Premio de B\u00e9lgica, el 24 de agosto.<\/p>\n<div class='epvc-post-count'><span class='epvc-eye'><\/span>  <span class=\"epvc-count\"> 1.013<\/span><span class='epvc-label'> veces le\u00edda<\/span><\/div>\n<div class=\"jwsharethis\">\nShare this: \n<br \/>\n<a href=\"mailto:?subject=Pr%C3%B3xima%20parada%20Las%20Ardenas&amp;body=http%3A%2F%2Flabestiadeportiva.com%2Flbd%2Fproxima-parada-las-ardenas%2F\">\n<img src=\"http:\/\/labestiadeportiva.com\/lbd\/wp-content\/plugins\/jw-share-this\/email.png\" alt=\"Share this page via Email\" \/>\n<\/a>\n<a target=\"_blank\" href=\"http:\/\/www.stumbleupon.com\/submit?url=http%3A%2F%2Flabestiadeportiva.com%2Flbd%2Fproxima-parada-las-ardenas%2F&amp;title=Pr%C3%B3xima+parada+Las+Ardenas\">\n<img src=\"http:\/\/labestiadeportiva.com\/lbd\/wp-content\/plugins\/jw-share-this\/su.png\" alt=\"Share this page via Stumble Upon\" \/>\n<\/a>\n<a target=\"_blank\" href=\"http:\/\/digg.com\/submit?url=http%3A%2F%2Flabestiadeportiva.com%2Flbd%2Fproxima-parada-las-ardenas%2F&amp;title=Pr%C3%B3xima+parada+Las+Ardenas\">\n<img src=\"http:\/\/labestiadeportiva.com\/lbd\/wp-content\/plugins\/jw-share-this\/digg.png\" alt=\"Share this page via Digg this\" \/>\n<\/a>\n<a target=\"_blank\" href=\"http:\/\/www.facebook.com\/sharer.php?u=http%3A%2F%2Flabestiadeportiva.com%2Flbd%2Fproxima-parada-las-ardenas%2F&amp;t=Pr%C3%B3xima+parada+Las+Ardenas\">\n<img src=\"http:\/\/labestiadeportiva.com\/lbd\/wp-content\/plugins\/jw-share-this\/fb.png\" alt=\"Share this page via Facebook\" \/>\n<\/a>\n<a target=\"_blank\" href=\"http:\/\/twitter.com\/intent\/tweet?text=I+like+http%3A%2F%2Flabestiadeportiva.com%2Flbd%2Fproxima-parada-las-ardenas%2F&amp;title=Pr%C3%B3xima+parada+Las+Ardenas\">\n<img src=\"http:\/\/labestiadeportiva.com\/lbd\/wp-content\/plugins\/jw-share-this\/twitter.png\" alt=\"Share this page via Twitter\" \/>\n<\/a>\n<\/div>\n","protected":false},"excerpt":{"rendered":"<p>Por Daniel Campos (Corresponsal LBD en Palma de Mallorca, Espa\u00f1a) La F\u00f3rmula 1 se tom\u00f3 vacaciones tras el Gran Premio de Hungr\u00eda y retomar\u00e1 la actividad el pr\u00f3ximo d\u00eda 24 de agosto en tierras belgas. En un hist\u00f3rico de la m\u00e1xima categor\u00eda, como es el trazado de Spa-Francorchamps, sede del Gran Premio de B\u00e9lgica. La &hellip; <a href=\"http:\/\/labestiadeportiva.com\/lbd\/proxima-parada-las-ardenas\/\" class=\"more-link\">Seguir leyendo <span class=\"screen-reader-text\">Pr\u00f3xima parada Las Ardenas<\/span> <span class=\"meta-nav\">&rarr;<\/span><\/a><\/p>\n","protected":false},"author":1,"featured_media":12029,"comment_status":"open","ping_status":"open","sticky":false,"template":"","format":"standard","meta":[],"categories":[4,1],"tags":[86,4829,1318],"_links":{"self":[{"href":"http:\/\/labestiadeportiva.com\/lbd\/wp-json\/wp\/v2\/posts\/12028"}],"collection":[{"href":"http:\/\/labestiadeportiva.com\/lbd\/wp-json\/wp\/v2\/posts"}],"about":[{"href":"http:\/\/labestiadeportiva.com\/lbd\/wp-json\/wp\/v2\/types\/post"}],"author":[{"embeddable":true,"href":"http:\/\/labestiadeportiva.com\/lbd\/wp-json\/wp\/v2\/users\/1"}],"replies":[{"embeddable":true,"href":"http:\/\/labestiadeportiva.com\/lbd\/wp-json\/wp\/v2\/comments?post=12028"}],"version-history":[{"count":2,"href":"http:\/\/labestiadeportiva.com\/lbd\/wp-json\/wp\/v2\/posts\/12028\/revisions"}],"predecessor-version":[{"id":12031,"href":"http:\/\/labestiadeportiva.com\/lbd\/wp-json\/wp\/v2\/posts\/12028\/revisions\/12031"}],"wp:featuredmedia":[{"embeddable":true,"href":"http:\/\/labestiadeportiva.com\/lbd\/wp-json\/wp\/v2\/media\/12029"}],"wp:attachment":[{"href":"http:\/\/labestiadeportiva.com\/lbd\/wp-json\/wp\/v2\/media?parent=12028"}],"wp:term":[{"taxonomy":"category","embeddable":true,"href":"http:\/\/labestiadeportiva.com\/lbd\/wp-json\/wp\/v2\/categories?post=12028"},{"taxonomy":"post_tag","embeddable":true,"href":"http:\/\/labestiadeportiva.com\/lbd\/wp-json\/wp\/v2\/tags?post=12028"}],"curies":[{"name":"wp","href":"https:\/\/api.w.org\/{rel}","templated":true}]}}