{"id":12321,"date":"2014-08-21T20:41:31","date_gmt":"2014-08-21T20:41:31","guid":{"rendered":"http:\/\/labestiadeportiva.com\/lbd\/?p=12321"},"modified":"2014-08-21T20:42:06","modified_gmt":"2014-08-21T20:42:06","slug":"paso-la-41o-edicion","status":"publish","type":"post","link":"http:\/\/labestiadeportiva.com\/lbd\/paso-la-41o-edicion\/","title":{"rendered":"Pas\u00f3 la 41\u00ba edici\u00f3n"},"content":{"rendered":"<p><span style=\"font-size: 13px;\">Por\u00a0<\/span><a style=\"font-size: 13px;\" href=\"www.mzldeportes.com\">MZL Deportes<\/a><span style=\"font-size: 13px;\"> (Corresponsal LBD en Buenos Aires)<\/span><\/p>\n<p><a href=\"http:\/\/labestiadeportiva.com\/lbd\/wp-content\/uploads\/2014\/08\/Vuelco-Yerobi.jpg\"><img loading=\"lazy\" class=\"wp-image-12332 alignleft\" title=\"Vuelco Yerobi\" src=\"http:\/\/labestiadeportiva.com\/lbd\/wp-content\/uploads\/2014\/08\/Vuelco-Yerobi.jpg\" alt=\"\" width=\"461\" height=\"259\" srcset=\"http:\/\/labestiadeportiva.com\/lbd\/wp-content\/uploads\/2014\/08\/Vuelco-Yerobi.jpg 960w, http:\/\/labestiadeportiva.com\/lbd\/wp-content\/uploads\/2014\/08\/Vuelco-Yerobi-300x168.jpg 300w\" sizes=\"(max-width: 461px) 100vw, 461px\" \/><\/a><\/p>\n<p>El pasado fin de semana se estuvo disputando entre Porvenir y Rio Grande la 41\u00ba edici\u00f3n del Gran Premio de la Hermandad con m\u00e1s de 800 kil\u00f3metros de recorrido. La noticia m\u00e1s importante fue la conquista de la Copa Challenger en la Categor\u00eda B por parte de Gonzalo Marchisio en base a un rendimiento de menor a mayor y con enorme solidez al comando del Suzuki Swift. Si bien no hab\u00eda comenzado firme en el Clasificatorio fue mejorando su performance para quedarse con la general por casi 20 minutos de ventaja sobre su escolta. <!--moreLeer nota completa --><\/p>\n<p>Por otra parte, en la divisional menor, el triunfo qued\u00f3 para &#8216;Manolito&#8217; Gonz\u00e1lez que se adjudic\u00f3 su segunda victoria consecutiva y el a\u00f1o que viene pondr\u00e1 en disputa una nueva Copa Challenger en su categor\u00eda. Con el Daewoo Tico sum\u00f3 su segundo laurel en fila y se encamina a meterse en el selecto grupo de ganadores del ansiado trofeo de manera definitiva.<\/p>\n<p>Chile festej\u00f3 de la mano de Hern\u00e1n Zanetti -1ra victoria- en la C mientras que \u2018Jano\u2019 S\u00e1nchez se adjudic\u00f3 la reciente incorporada categor\u00eda E. Sin embargo, el trago amargo para el pa\u00eds trasandino estuvo con Sandro Vojnovic, que se encaminaba a ganar la General pero la rotura del motor del Civic lo priv\u00f3 de quedarse con su triunfo bautismal en la m\u00edtica competencia.<\/p>\n<p>Esta situaci\u00f3n fue aprovechada por Angel Benitez que se tom\u00f3 revancha del a\u00f1o pasado cuando abandon\u00f3 y obtuvo su tercer triunfo -dos en la E y el primero en la G- adem\u00e1s de quedarse con la General.<\/p>\n<figure id=\"attachment_12333\" aria-describedby=\"caption-attachment-12333\" style=\"width: 432px\" class=\"wp-caption aligncenter\"><a href=\"http:\/\/labestiadeportiva.com\/lbd\/wp-content\/uploads\/2014\/08\/Benitez.jpg\"><img loading=\"lazy\" class=\" wp-image-12333  \" title=\"Benitez\" src=\"http:\/\/labestiadeportiva.com\/lbd\/wp-content\/uploads\/2014\/08\/Benitez.jpg\" alt=\"\" width=\"432\" height=\"280\" srcset=\"http:\/\/labestiadeportiva.com\/lbd\/wp-content\/uploads\/2014\/08\/Benitez.jpg 900w, http:\/\/labestiadeportiva.com\/lbd\/wp-content\/uploads\/2014\/08\/Benitez-300x194.jpg 300w\" sizes=\"(max-width: 432px) 100vw, 432px\" \/><\/a><figcaption id=\"caption-attachment-12333\" class=\"wp-caption-text\">Foto: MZL Deportes.com<\/figcaption><\/figure>\n<p>Para R\u00edo Grande hubo m\u00e1s alegr\u00edas gracias a Dante Stork que pudo prevalecer en la lucha con la revelaci\u00f3n Mart\u00edn Willer y de Agust\u00edn &#8216;Titin&#8217; Vidal, que aprovech\u00f3 los problemas del binomio ushuaiense Praussello\/Wilder (el mejor de los capitalinos) para meter al VW Gol en lo m\u00e1s alto del podio.<\/p>\n<p>Como otros datos anecd\u00f3ticos, cabe destacar los importantes accidentes que hubo, como el de Moreno Preto el viernes y los de Lucas Yerobi y Fernando Mu\u00f1oz el d\u00eda domingo. Afortunadamente, solo hubo que lamentar da\u00f1os materiales.<\/p>\n<p><span style=\"text-decoration: underline;\">A continuaci\u00f3n clasificamos categor\u00eda por categor\u00eda<\/span>:<\/p>\n<p>CAT A<br \/>\n1) #101 Manuel Gonz\u00e1lez (Arg) 7:33.29<br \/>\n2) #140 Juan Villarroel (Arg) 7:44.15 +10.46<br \/>\n3) #108 Jaime Barria (Arg) 7:59.10 +26.41<\/p>\n<figure id=\"attachment_12334\" aria-describedby=\"caption-attachment-12334\" style=\"width: 432px\" class=\"wp-caption aligncenter\"><a href=\"http:\/\/labestiadeportiva.com\/lbd\/wp-content\/uploads\/2014\/08\/litro-y-medio.jpg\"><img loading=\"lazy\" class=\" wp-image-12334\" title=\"litro y medio\" src=\"http:\/\/labestiadeportiva.com\/lbd\/wp-content\/uploads\/2014\/08\/litro-y-medio.jpg\" alt=\"\" width=\"432\" height=\"287\" srcset=\"http:\/\/labestiadeportiva.com\/lbd\/wp-content\/uploads\/2014\/08\/litro-y-medio.jpg 900w, http:\/\/labestiadeportiva.com\/lbd\/wp-content\/uploads\/2014\/08\/litro-y-medio-300x199.jpg 300w\" sizes=\"(max-width: 432px) 100vw, 432px\" \/><\/a><figcaption id=\"caption-attachment-12334\" class=\"wp-caption-text\">Foto: MZLDeportes.com<\/figcaption><\/figure>\n<p>CAT B<br \/>\n1) #201 Gonzalo Marchisio (Arg) 7:06.06<br \/>\n2) #231 Dami\u00e1n Alvarado (Arg) 7:25.12 +19.06<br \/>\n3) #258 Oscar Alvarado (Arg) 7:27.24 +21.18<\/p>\n<p>CAT C<br \/>\n1)\u00a0#305 Hern\u00e1n Zanetti (Chi)\u00a06.33.48<br \/>\n2)\u00a0#301 Fabi\u00e1n Villarroel (Arg)\u00a06.34.59 +1.11<br \/>\n3) #329\u00a0Luis Senkovic (Arg)\u00a06.49.47 +15.59<\/p>\n<figure id=\"attachment_12335\" aria-describedby=\"caption-attachment-12335\" style=\"width: 432px\" class=\"wp-caption aligncenter\"><a href=\"http:\/\/labestiadeportiva.com\/lbd\/wp-content\/uploads\/2014\/08\/Yerobi-500.jpg\"><img loading=\"lazy\" class=\" wp-image-12335   \" src=\"http:\/\/labestiadeportiva.com\/lbd\/wp-content\/uploads\/2014\/08\/Yerobi-500.jpg\" alt=\"\" width=\"432\" height=\"304\" srcset=\"http:\/\/labestiadeportiva.com\/lbd\/wp-content\/uploads\/2014\/08\/Yerobi-500.jpg 900w, http:\/\/labestiadeportiva.com\/lbd\/wp-content\/uploads\/2014\/08\/Yerobi-500-300x211.jpg 300w\" sizes=\"(max-width: 432px) 100vw, 432px\" \/><\/a><figcaption id=\"caption-attachment-12335\" class=\"wp-caption-text\">Foto: MZLDeportes.com<\/figcaption><\/figure>\n<p>CAT D<br \/>\n1) #403 Dante Stork (Arg) 6:06.57<br \/>\n2) #417 Mart\u00edn Willer (Arg) 6:10.06\u00a0+3.09<br \/>\n3) #407 Pablo Capkovic (Chi) 6:18.38 +11.41<br \/>\n11) #513 Norberto Pavlov (Arg) 6.53.42 +46.45<\/p>\n<p>CAT E<br \/>\n1) #623 Alejandro S\u00e1nchez (Chi) 6.42.48<br \/>\n2) #609 Daniel Maslov (Arg) 6.51.17 +8.29<br \/>\n3) #624 Marcelo Casta\u00f1\u00f3n (Chi) 6.52.25 +9.37<\/p>\n<figure id=\"attachment_12336\" aria-describedby=\"caption-attachment-12336\" style=\"width: 432px\" class=\"wp-caption aligncenter\"><a href=\"http:\/\/labestiadeportiva.com\/lbd\/wp-content\/uploads\/2014\/08\/Pavlov-513.jpg\"><img loading=\"lazy\" class=\" wp-image-12336  \" src=\"http:\/\/labestiadeportiva.com\/lbd\/wp-content\/uploads\/2014\/08\/Pavlov-513.jpg\" alt=\"\" width=\"432\" height=\"306\" srcset=\"http:\/\/labestiadeportiva.com\/lbd\/wp-content\/uploads\/2014\/08\/Pavlov-513.jpg 900w, http:\/\/labestiadeportiva.com\/lbd\/wp-content\/uploads\/2014\/08\/Pavlov-513-300x212.jpg 300w\" sizes=\"(max-width: 432px) 100vw, 432px\" \/><\/a><figcaption id=\"caption-attachment-12336\" class=\"wp-caption-text\">Foto: MZLDeportes.com<\/figcaption><\/figure>\n<p>CAT F<br \/>\n1) #704 Agustin Vidal (Arg) 6.59.23<br \/>\n2) #709 Fernando Praussello (Arg) 7.11.11 +12.34<br \/>\n3) #738 Adri\u00e1n Fernandino (Arg) 7.38.00 +38.37<\/p>\n<p>CAT G<br \/>\n1) #808 Angel Benitez (Arg) 5.31.55<br \/>\n2) #805 Sandro Vojnovic (Chi) 5.51.55 +20.00<br \/>\n3) #825 Juan Carlos Kuzmanic (Chi) 6.03.35 +31.40<\/p>\n<figure id=\"attachment_12337\" aria-describedby=\"caption-attachment-12337\" style=\"width: 432px\" class=\"wp-caption aligncenter\"><a href=\"http:\/\/labestiadeportiva.com\/lbd\/wp-content\/uploads\/2014\/08\/Praussello-709.jpg\"><img loading=\"lazy\" class=\" wp-image-12337  \" src=\"http:\/\/labestiadeportiva.com\/lbd\/wp-content\/uploads\/2014\/08\/Praussello-709.jpg\" alt=\"\" width=\"432\" height=\"318\" srcset=\"http:\/\/labestiadeportiva.com\/lbd\/wp-content\/uploads\/2014\/08\/Praussello-709.jpg 900w, http:\/\/labestiadeportiva.com\/lbd\/wp-content\/uploads\/2014\/08\/Praussello-709-300x221.jpg 300w\" sizes=\"(max-width: 432px) 100vw, 432px\" \/><\/a><figcaption id=\"caption-attachment-12337\" class=\"wp-caption-text\">Foto: MZLDeportes.com<\/figcaption><\/figure>\n<div class='epvc-post-count'><span class='epvc-eye'><\/span>  <span class=\"epvc-count\"> 1.058<\/span><span class='epvc-label'> veces le\u00edda<\/span><\/div>\n<div class=\"jwsharethis\">\nShare this: \n<br \/>\n<a href=\"mailto:?subject=Pas%C3%B3%20la%2041%C2%BA%20edici%C3%B3n&amp;body=http%3A%2F%2Flabestiadeportiva.com%2Flbd%2Fpaso-la-41o-edicion%2F\">\n<img src=\"http:\/\/labestiadeportiva.com\/lbd\/wp-content\/plugins\/jw-share-this\/email.png\" alt=\"Share this page via Email\" \/>\n<\/a>\n<a target=\"_blank\" href=\"http:\/\/www.stumbleupon.com\/submit?url=http%3A%2F%2Flabestiadeportiva.com%2Flbd%2Fpaso-la-41o-edicion%2F&amp;title=Pas%C3%B3+la+41%C2%BA+edici%C3%B3n\">\n<img src=\"http:\/\/labestiadeportiva.com\/lbd\/wp-content\/plugins\/jw-share-this\/su.png\" alt=\"Share this page via Stumble Upon\" \/>\n<\/a>\n<a target=\"_blank\" href=\"http:\/\/digg.com\/submit?url=http%3A%2F%2Flabestiadeportiva.com%2Flbd%2Fpaso-la-41o-edicion%2F&amp;title=Pas%C3%B3+la+41%C2%BA+edici%C3%B3n\">\n<img src=\"http:\/\/labestiadeportiva.com\/lbd\/wp-content\/plugins\/jw-share-this\/digg.png\" alt=\"Share this page via Digg this\" \/>\n<\/a>\n<a target=\"_blank\" href=\"http:\/\/www.facebook.com\/sharer.php?u=http%3A%2F%2Flabestiadeportiva.com%2Flbd%2Fpaso-la-41o-edicion%2F&amp;t=Pas%C3%B3+la+41%C2%BA+edici%C3%B3n\">\n<img src=\"http:\/\/labestiadeportiva.com\/lbd\/wp-content\/plugins\/jw-share-this\/fb.png\" alt=\"Share this page via Facebook\" \/>\n<\/a>\n<a target=\"_blank\" href=\"http:\/\/twitter.com\/intent\/tweet?text=I+like+http%3A%2F%2Flabestiadeportiva.com%2Flbd%2Fpaso-la-41o-edicion%2F&amp;title=Pas%C3%B3+la+41%C2%BA+edici%C3%B3n\">\n<img src=\"http:\/\/labestiadeportiva.com\/lbd\/wp-content\/plugins\/jw-share-this\/twitter.png\" alt=\"Share this page via Twitter\" \/>\n<\/a>\n<\/div>\n","protected":false},"excerpt":{"rendered":"<p>Por\u00a0MZL Deportes (Corresponsal LBD en Buenos Aires) El pasado fin de semana se estuvo disputando entre Porvenir y Rio Grande la 41\u00ba edici\u00f3n del Gran Premio de la Hermandad con m\u00e1s de 800 kil\u00f3metros de recorrido. La noticia m\u00e1s importante fue la conquista de la Copa Challenger en la Categor\u00eda B por parte de Gonzalo &hellip; <a href=\"http:\/\/labestiadeportiva.com\/lbd\/paso-la-41o-edicion\/\" class=\"more-link\">Seguir leyendo <span class=\"screen-reader-text\">Pas\u00f3 la 41\u00ba edici\u00f3n<\/span> <span class=\"meta-nav\">&rarr;<\/span><\/a><\/p>\n","protected":false},"author":1,"featured_media":12332,"comment_status":"open","ping_status":"open","sticky":false,"template":"","format":"standard","meta":[],"categories":[1],"tags":[],"_links":{"self":[{"href":"http:\/\/labestiadeportiva.com\/lbd\/wp-json\/wp\/v2\/posts\/12321"}],"collection":[{"href":"http:\/\/labestiadeportiva.com\/lbd\/wp-json\/wp\/v2\/posts"}],"about":[{"href":"http:\/\/labestiadeportiva.com\/lbd\/wp-json\/wp\/v2\/types\/post"}],"author":[{"embeddable":true,"href":"http:\/\/labestiadeportiva.com\/lbd\/wp-json\/wp\/v2\/users\/1"}],"replies":[{"embeddable":true,"href":"http:\/\/labestiadeportiva.com\/lbd\/wp-json\/wp\/v2\/comments?post=12321"}],"version-history":[{"count":3,"href":"http:\/\/labestiadeportiva.com\/lbd\/wp-json\/wp\/v2\/posts\/12321\/revisions"}],"predecessor-version":[{"id":12339,"href":"http:\/\/labestiadeportiva.com\/lbd\/wp-json\/wp\/v2\/posts\/12321\/revisions\/12339"}],"wp:featuredmedia":[{"embeddable":true,"href":"http:\/\/labestiadeportiva.com\/lbd\/wp-json\/wp\/v2\/media\/12332"}],"wp:attachment":[{"href":"http:\/\/labestiadeportiva.com\/lbd\/wp-json\/wp\/v2\/media?parent=12321"}],"wp:term":[{"taxonomy":"category","embeddable":true,"href":"http:\/\/labestiadeportiva.com\/lbd\/wp-json\/wp\/v2\/categories?post=12321"},{"taxonomy":"post_tag","embeddable":true,"href":"http:\/\/labestiadeportiva.com\/lbd\/wp-json\/wp\/v2\/tags?post=12321"}],"curies":[{"name":"wp","href":"https:\/\/api.w.org\/{rel}","templated":true}]}}