{"id":12340,"date":"2014-08-22T03:14:11","date_gmt":"2014-08-22T03:14:11","guid":{"rendered":"http:\/\/labestiadeportiva.com\/lbd\/?p=12340"},"modified":"2014-08-22T03:14:11","modified_gmt":"2014-08-22T03:14:11","slug":"arranco-la-liga-local","status":"publish","type":"post","link":"http:\/\/labestiadeportiva.com\/lbd\/arranco-la-liga-local\/","title":{"rendered":"Arranc\u00f3 la Liga Local"},"content":{"rendered":"<p><a href=\"http:\/\/labestiadeportiva.com\/lbd\/wp-content\/uploads\/2014\/08\/DSC01844.jpg\"><img loading=\"lazy\" class=\"alignleft size-medium wp-image-12341\" title=\"DSC01844\" src=\"http:\/\/labestiadeportiva.com\/lbd\/wp-content\/uploads\/2014\/08\/DSC01844-300x147.jpg\" alt=\"\" width=\"300\" height=\"147\" srcset=\"http:\/\/labestiadeportiva.com\/lbd\/wp-content\/uploads\/2014\/08\/DSC01844-300x147.jpg 300w, http:\/\/labestiadeportiva.com\/lbd\/wp-content\/uploads\/2014\/08\/DSC01844.jpg 800w\" sizes=\"(max-width: 300px) 100vw, 300px\" \/><\/a>El hockey sobre hielo no se detiene. Luego de la exitosa edici\u00f3n de la \u201cCopa Fin del Mundo\u201d el pasado mi\u00e9rcoles por la noche se puso en marcha la competencia de entrecasa. Formar\u00e1n parte tres equipos que jugar\u00e1n en las categor\u00edas primera y reserva. Las fotos son gentileza de Jos\u00e9 Luis Tibaud\u00edn.<!--more--><\/p>\n<p>En esta oportunidad jugar\u00e1n tres equipos del CAU, Amarillo, Azul y Blanco. Cada participante tendr\u00e1 una divisi\u00f3n de primera y reserva. El mi\u00e9rcoles por la noche se jugaron los dos primeros encuentros del torneo con victoria del conjunto blanco sobre el azul por 2 a 1 en primera y 2 a 0 en reserva.<\/p>\n<p>El sistema de juego ser\u00e1 a dos rondas con un total de seis partidos, quien sume m\u00e1s puntos ser\u00e1 el campe\u00f3n.<\/p>\n<p>A partir de aqu\u00ed se jugar\u00e1 lunes, mi\u00e9rcoles y viernes desde las diez de la noche. Buena propuesta para acercarse entre semana a la pista artificial Carlos \u201cTachuela\u201d Oyarzun en busca de buena acci\u00f3n sobre el hielo municipal.<\/p>\n<p><a href=\"http:\/\/labestiadeportiva.com\/lbd\/wp-content\/uploads\/2014\/08\/DSC01899b.jpg\"><img loading=\"lazy\" class=\"aligncenter size-medium wp-image-12342\" title=\"DSC01899b\" src=\"http:\/\/labestiadeportiva.com\/lbd\/wp-content\/uploads\/2014\/08\/DSC01899b-300x134.jpg\" alt=\"\" width=\"300\" height=\"134\" srcset=\"http:\/\/labestiadeportiva.com\/lbd\/wp-content\/uploads\/2014\/08\/DSC01899b-300x134.jpg 300w, http:\/\/labestiadeportiva.com\/lbd\/wp-content\/uploads\/2014\/08\/DSC01899b.jpg 800w\" sizes=\"(max-width: 300px) 100vw, 300px\" \/><\/a><\/p>\n<div class='epvc-post-count'><span class='epvc-eye'><\/span>  <span class=\"epvc-count\"> 1.073<\/span><span class='epvc-label'> veces le\u00edda<\/span><\/div>\n<div class=\"jwsharethis\">\nShare this: \n<br \/>\n<a href=\"mailto:?subject=Arranc%C3%B3%20la%20Liga%20Local&amp;body=http%3A%2F%2Flabestiadeportiva.com%2Flbd%2Farranco-la-liga-local%2F\">\n<img src=\"http:\/\/labestiadeportiva.com\/lbd\/wp-content\/plugins\/jw-share-this\/email.png\" alt=\"Share this page via Email\" \/>\n<\/a>\n<a target=\"_blank\" href=\"http:\/\/www.stumbleupon.com\/submit?url=http%3A%2F%2Flabestiadeportiva.com%2Flbd%2Farranco-la-liga-local%2F&amp;title=Arranc%C3%B3+la+Liga+Local\">\n<img src=\"http:\/\/labestiadeportiva.com\/lbd\/wp-content\/plugins\/jw-share-this\/su.png\" alt=\"Share this page via Stumble Upon\" \/>\n<\/a>\n<a target=\"_blank\" href=\"http:\/\/digg.com\/submit?url=http%3A%2F%2Flabestiadeportiva.com%2Flbd%2Farranco-la-liga-local%2F&amp;title=Arranc%C3%B3+la+Liga+Local\">\n<img src=\"http:\/\/labestiadeportiva.com\/lbd\/wp-content\/plugins\/jw-share-this\/digg.png\" alt=\"Share this page via Digg this\" \/>\n<\/a>\n<a target=\"_blank\" href=\"http:\/\/www.facebook.com\/sharer.php?u=http%3A%2F%2Flabestiadeportiva.com%2Flbd%2Farranco-la-liga-local%2F&amp;t=Arranc%C3%B3+la+Liga+Local\">\n<img src=\"http:\/\/labestiadeportiva.com\/lbd\/wp-content\/plugins\/jw-share-this\/fb.png\" alt=\"Share this page via Facebook\" \/>\n<\/a>\n<a target=\"_blank\" href=\"http:\/\/twitter.com\/intent\/tweet?text=I+like+http%3A%2F%2Flabestiadeportiva.com%2Flbd%2Farranco-la-liga-local%2F&amp;title=Arranc%C3%B3+la+Liga+Local\">\n<img src=\"http:\/\/labestiadeportiva.com\/lbd\/wp-content\/plugins\/jw-share-this\/twitter.png\" alt=\"Share this page via Twitter\" \/>\n<\/a>\n<\/div>\n","protected":false},"excerpt":{"rendered":"<p>El hockey sobre hielo no se detiene. Luego de la exitosa edici\u00f3n de la \u201cCopa Fin del Mundo\u201d el pasado mi\u00e9rcoles por la noche se puso en marcha la competencia de entrecasa. Formar\u00e1n parte tres equipos que jugar\u00e1n en las categor\u00edas primera y reserva. Las fotos son gentileza de Jos\u00e9 Luis Tibaud\u00edn. 1.073 veces le\u00edda &hellip; <a href=\"http:\/\/labestiadeportiva.com\/lbd\/arranco-la-liga-local\/\" class=\"more-link\">Seguir leyendo <span class=\"screen-reader-text\">Arranc\u00f3 la Liga Local<\/span> <span class=\"meta-nav\">&rarr;<\/span><\/a><\/p>\n","protected":false},"author":1,"featured_media":12341,"comment_status":"open","ping_status":"open","sticky":false,"template":"","format":"standard","meta":[],"categories":[5,41,1],"tags":[42,139,846,1700],"_links":{"self":[{"href":"http:\/\/labestiadeportiva.com\/lbd\/wp-json\/wp\/v2\/posts\/12340"}],"collection":[{"href":"http:\/\/labestiadeportiva.com\/lbd\/wp-json\/wp\/v2\/posts"}],"about":[{"href":"http:\/\/labestiadeportiva.com\/lbd\/wp-json\/wp\/v2\/types\/post"}],"author":[{"embeddable":true,"href":"http:\/\/labestiadeportiva.com\/lbd\/wp-json\/wp\/v2\/users\/1"}],"replies":[{"embeddable":true,"href":"http:\/\/labestiadeportiva.com\/lbd\/wp-json\/wp\/v2\/comments?post=12340"}],"version-history":[{"count":2,"href":"http:\/\/labestiadeportiva.com\/lbd\/wp-json\/wp\/v2\/posts\/12340\/revisions"}],"predecessor-version":[{"id":12344,"href":"http:\/\/labestiadeportiva.com\/lbd\/wp-json\/wp\/v2\/posts\/12340\/revisions\/12344"}],"wp:featuredmedia":[{"embeddable":true,"href":"http:\/\/labestiadeportiva.com\/lbd\/wp-json\/wp\/v2\/media\/12341"}],"wp:attachment":[{"href":"http:\/\/labestiadeportiva.com\/lbd\/wp-json\/wp\/v2\/media?parent=12340"}],"wp:term":[{"taxonomy":"category","embeddable":true,"href":"http:\/\/labestiadeportiva.com\/lbd\/wp-json\/wp\/v2\/categories?post=12340"},{"taxonomy":"post_tag","embeddable":true,"href":"http:\/\/labestiadeportiva.com\/lbd\/wp-json\/wp\/v2\/tags?post=12340"}],"curies":[{"name":"wp","href":"https:\/\/api.w.org\/{rel}","templated":true}]}}