{"id":12505,"date":"2014-09-01T03:24:52","date_gmt":"2014-09-01T03:24:52","guid":{"rendered":"http:\/\/labestiadeportiva.com\/lbd\/?p=12505"},"modified":"2014-09-01T03:24:52","modified_gmt":"2014-09-01T03:24:52","slug":"sin-del-potro-no-hay-grand-slam-argentino","status":"publish","type":"post","link":"http:\/\/labestiadeportiva.com\/lbd\/sin-del-potro-no-hay-grand-slam-argentino\/","title":{"rendered":"Sin Del Potro, no hay Grand Slam argentino"},"content":{"rendered":"<p>Por Mat\u00edas Pouso (Corresponsal LBD en la Ciudad Aut\u00f3noma de Buenos Aires)<\/p>\n<p><a href=\"http:\/\/labestiadeportiva.com\/lbd\/wp-content\/uploads\/2014\/09\/US-Open-Arthur-Ashe.jpg\"><img loading=\"lazy\" class=\"alignleft size-medium wp-image-12506\" title=\"US-Open-Arthur-Ashe\" src=\"http:\/\/labestiadeportiva.com\/lbd\/wp-content\/uploads\/2014\/09\/US-Open-Arthur-Ashe-300x181.jpg\" alt=\"\" width=\"300\" height=\"181\" srcset=\"http:\/\/labestiadeportiva.com\/lbd\/wp-content\/uploads\/2014\/09\/US-Open-Arthur-Ashe-300x181.jpg 300w, http:\/\/labestiadeportiva.com\/lbd\/wp-content\/uploads\/2014\/09\/US-Open-Arthur-Ashe-1024x620.jpg 1024w, http:\/\/labestiadeportiva.com\/lbd\/wp-content\/uploads\/2014\/09\/US-Open-Arthur-Ashe.jpg 1100w\" sizes=\"(max-width: 300px) 100vw, 300px\" \/><\/a>Antes de finalizar la primera semana del US Open, todos los argentinos que disputaron el cuadro principal fueron eliminados. Leo Mayer tuvo la actuaci\u00f3n m\u00e1s destacada al llegar hasta la tercera ronda donde fue derrotado por el japon\u00e9s Kei Nishikori.<\/p>\n<p>Hace casi cinco a\u00f1os el tenis argentino celebraba el \u00faltimo torneo grande obtenido por un compatriota,\u00a0 aquel 14 de septiembre del 2009 qued\u00f3 marcado en la historia despu\u00e9s de que Roger Federer tirara larga esa \u00faltima pelota y le otorgara el cetro del Abierto de Estados Unidos a Juan Mart\u00edn Del Potro.<!--more--><\/p>\n<p>En la edici\u00f3n 2014 la novela es muy distinta, pero muy similar a lo que viene aconteciendo en los \u00faltimos tiempos; sin Del Potro, no hay esperanzas de ver a un argentino campe\u00f3n en un Grand Slam. Diego Schwartzman, M\u00e1ximo Gonz\u00e1lez, Facundo Bagnis, Juan M\u00f3naco, Leonardo Mayer, Federico Delbonis y Carlos Berlocq lo intentaron nuevamente pero en vano.<\/p>\n<p><a href=\"http:\/\/labestiadeportiva.com\/lbd\/wp-content\/uploads\/2014\/09\/Roger-Federer.jpg\"><img loading=\"lazy\" class=\"aligncenter size-medium wp-image-12507\" title=\"Roger Federer\" src=\"http:\/\/labestiadeportiva.com\/lbd\/wp-content\/uploads\/2014\/09\/Roger-Federer-300x168.jpg\" alt=\"\" width=\"300\" height=\"168\" srcset=\"http:\/\/labestiadeportiva.com\/lbd\/wp-content\/uploads\/2014\/09\/Roger-Federer-300x168.jpg 300w, http:\/\/labestiadeportiva.com\/lbd\/wp-content\/uploads\/2014\/09\/Roger-Federer.jpg 980w\" sizes=\"(max-width: 300px) 100vw, 300px\" \/><\/a>El joven Schwartzman tuvo un debut muy especial, nada menos que contra Novak Djokovic y en el estadio Arthur Ashe, el escenario m\u00e1s grande del mundo dedicado al tenis. Poco pudo hacer para ir contra la l\u00f3gica y el n\u00famero 1 del mundo se impuso por 6-1, 6-2 y 6-4, en un duelo que dur\u00f3 una hora y 37 minutos.<\/p>\n<p>Tambi\u00e9n en la ronda inicial, Machi Gonz\u00e1lez fue eliminado por el local Sam Querrey, que en dos horas y 53 minutos de acci\u00f3n se impuso por 6-2, 4-6, 6-4, 4-6 y 6-3. Poco pudo hacer el tandilense ante el potente saque del estadounidense, fueron 30 los aces conectados por el vencedor.<\/p>\n<p>En tanto, Bagnis cay\u00f3 en sets corridos por 2-6, 6-7 y 3-6, luego de una hora y 38 minutos frente al alem\u00e1n Philipp Kohlschreiber. Misma suerte corri\u00f3 Charly Berlocq frente al israel\u00ed Dudi Sela, el futuro rival por Copa Davis elimin\u00f3 al de Chascom\u00fas con un 1-6, 6-3, 6-2 y 7-5 en dos horas y 42 minutos de juego.<\/p>\n<p><a href=\"http:\/\/labestiadeportiva.com\/lbd\/wp-content\/uploads\/2014\/09\/us-open-1936673w620.jpg\"><img loading=\"lazy\" class=\"aligncenter size-medium wp-image-12508\" title=\"us-open-1936673w620\" src=\"http:\/\/labestiadeportiva.com\/lbd\/wp-content\/uploads\/2014\/09\/us-open-1936673w620-300x199.jpg\" alt=\"\" width=\"300\" height=\"199\" srcset=\"http:\/\/labestiadeportiva.com\/lbd\/wp-content\/uploads\/2014\/09\/us-open-1936673w620-300x199.jpg 300w, http:\/\/labestiadeportiva.com\/lbd\/wp-content\/uploads\/2014\/09\/us-open-1936673w620.jpg 620w\" sizes=\"(max-width: 300px) 100vw, 300px\" \/><\/a>M\u00f3naco poco pudo hacer frente a Jo-Wilfried Tsonga, quien cedi\u00f3 el tim\u00f3n del partido en el segundo set pero que finalmente se impuso por 6-3, 4-6, 7-6 (3) y 6-1 eliminando al tandilense. Pico luego se retirar\u00eda de su encuentro de dobles con fuertes dolores en su mu\u00f1eca para no arriesgarse de cara al repechaje de Argentina en la Copa Davis.<\/p>\n<p>Federico Delbonis fue uno de los que accedi\u00f3 a la segunda ronda, en primera ronda su v\u00edctima fue el joven local Noah Rubin a quien derrot\u00f3 por 6-4, 6-3 y 6-0.\u00a0 Sin embargo, su traves\u00eda norteamericana finalizar\u00eda en la siguiente rueda ya que luego de un encuentro peleado quedar\u00eda eliminado en manos del franc\u00e9s Gilles Simon por 6-4 3-6, 7-5 y 6-1.<\/p>\n<p>La mejor actuaci\u00f3n fue la de Leo Mayer, el correntino, campe\u00f3n este a\u00f1o en Hamburgo, se instal\u00f3 en la tercera ronda luego de que el espa\u00f1ol Albert Monta\u00f1es se retirara cuando el argentino venc\u00eda 6-2 y 3-0; en la siguiente ronda elimin\u00f3\u00a0 al australiano Matthew Ebden por 6-1, 6-3 y 6-4.<\/p>\n<p>Su ilusi\u00f3n se esfum\u00f3 r\u00e1pidamente en la tercera ronda al verse las caras con el japon\u00e9s Kei Nishikori, quien en una hora y 52 minutos lo venci\u00f3 por 6-4, 6-2 y 6-3.<\/p>\n<p>Mayer ser\u00e1 el singlista n\u00famero uno del equipo de Copa Davis de la Argentina que enfrentar\u00e1 a Israel del 12 al 14 de septiembre en Sunrise, Estados Unidos, en el repechaje para permanecer en el Grupo Mundial en 2015.<\/p>\n<p>Los m\u00e1ximos candidatos a quedarse con el torneo son Novak Djokovic y Roger Federer. El serbio lleg\u00f3 a la cuarta ronda sin ceder ning\u00fan set y su rival en esa instancia ser\u00e1 Kohlschreiber, en tanto que Federer espera al vencedor del duelo entre Adri\u00e1n Mannarino y Roberto Bautista Agut.<\/p>\n<p><a href=\"http:\/\/labestiadeportiva.com\/lbd\/wp-content\/uploads\/2014\/09\/us-open-1934380w620.jpg\"><img loading=\"lazy\" class=\"aligncenter size-medium wp-image-12509\" title=\"us-open-1934380w620\" src=\"http:\/\/labestiadeportiva.com\/lbd\/wp-content\/uploads\/2014\/09\/us-open-1934380w620-300x199.jpg\" alt=\"\" width=\"300\" height=\"199\" srcset=\"http:\/\/labestiadeportiva.com\/lbd\/wp-content\/uploads\/2014\/09\/us-open-1934380w620-300x199.jpg 300w, http:\/\/labestiadeportiva.com\/lbd\/wp-content\/uploads\/2014\/09\/us-open-1934380w620.jpg 620w\" sizes=\"(max-width: 300px) 100vw, 300px\" \/><\/a><\/p>\n<div class='epvc-post-count'><span class='epvc-eye'><\/span>  <span class=\"epvc-count\"> 1.009<\/span><span class='epvc-label'> veces le\u00edda<\/span><\/div>\n<div class=\"jwsharethis\">\nShare this: \n<br \/>\n<a href=\"mailto:?subject=Sin%20Del%20Potro%2C%20no%20hay%20Grand%20Slam%20argentino&amp;body=http%3A%2F%2Flabestiadeportiva.com%2Flbd%2Fsin-del-potro-no-hay-grand-slam-argentino%2F\">\n<img src=\"http:\/\/labestiadeportiva.com\/lbd\/wp-content\/plugins\/jw-share-this\/email.png\" alt=\"Share this page via Email\" \/>\n<\/a>\n<a target=\"_blank\" href=\"http:\/\/www.stumbleupon.com\/submit?url=http%3A%2F%2Flabestiadeportiva.com%2Flbd%2Fsin-del-potro-no-hay-grand-slam-argentino%2F&amp;title=Sin+Del+Potro%2C+no+hay+Grand+Slam+argentino\">\n<img src=\"http:\/\/labestiadeportiva.com\/lbd\/wp-content\/plugins\/jw-share-this\/su.png\" alt=\"Share this page via Stumble Upon\" \/>\n<\/a>\n<a target=\"_blank\" href=\"http:\/\/digg.com\/submit?url=http%3A%2F%2Flabestiadeportiva.com%2Flbd%2Fsin-del-potro-no-hay-grand-slam-argentino%2F&amp;title=Sin+Del+Potro%2C+no+hay+Grand+Slam+argentino\">\n<img src=\"http:\/\/labestiadeportiva.com\/lbd\/wp-content\/plugins\/jw-share-this\/digg.png\" alt=\"Share this page via Digg this\" \/>\n<\/a>\n<a target=\"_blank\" href=\"http:\/\/www.facebook.com\/sharer.php?u=http%3A%2F%2Flabestiadeportiva.com%2Flbd%2Fsin-del-potro-no-hay-grand-slam-argentino%2F&amp;t=Sin+Del+Potro%2C+no+hay+Grand+Slam+argentino\">\n<img src=\"http:\/\/labestiadeportiva.com\/lbd\/wp-content\/plugins\/jw-share-this\/fb.png\" alt=\"Share this page via Facebook\" \/>\n<\/a>\n<a target=\"_blank\" href=\"http:\/\/twitter.com\/intent\/tweet?text=I+like+http%3A%2F%2Flabestiadeportiva.com%2Flbd%2Fsin-del-potro-no-hay-grand-slam-argentino%2F&amp;title=Sin+Del+Potro%2C+no+hay+Grand+Slam+argentino\">\n<img src=\"http:\/\/labestiadeportiva.com\/lbd\/wp-content\/plugins\/jw-share-this\/twitter.png\" alt=\"Share this page via Twitter\" \/>\n<\/a>\n<\/div>\n","protected":false},"excerpt":{"rendered":"<p>Por Mat\u00edas Pouso (Corresponsal LBD en la Ciudad Aut\u00f3noma de Buenos Aires) Antes de finalizar la primera semana del US Open, todos los argentinos que disputaron el cuadro principal fueron eliminados. Leo Mayer tuvo la actuaci\u00f3n m\u00e1s destacada al llegar hasta la tercera ronda donde fue derrotado por el japon\u00e9s Kei Nishikori. Hace casi cinco &hellip; <a href=\"http:\/\/labestiadeportiva.com\/lbd\/sin-del-potro-no-hay-grand-slam-argentino\/\" class=\"more-link\">Seguir leyendo <span class=\"screen-reader-text\">Sin Del Potro, no hay Grand Slam argentino<\/span> <span class=\"meta-nav\">&rarr;<\/span><\/a><\/p>\n","protected":false},"author":1,"featured_media":12506,"comment_status":"open","ping_status":"open","sticky":false,"template":"","format":"standard","meta":[],"categories":[4,1,39],"tags":[4835,53],"_links":{"self":[{"href":"http:\/\/labestiadeportiva.com\/lbd\/wp-json\/wp\/v2\/posts\/12505"}],"collection":[{"href":"http:\/\/labestiadeportiva.com\/lbd\/wp-json\/wp\/v2\/posts"}],"about":[{"href":"http:\/\/labestiadeportiva.com\/lbd\/wp-json\/wp\/v2\/types\/post"}],"author":[{"embeddable":true,"href":"http:\/\/labestiadeportiva.com\/lbd\/wp-json\/wp\/v2\/users\/1"}],"replies":[{"embeddable":true,"href":"http:\/\/labestiadeportiva.com\/lbd\/wp-json\/wp\/v2\/comments?post=12505"}],"version-history":[{"count":1,"href":"http:\/\/labestiadeportiva.com\/lbd\/wp-json\/wp\/v2\/posts\/12505\/revisions"}],"predecessor-version":[{"id":12510,"href":"http:\/\/labestiadeportiva.com\/lbd\/wp-json\/wp\/v2\/posts\/12505\/revisions\/12510"}],"wp:featuredmedia":[{"embeddable":true,"href":"http:\/\/labestiadeportiva.com\/lbd\/wp-json\/wp\/v2\/media\/12506"}],"wp:attachment":[{"href":"http:\/\/labestiadeportiva.com\/lbd\/wp-json\/wp\/v2\/media?parent=12505"}],"wp:term":[{"taxonomy":"category","embeddable":true,"href":"http:\/\/labestiadeportiva.com\/lbd\/wp-json\/wp\/v2\/categories?post=12505"},{"taxonomy":"post_tag","embeddable":true,"href":"http:\/\/labestiadeportiva.com\/lbd\/wp-json\/wp\/v2\/tags?post=12505"}],"curies":[{"name":"wp","href":"https:\/\/api.w.org\/{rel}","templated":true}]}}