{"id":12826,"date":"2014-09-18T21:09:25","date_gmt":"2014-09-18T21:09:25","guid":{"rendered":"http:\/\/labestiadeportiva.com\/lbd\/?p=12826"},"modified":"2014-09-18T21:13:50","modified_gmt":"2014-09-18T21:13:50","slug":"finales-locales-y-provinciales-para-los-juegos-fueguinos","status":"publish","type":"post","link":"http:\/\/labestiadeportiva.com\/lbd\/finales-locales-y-provinciales-para-los-juegos-fueguinos\/","title":{"rendered":"Finales locales y provinciales para los Juegos Fueguinos"},"content":{"rendered":"<p><a href=\"http:\/\/labestiadeportiva.com\/lbd\/wp-content\/uploads\/2014\/09\/MG_3174.jpg\"><img loading=\"lazy\" class=\"alignleft size-medium wp-image-12827\" title=\"_MG_3174\" src=\"http:\/\/labestiadeportiva.com\/lbd\/wp-content\/uploads\/2014\/09\/MG_3174-300x200.jpg\" alt=\"\" width=\"300\" height=\"200\" srcset=\"http:\/\/labestiadeportiva.com\/lbd\/wp-content\/uploads\/2014\/09\/MG_3174-300x200.jpg 300w, http:\/\/labestiadeportiva.com\/lbd\/wp-content\/uploads\/2014\/09\/MG_3174.jpg 800w\" sizes=\"(max-width: 300px) 100vw, 300px\" \/><\/a>Durante el fin de semana se realizaron distintas definiciones correspondientes a los Juegos Fueguinos. B\u00e1squet 3 x 3, gimnasia art\u00edstica deportiva, ajedrez y judo definieron el pasaporte a la Ciudad Aut\u00f3noma de Buenos Aires y Mar del Plata. Asimismo el atletismo y f\u00fatbol 7 femenino compitieron localmente.<\/p>\n<p><a href=\"http:\/\/labestiadeportiva.com\/lbd\/wp-content\/uploads\/2014\/09\/MG_3212.jpg\"><img loading=\"lazy\" class=\"aligncenter size-medium wp-image-12832\" title=\"_MG_3212\" src=\"http:\/\/labestiadeportiva.com\/lbd\/wp-content\/uploads\/2014\/09\/MG_3212-300x151.jpg\" alt=\"\" width=\"300\" height=\"151\" srcset=\"http:\/\/labestiadeportiva.com\/lbd\/wp-content\/uploads\/2014\/09\/MG_3212-300x151.jpg 300w, http:\/\/labestiadeportiva.com\/lbd\/wp-content\/uploads\/2014\/09\/MG_3212.jpg 800w\" sizes=\"(max-width: 300px) 100vw, 300px\" \/><\/a>La competencia clasificatoria organizada por la Secretar\u00eda de Deportes Provincial recorre su per\u00edodo de definici\u00f3n.<!--more--> Con el comienzo del mes de septiembre empiezan a confirmarse los equipos y deportistas que nos representar\u00e1n en los Juegos Nacionales Evita en esta oportunidad en la Ciudad Aut\u00f3noma de Buenos Aires y Mar del Plata.<\/p>\n<p><a href=\"http:\/\/labestiadeportiva.com\/lbd\/wp-content\/uploads\/2014\/09\/gimnasia_art\u00edstica_1.jpg\"><img loading=\"lazy\" class=\"aligncenter size-medium wp-image-12828\" title=\"gimnasia_art\u00edstica_1\" src=\"http:\/\/labestiadeportiva.com\/lbd\/wp-content\/uploads\/2014\/09\/gimnasia_art\u00edstica_1-300x168.jpg\" alt=\"\" width=\"300\" height=\"168\" srcset=\"http:\/\/labestiadeportiva.com\/lbd\/wp-content\/uploads\/2014\/09\/gimnasia_art\u00edstica_1-300x168.jpg 300w, http:\/\/labestiadeportiva.com\/lbd\/wp-content\/uploads\/2014\/09\/gimnasia_art\u00edstica_1.jpg 800w\" sizes=\"(max-width: 300px) 100vw, 300px\" \/><\/a>La nueva modalidad del b\u00e1squet, 3 x 3, y la gimnasia art\u00edstica deportiva actuaron viernes y s\u00e1bado en el gimnasio Profesora Ana V. Gir\u00f3 del barrio 245 Viviendas al igual que el judo que se acopl\u00f3 a los festejos del 14\u00b0 aniversario de la Asociaci\u00f3n de Judo del Fin del Mundo.<\/p>\n<p>Asimismo en el Complejo Habitacional Ciudad de la Villa Deportiva Eva Per\u00f3n, popularmente conocida como la Caba\u00f1as del R\u00edo Pipo, se present\u00f3 el deporte ciencia. Ajedrecistas locales, de R\u00edo Grande y Tolhuin compitieron en el SUM del complejo s\u00e1bado y domingo.<\/p>\n<p><a href=\"http:\/\/labestiadeportiva.com\/lbd\/wp-content\/uploads\/2014\/09\/MG_3228.jpg\"><img loading=\"lazy\" class=\"aligncenter size-medium wp-image-12829\" title=\"_MG_3228\" src=\"http:\/\/labestiadeportiva.com\/lbd\/wp-content\/uploads\/2014\/09\/MG_3228-300x175.jpg\" alt=\"\" width=\"300\" height=\"175\" srcset=\"http:\/\/labestiadeportiva.com\/lbd\/wp-content\/uploads\/2014\/09\/MG_3228-300x175.jpg 300w, http:\/\/labestiadeportiva.com\/lbd\/wp-content\/uploads\/2014\/09\/MG_3228.jpg 800w\" sizes=\"(max-width: 300px) 100vw, 300px\" \/><\/a>En cuanto a las disciplinas que realizaron instancias locales fue debut absoluto en el sint\u00e9tico del \u201cHugo Lumbreras\u201d para el f\u00fatbol 7 femenino que present\u00f3 tres equipos por categor\u00eda, sub 14 y sub 16, con positiva la inclusi\u00f3n de las \u201cchicas\u201d de Tolhuin.<\/p>\n<p>Pegado al sint\u00e9tico municipal, en la pista Oscar \u201cCabez\u00f3n\u201d Oyarzun se realiz\u00f3 la clasificaci\u00f3n local del atletismo donde se efectuaron las cl\u00e1sicas pruebas de pista y campo buscando a los representantes ushuaienses que estar\u00e1n en algunas semanas en la final provincial.<\/p>\n<p><a href=\"http:\/\/labestiadeportiva.com\/lbd\/wp-content\/uploads\/2014\/09\/B\u00e1squet_3x3_-_Universitario_Sub_16.jpg\"><img loading=\"lazy\" class=\"aligncenter size-medium wp-image-12830\" title=\"B\u00e1squet_3x3_-_Universitario_Sub_16\" src=\"http:\/\/labestiadeportiva.com\/lbd\/wp-content\/uploads\/2014\/09\/B\u00e1squet_3x3_-_Universitario_Sub_16-300x168.jpg\" alt=\"\" width=\"300\" height=\"168\" srcset=\"http:\/\/labestiadeportiva.com\/lbd\/wp-content\/uploads\/2014\/09\/B\u00e1squet_3x3_-_Universitario_Sub_16-300x168.jpg 300w, http:\/\/labestiadeportiva.com\/lbd\/wp-content\/uploads\/2014\/09\/B\u00e1squet_3x3_-_Universitario_Sub_16.jpg 800w\" sizes=\"(max-width: 300px) 100vw, 300px\" \/><\/a>La pr\u00f3xima semana continuar\u00e1n las acciones definitorias para el v\u00f3ley, adultos mayores y hockey pista. Cabe aclarar que la cita nacional de esta edici\u00f3n tendr\u00e1 su primera parte en CABA del 27 de octubre al 1 de noviembre mientras que en Mar del Plata se competir\u00e1 del 10 al 15 de noviembre.<\/p>\n<p><a href=\"http:\/\/labestiadeportiva.com\/lbd\/wp-content\/uploads\/2014\/09\/MG_3239.jpg\"><img loading=\"lazy\" class=\"aligncenter size-medium wp-image-12831\" title=\"_MG_3239\" src=\"http:\/\/labestiadeportiva.com\/lbd\/wp-content\/uploads\/2014\/09\/MG_3239-300x200.jpg\" alt=\"\" width=\"300\" height=\"200\" srcset=\"http:\/\/labestiadeportiva.com\/lbd\/wp-content\/uploads\/2014\/09\/MG_3239-300x200.jpg 300w, http:\/\/labestiadeportiva.com\/lbd\/wp-content\/uploads\/2014\/09\/MG_3239.jpg 800w\" sizes=\"(max-width: 300px) 100vw, 300px\" \/><\/a><\/p>\n<div class='epvc-post-count'><span class='epvc-eye'><\/span>  <span class=\"epvc-count\"> 1.073<\/span><span class='epvc-label'> veces le\u00edda<\/span><\/div>\n<div class=\"jwsharethis\">\nShare this: \n<br \/>\n<a href=\"mailto:?subject=Finales%20locales%20y%20provinciales%20para%20los%20Juegos%20Fueguinos&amp;body=http%3A%2F%2Flabestiadeportiva.com%2Flbd%2Ffinales-locales-y-provinciales-para-los-juegos-fueguinos%2F\">\n<img src=\"http:\/\/labestiadeportiva.com\/lbd\/wp-content\/plugins\/jw-share-this\/email.png\" alt=\"Share this page via Email\" \/>\n<\/a>\n<a target=\"_blank\" href=\"http:\/\/www.stumbleupon.com\/submit?url=http%3A%2F%2Flabestiadeportiva.com%2Flbd%2Ffinales-locales-y-provinciales-para-los-juegos-fueguinos%2F&amp;title=Finales+locales+y+provinciales+para+los+Juegos+Fueguinos\">\n<img src=\"http:\/\/labestiadeportiva.com\/lbd\/wp-content\/plugins\/jw-share-this\/su.png\" alt=\"Share this page via Stumble Upon\" \/>\n<\/a>\n<a target=\"_blank\" href=\"http:\/\/digg.com\/submit?url=http%3A%2F%2Flabestiadeportiva.com%2Flbd%2Ffinales-locales-y-provinciales-para-los-juegos-fueguinos%2F&amp;title=Finales+locales+y+provinciales+para+los+Juegos+Fueguinos\">\n<img src=\"http:\/\/labestiadeportiva.com\/lbd\/wp-content\/plugins\/jw-share-this\/digg.png\" alt=\"Share this page via Digg this\" \/>\n<\/a>\n<a target=\"_blank\" href=\"http:\/\/www.facebook.com\/sharer.php?u=http%3A%2F%2Flabestiadeportiva.com%2Flbd%2Ffinales-locales-y-provinciales-para-los-juegos-fueguinos%2F&amp;t=Finales+locales+y+provinciales+para+los+Juegos+Fueguinos\">\n<img src=\"http:\/\/labestiadeportiva.com\/lbd\/wp-content\/plugins\/jw-share-this\/fb.png\" alt=\"Share this page via Facebook\" \/>\n<\/a>\n<a target=\"_blank\" href=\"http:\/\/twitter.com\/intent\/tweet?text=I+like+http%3A%2F%2Flabestiadeportiva.com%2Flbd%2Ffinales-locales-y-provinciales-para-los-juegos-fueguinos%2F&amp;title=Finales+locales+y+provinciales+para+los+Juegos+Fueguinos\">\n<img src=\"http:\/\/labestiadeportiva.com\/lbd\/wp-content\/plugins\/jw-share-this\/twitter.png\" alt=\"Share this page via Twitter\" \/>\n<\/a>\n<\/div>\n","protected":false},"excerpt":{"rendered":"<p>Durante el fin de semana se realizaron distintas definiciones correspondientes a los Juegos Fueguinos. B\u00e1squet 3 x 3, gimnasia art\u00edstica deportiva, ajedrez y judo definieron el pasaporte a la Ciudad Aut\u00f3noma de Buenos Aires y Mar del Plata. Asimismo el atletismo y f\u00fatbol 7 femenino compitieron localmente. La competencia clasificatoria organizada por la Secretar\u00eda de &hellip; <a href=\"http:\/\/labestiadeportiva.com\/lbd\/finales-locales-y-provinciales-para-los-juegos-fueguinos\/\" class=\"more-link\">Seguir leyendo <span class=\"screen-reader-text\">Finales locales y provinciales para los Juegos Fueguinos<\/span> <span class=\"meta-nav\">&rarr;<\/span><\/a><\/p>\n","protected":false},"author":1,"featured_media":12827,"comment_status":"open","ping_status":"open","sticky":false,"template":"","format":"standard","meta":[],"categories":[5,1],"tags":[111,50,640],"_links":{"self":[{"href":"http:\/\/labestiadeportiva.com\/lbd\/wp-json\/wp\/v2\/posts\/12826"}],"collection":[{"href":"http:\/\/labestiadeportiva.com\/lbd\/wp-json\/wp\/v2\/posts"}],"about":[{"href":"http:\/\/labestiadeportiva.com\/lbd\/wp-json\/wp\/v2\/types\/post"}],"author":[{"embeddable":true,"href":"http:\/\/labestiadeportiva.com\/lbd\/wp-json\/wp\/v2\/users\/1"}],"replies":[{"embeddable":true,"href":"http:\/\/labestiadeportiva.com\/lbd\/wp-json\/wp\/v2\/comments?post=12826"}],"version-history":[{"count":2,"href":"http:\/\/labestiadeportiva.com\/lbd\/wp-json\/wp\/v2\/posts\/12826\/revisions"}],"predecessor-version":[{"id":12834,"href":"http:\/\/labestiadeportiva.com\/lbd\/wp-json\/wp\/v2\/posts\/12826\/revisions\/12834"}],"wp:featuredmedia":[{"embeddable":true,"href":"http:\/\/labestiadeportiva.com\/lbd\/wp-json\/wp\/v2\/media\/12827"}],"wp:attachment":[{"href":"http:\/\/labestiadeportiva.com\/lbd\/wp-json\/wp\/v2\/media?parent=12826"}],"wp:term":[{"taxonomy":"category","embeddable":true,"href":"http:\/\/labestiadeportiva.com\/lbd\/wp-json\/wp\/v2\/categories?post=12826"},{"taxonomy":"post_tag","embeddable":true,"href":"http:\/\/labestiadeportiva.com\/lbd\/wp-json\/wp\/v2\/tags?post=12826"}],"curies":[{"name":"wp","href":"https:\/\/api.w.org\/{rel}","templated":true}]}}