{"id":12835,"date":"2014-09-18T22:25:56","date_gmt":"2014-09-18T22:25:56","guid":{"rendered":"http:\/\/labestiadeportiva.com\/lbd\/?p=12835"},"modified":"2014-09-18T23:02:33","modified_gmt":"2014-09-18T23:02:33","slug":"asdu-en-rosario","status":"publish","type":"post","link":"http:\/\/labestiadeportiva.com\/lbd\/asdu-en-rosario\/","title":{"rendered":"ASDU en Rosario"},"content":{"rendered":"<p><a href=\"http:\/\/labestiadeportiva.com\/lbd\/wp-content\/uploads\/2014\/09\/10689917_10204551208597208_6530990161796161084_n.jpg\"><img loading=\"lazy\" class=\"alignleft size-medium wp-image-12837\" title=\"10689917_10204551208597208_6530990161796161084_n\" src=\"http:\/\/labestiadeportiva.com\/lbd\/wp-content\/uploads\/2014\/09\/10689917_10204551208597208_6530990161796161084_n-300x144.jpg\" alt=\"\" width=\"300\" height=\"144\" srcset=\"http:\/\/labestiadeportiva.com\/lbd\/wp-content\/uploads\/2014\/09\/10689917_10204551208597208_6530990161796161084_n-300x144.jpg 300w, http:\/\/labestiadeportiva.com\/lbd\/wp-content\/uploads\/2014\/09\/10689917_10204551208597208_6530990161796161084_n.jpg 800w\" sizes=\"(max-width: 300px) 100vw, 300px\" \/><\/a>Desde este jueves por la ma\u00f1ana comenz\u00f3 el viaje de la peque\u00f1a delegaci\u00f3n ushuaiense rumbo a la sede de la competencia nacional de nataci\u00f3n. Florencia Barr\u00eda y Mat\u00edas N\u00fa\u00f1ez Olivera los atletas. El torneo se desarrollar\u00e1 del viernes 19 al domingo 21 en instalaciones del club Sportivo de Rosario.<!--more--><\/p>\n<p>La competencia ser\u00e1 organizada por Olimp\u00edadas Especiales Argentina, contar\u00e1 con alrededor de 200 nadadores de todo el pa\u00eds y ser\u00e1 clasificatoria para los Juegos Mundiales de Verano 2015 a realizarse en Los \u00c1ngeles, Estados Unidos.<\/p>\n<p>La delegaci\u00f3n fueguina se completa con las profesoras Luciana Gim\u00e9nez y Patricia Vera junto a la delegada Viviana Borrego.<\/p>\n<p>Los patag\u00f3nicos realizaron la primera parte del viaje v\u00eda a\u00e9rea para luego, una vez en la Ciudad Aut\u00f3noma de Buenos Aires, completar el trayecto hasta Rosario en forma terrestre.<\/p>\n<p><a href=\"http:\/\/labestiadeportiva.com\/lbd\/wp-content\/uploads\/2014\/09\/10636288_680899582000381_5167004447452788369_n.jpg\"><img loading=\"lazy\" class=\"aligncenter size-medium wp-image-12836\" title=\"10636288_680899582000381_5167004447452788369_n\" src=\"http:\/\/labestiadeportiva.com\/lbd\/wp-content\/uploads\/2014\/09\/10636288_680899582000381_5167004447452788369_n-177x300.jpg\" alt=\"\" width=\"177\" height=\"300\" srcset=\"http:\/\/labestiadeportiva.com\/lbd\/wp-content\/uploads\/2014\/09\/10636288_680899582000381_5167004447452788369_n-177x300.jpg 177w, http:\/\/labestiadeportiva.com\/lbd\/wp-content\/uploads\/2014\/09\/10636288_680899582000381_5167004447452788369_n.jpg 568w\" sizes=\"(max-width: 177px) 100vw, 177px\" \/><\/a><\/p>\n<div class='epvc-post-count'><span class='epvc-eye'><\/span>  <span class=\"epvc-count\"> 970<\/span><span class='epvc-label'> veces le\u00edda<\/span><\/div>\n<div class=\"jwsharethis\">\nShare this: \n<br \/>\n<a href=\"mailto:?subject=ASDU%20en%20Rosario&amp;body=http%3A%2F%2Flabestiadeportiva.com%2Flbd%2Fasdu-en-rosario%2F\">\n<img src=\"http:\/\/labestiadeportiva.com\/lbd\/wp-content\/plugins\/jw-share-this\/email.png\" alt=\"Share this page via Email\" \/>\n<\/a>\n<a target=\"_blank\" href=\"http:\/\/www.stumbleupon.com\/submit?url=http%3A%2F%2Flabestiadeportiva.com%2Flbd%2Fasdu-en-rosario%2F&amp;title=ASDU+en+Rosario\">\n<img src=\"http:\/\/labestiadeportiva.com\/lbd\/wp-content\/plugins\/jw-share-this\/su.png\" alt=\"Share this page via Stumble Upon\" \/>\n<\/a>\n<a target=\"_blank\" href=\"http:\/\/digg.com\/submit?url=http%3A%2F%2Flabestiadeportiva.com%2Flbd%2Fasdu-en-rosario%2F&amp;title=ASDU+en+Rosario\">\n<img src=\"http:\/\/labestiadeportiva.com\/lbd\/wp-content\/plugins\/jw-share-this\/digg.png\" alt=\"Share this page via Digg this\" \/>\n<\/a>\n<a target=\"_blank\" href=\"http:\/\/www.facebook.com\/sharer.php?u=http%3A%2F%2Flabestiadeportiva.com%2Flbd%2Fasdu-en-rosario%2F&amp;t=ASDU+en+Rosario\">\n<img src=\"http:\/\/labestiadeportiva.com\/lbd\/wp-content\/plugins\/jw-share-this\/fb.png\" alt=\"Share this page via Facebook\" \/>\n<\/a>\n<a target=\"_blank\" href=\"http:\/\/twitter.com\/intent\/tweet?text=I+like+http%3A%2F%2Flabestiadeportiva.com%2Flbd%2Fasdu-en-rosario%2F&amp;title=ASDU+en+Rosario\">\n<img src=\"http:\/\/labestiadeportiva.com\/lbd\/wp-content\/plugins\/jw-share-this\/twitter.png\" alt=\"Share this page via Twitter\" \/>\n<\/a>\n<\/div>\n","protected":false},"excerpt":{"rendered":"<p>Desde este jueves por la ma\u00f1ana comenz\u00f3 el viaje de la peque\u00f1a delegaci\u00f3n ushuaiense rumbo a la sede de la competencia nacional de nataci\u00f3n. Florencia Barr\u00eda y Mat\u00edas N\u00fa\u00f1ez Olivera los atletas. El torneo se desarrollar\u00e1 del viernes 19 al domingo 21 en instalaciones del club Sportivo de Rosario. 970 veces le\u00edda Share this:<\/p>\n","protected":false},"author":1,"featured_media":12837,"comment_status":"open","ping_status":"open","sticky":false,"template":"","format":"standard","meta":[],"categories":[5,6,1],"tags":[810,1749,1346,1748],"_links":{"self":[{"href":"http:\/\/labestiadeportiva.com\/lbd\/wp-json\/wp\/v2\/posts\/12835"}],"collection":[{"href":"http:\/\/labestiadeportiva.com\/lbd\/wp-json\/wp\/v2\/posts"}],"about":[{"href":"http:\/\/labestiadeportiva.com\/lbd\/wp-json\/wp\/v2\/types\/post"}],"author":[{"embeddable":true,"href":"http:\/\/labestiadeportiva.com\/lbd\/wp-json\/wp\/v2\/users\/1"}],"replies":[{"embeddable":true,"href":"http:\/\/labestiadeportiva.com\/lbd\/wp-json\/wp\/v2\/comments?post=12835"}],"version-history":[{"count":2,"href":"http:\/\/labestiadeportiva.com\/lbd\/wp-json\/wp\/v2\/posts\/12835\/revisions"}],"predecessor-version":[{"id":12839,"href":"http:\/\/labestiadeportiva.com\/lbd\/wp-json\/wp\/v2\/posts\/12835\/revisions\/12839"}],"wp:featuredmedia":[{"embeddable":true,"href":"http:\/\/labestiadeportiva.com\/lbd\/wp-json\/wp\/v2\/media\/12837"}],"wp:attachment":[{"href":"http:\/\/labestiadeportiva.com\/lbd\/wp-json\/wp\/v2\/media?parent=12835"}],"wp:term":[{"taxonomy":"category","embeddable":true,"href":"http:\/\/labestiadeportiva.com\/lbd\/wp-json\/wp\/v2\/categories?post=12835"},{"taxonomy":"post_tag","embeddable":true,"href":"http:\/\/labestiadeportiva.com\/lbd\/wp-json\/wp\/v2\/tags?post=12835"}],"curies":[{"name":"wp","href":"https:\/\/api.w.org\/{rel}","templated":true}]}}