{"id":12891,"date":"2014-09-22T20:39:51","date_gmt":"2014-09-22T20:39:51","guid":{"rendered":"http:\/\/labestiadeportiva.com\/lbd\/?p=12891"},"modified":"2014-09-22T20:46:05","modified_gmt":"2014-09-22T20:46:05","slug":"agradecimiento-y-emocion","status":"publish","type":"post","link":"http:\/\/labestiadeportiva.com\/lbd\/agradecimiento-y-emocion\/","title":{"rendered":"Agradecimiento y emoci\u00f3n"},"content":{"rendered":"<p><a href=\"http:\/\/labestiadeportiva.com\/lbd\/wp-content\/uploads\/2014\/09\/Ultra-3-Llegada-a-Ushuaia-7.jpg\"><img loading=\"lazy\" class=\"alignleft size-medium wp-image-12892\" title=\"Ultra 3 - Llegada a Ushuaia 7\" src=\"http:\/\/labestiadeportiva.com\/lbd\/wp-content\/uploads\/2014\/09\/Ultra-3-Llegada-a-Ushuaia-7-274x300.jpg\" alt=\"\" width=\"274\" height=\"300\" srcset=\"http:\/\/labestiadeportiva.com\/lbd\/wp-content\/uploads\/2014\/09\/Ultra-3-Llegada-a-Ushuaia-7-274x300.jpg 274w, http:\/\/labestiadeportiva.com\/lbd\/wp-content\/uploads\/2014\/09\/Ultra-3-Llegada-a-Ushuaia-7.jpg 600w\" sizes=\"(max-width: 274px) 100vw, 274px\" \/><\/a>El pasado s\u00e1bado por la tarde el intendente Federico Sciurano finaliz\u00f3 la \u201cUltra Marat\u00f3n Solidaria 3\u201d completando los 440 kil\u00f3metros entre Ushuaia y R\u00edo Grande ida y vuelta en doce d\u00edas. La suma necesitada para la compra del mam\u00f3grafo digital se super\u00f3 con creces siendo de $3.222.297. La Fundaci\u00f3n Flexer y el Centro de Autoayuda de Pacientes Oncol\u00f3gicos (C.A.P.O.) tambi\u00e9n recibieron donaciones econ\u00f3micas. El jefe comunal fue recibido en el Paseo de las Rosas por una importante cantidad de p\u00fablico. Las fotos son gentileza de prensa Municipalidad de Ushuaia.<!--more--><\/p>\n<p>Los \u00faltimos diez kil\u00f3metros de marcha comenzaron poco antes de las tres y media de la tarde desde la zona cercana a \u201cLa Gruta\u201d a escasos mil metros del ingreso a la capital provincial.<\/p>\n<p>En poco menos de una hora el jefe comunal ingres\u00f3 en el sector de la llegada, preparada para la ocasi\u00f3n, \u00a0donde esperaban desde temprano simpatizantes, miembros de su equipo e integrantes de la Cooperadora del Hospital Regional R\u00edo Grande, CAPO y la Fundaci\u00f3n Flexer.<\/p>\n<p>Como en la llegada a R\u00edo Grande una vez m\u00e1s Agust\u00edn \u201cFachi\u201d Facello, en plena recuperaci\u00f3n de su ACV, escolt\u00f3 al intendente en los \u00faltimos metro llegando juntos a la meta.<\/p>\n<p><a href=\"http:\/\/labestiadeportiva.com\/lbd\/wp-content\/uploads\/2014\/09\/DSC_00081.jpg\"><img loading=\"lazy\" class=\"aligncenter size-medium wp-image-12893\" title=\"DSC_0008\" src=\"http:\/\/labestiadeportiva.com\/lbd\/wp-content\/uploads\/2014\/09\/DSC_00081-275x300.jpg\" alt=\"\" width=\"275\" height=\"300\" srcset=\"http:\/\/labestiadeportiva.com\/lbd\/wp-content\/uploads\/2014\/09\/DSC_00081-275x300.jpg 275w, http:\/\/labestiadeportiva.com\/lbd\/wp-content\/uploads\/2014\/09\/DSC_00081.jpg 600w\" sizes=\"(max-width: 275px) 100vw, 275px\" \/><\/a>Abrazos, fotos, saludos, l\u00e1grimas colmaron los instantes posteriores al logro. Visiblemente emocionado Sciurano tom\u00f3 la palabra diciendo:<\/p>\n<p><span style=\"color: #0000ff;\">\u201cLa ayuda a los que lo necesitan vale el esfuerzo de todos. Lo m\u00e1s importante es darnos cuenta que estas cosas las hacemos entre todos, que nadie resuelve m\u00e1gicamente nada y que cuando somos muchos las cosas son m\u00e1s f\u00e1ciles. Le agradezco a la vida que me permita ayudar de esta manera. Gracias a mis hijos, a mi familia por su apoyo en estos d\u00edas que fueron muy duros y muchas gracias a todos los que ayudaron para lograr el objetivo. Luchemos contra el c\u00e1ncer, contra la diabetes, la vida vale la pena.\u201d<\/span><\/p>\n<p>R\u00e1pidamente se dio a conocer el monto recaudado que super\u00f3 largamente las expectativas. Lleg\u00f3 la entrega del cheque a la Cooperadora por el equivalente a 382.695 d\u00f3lares, la misma dio a la fundadora de la Fundaci\u00f3n Flexer, Edith Grynszpancholc, un cheque por 150.000 pesos y a CAPO una ayuda de 300.000 pesos compartiendo lo recaudado con estas dos instituciones.<\/p>\n<p>De esta forma en una tarde algo ventosa pero con sol culmin\u00f3 la cruzada solidaria, 440 kil\u00f3metros, doce d\u00edas y la tercera versi\u00f3n de la Ultra Marat\u00f3n donde el intendente deportista del fin del mundo, el cual padece diabetes tipo 1, volvi\u00f3 a salir a la Ruta Nacional N\u00b0 3 para ponerle el f\u00edsico a esta noble causa.<\/p>\n<p><a href=\"http:\/\/labestiadeportiva.com\/lbd\/wp-content\/uploads\/2014\/09\/DSC_1109.jpg\"><img loading=\"lazy\" class=\"aligncenter size-medium wp-image-12894\" title=\"DSC_1109\" src=\"http:\/\/labestiadeportiva.com\/lbd\/wp-content\/uploads\/2014\/09\/DSC_1109-227x300.jpg\" alt=\"\" width=\"227\" height=\"300\" srcset=\"http:\/\/labestiadeportiva.com\/lbd\/wp-content\/uploads\/2014\/09\/DSC_1109-227x300.jpg 227w, http:\/\/labestiadeportiva.com\/lbd\/wp-content\/uploads\/2014\/09\/DSC_1109.jpg 600w\" sizes=\"(max-width: 227px) 100vw, 227px\" \/><\/a><\/p>\n<p>&nbsp;<\/p>\n<div class='epvc-post-count'><span class='epvc-eye'><\/span>  <span class=\"epvc-count\"> 956<\/span><span class='epvc-label'> veces le\u00edda<\/span><\/div>\n<div class=\"jwsharethis\">\nShare this: \n<br \/>\n<a href=\"mailto:?subject=Agradecimiento%20y%20emoci%C3%B3n&amp;body=http%3A%2F%2Flabestiadeportiva.com%2Flbd%2Fagradecimiento-y-emocion%2F\">\n<img src=\"http:\/\/labestiadeportiva.com\/lbd\/wp-content\/plugins\/jw-share-this\/email.png\" alt=\"Share this page via Email\" \/>\n<\/a>\n<a target=\"_blank\" href=\"http:\/\/www.stumbleupon.com\/submit?url=http%3A%2F%2Flabestiadeportiva.com%2Flbd%2Fagradecimiento-y-emocion%2F&amp;title=Agradecimiento+y+emoci%C3%B3n\">\n<img src=\"http:\/\/labestiadeportiva.com\/lbd\/wp-content\/plugins\/jw-share-this\/su.png\" alt=\"Share this page via Stumble Upon\" \/>\n<\/a>\n<a target=\"_blank\" href=\"http:\/\/digg.com\/submit?url=http%3A%2F%2Flabestiadeportiva.com%2Flbd%2Fagradecimiento-y-emocion%2F&amp;title=Agradecimiento+y+emoci%C3%B3n\">\n<img src=\"http:\/\/labestiadeportiva.com\/lbd\/wp-content\/plugins\/jw-share-this\/digg.png\" alt=\"Share this page via Digg this\" \/>\n<\/a>\n<a target=\"_blank\" href=\"http:\/\/www.facebook.com\/sharer.php?u=http%3A%2F%2Flabestiadeportiva.com%2Flbd%2Fagradecimiento-y-emocion%2F&amp;t=Agradecimiento+y+emoci%C3%B3n\">\n<img src=\"http:\/\/labestiadeportiva.com\/lbd\/wp-content\/plugins\/jw-share-this\/fb.png\" alt=\"Share this page via Facebook\" \/>\n<\/a>\n<a target=\"_blank\" href=\"http:\/\/twitter.com\/intent\/tweet?text=I+like+http%3A%2F%2Flabestiadeportiva.com%2Flbd%2Fagradecimiento-y-emocion%2F&amp;title=Agradecimiento+y+emoci%C3%B3n\">\n<img src=\"http:\/\/labestiadeportiva.com\/lbd\/wp-content\/plugins\/jw-share-this\/twitter.png\" alt=\"Share this page via Twitter\" \/>\n<\/a>\n<\/div>\n","protected":false},"excerpt":{"rendered":"<p>El pasado s\u00e1bado por la tarde el intendente Federico Sciurano finaliz\u00f3 la \u201cUltra Marat\u00f3n Solidaria 3\u201d completando los 440 kil\u00f3metros entre Ushuaia y R\u00edo Grande ida y vuelta en doce d\u00edas. La suma necesitada para la compra del mam\u00f3grafo digital se super\u00f3 con creces siendo de $3.222.297. La Fundaci\u00f3n Flexer y el Centro de Autoayuda &hellip; <a href=\"http:\/\/labestiadeportiva.com\/lbd\/agradecimiento-y-emocion\/\" class=\"more-link\">Seguir leyendo <span class=\"screen-reader-text\">Agradecimiento y emoci\u00f3n<\/span> <span class=\"meta-nav\">&rarr;<\/span><\/a><\/p>\n","protected":false},"author":1,"featured_media":12892,"comment_status":"open","ping_status":"open","sticky":false,"template":"","format":"standard","meta":[],"categories":[22,5,1],"tags":[4831,557,1642],"_links":{"self":[{"href":"http:\/\/labestiadeportiva.com\/lbd\/wp-json\/wp\/v2\/posts\/12891"}],"collection":[{"href":"http:\/\/labestiadeportiva.com\/lbd\/wp-json\/wp\/v2\/posts"}],"about":[{"href":"http:\/\/labestiadeportiva.com\/lbd\/wp-json\/wp\/v2\/types\/post"}],"author":[{"embeddable":true,"href":"http:\/\/labestiadeportiva.com\/lbd\/wp-json\/wp\/v2\/users\/1"}],"replies":[{"embeddable":true,"href":"http:\/\/labestiadeportiva.com\/lbd\/wp-json\/wp\/v2\/comments?post=12891"}],"version-history":[{"count":2,"href":"http:\/\/labestiadeportiva.com\/lbd\/wp-json\/wp\/v2\/posts\/12891\/revisions"}],"predecessor-version":[{"id":12896,"href":"http:\/\/labestiadeportiva.com\/lbd\/wp-json\/wp\/v2\/posts\/12891\/revisions\/12896"}],"wp:featuredmedia":[{"embeddable":true,"href":"http:\/\/labestiadeportiva.com\/lbd\/wp-json\/wp\/v2\/media\/12892"}],"wp:attachment":[{"href":"http:\/\/labestiadeportiva.com\/lbd\/wp-json\/wp\/v2\/media?parent=12891"}],"wp:term":[{"taxonomy":"category","embeddable":true,"href":"http:\/\/labestiadeportiva.com\/lbd\/wp-json\/wp\/v2\/categories?post=12891"},{"taxonomy":"post_tag","embeddable":true,"href":"http:\/\/labestiadeportiva.com\/lbd\/wp-json\/wp\/v2\/tags?post=12891"}],"curies":[{"name":"wp","href":"https:\/\/api.w.org\/{rel}","templated":true}]}}