{"id":12915,"date":"2014-09-23T22:31:19","date_gmt":"2014-09-23T22:31:19","guid":{"rendered":"http:\/\/labestiadeportiva.com\/lbd\/?p=12915"},"modified":"2014-09-23T22:33:29","modified_gmt":"2014-09-23T22:33:29","slug":"ensayando-en-la-capital","status":"publish","type":"post","link":"http:\/\/labestiadeportiva.com\/lbd\/ensayando-en-la-capital\/","title":{"rendered":"Ensayando en la capital"},"content":{"rendered":"<p><a href=\"http:\/\/labestiadeportiva.com\/lbd\/wp-content\/uploads\/2014\/09\/voleychi.jpg.jpg\"><img loading=\"lazy\" class=\"alignleft size-medium wp-image-12920\" title=\"voleychi.jpg\" src=\"http:\/\/labestiadeportiva.com\/lbd\/wp-content\/uploads\/2014\/09\/voleychi.jpg-300x175.jpg\" alt=\"\" width=\"300\" height=\"175\" srcset=\"http:\/\/labestiadeportiva.com\/lbd\/wp-content\/uploads\/2014\/09\/voleychi.jpg-300x175.jpg 300w, http:\/\/labestiadeportiva.com\/lbd\/wp-content\/uploads\/2014\/09\/voleychi.jpg.jpg 800w\" sizes=\"(max-width: 300px) 100vw, 300px\" \/><\/a>El d\u00eda domingo se realizaron tres nuevas concentraciones de planteles que ultiman su preparaci\u00f3n para una nueva cita araucana. B\u00e1squet femenino, f\u00fatbol y v\u00f3ley masculino trabajaron en doble turno. Las fotos son gentileza de prensa Secretar\u00eda de Deportes Provincial.<\/p>\n<p>A cargo de los entrenadores ushuaienses Gustavo \u201cZurdo\u201d Salazar (v\u00f3ley masculino), Guillermo \u201cDesnu\u201d Navarro (b\u00e1squet femenino) y Ra\u00fal Ralinqueo (f\u00fatbol) se realiz\u00f3 durante la jornada dominguera dos intensas sesiones de entrenamientos.<!--more--><\/p>\n<p>El v\u00f3ley trabaj\u00f3 en el gimnasio \u201cMirador de Los Andes\u201d del barrio 640 ubicado en el ingreso de la ciudad, el b\u00e1squet lo hizo en instalaciones del Profesora Ana V. Gir\u00f3 del barrio 245 Viviendas mientras que el plantel futbolero realiz\u00f3 sus est\u00edmulos bajo la lluvia en el sint\u00e9tico municipal \u201cHugo Lumbreras\u201d.<\/p>\n<p>Desde LBD nos comunicamos brevemente con los responsables de los planteles, Salazar expres\u00f3: <span style=\"color: #0000ff;\">\u201cSer\u00eda ideal realizar un par de est\u00edmulos m\u00e1s antes de noviembre, por suerte contamos con un plantel consolidado. Si podemos contar con un par de refuerzos podemos esperanzarnos con intentar alcanzar el podio. Ser\u00eda fabuloso poder lograrlo con este grupo que est\u00e1 por culminar un proceso que comenz\u00f3 hace cuatro a\u00f1os con el EPADE\u201d.<\/span><\/p>\n<p>El entrenador del b\u00e1squet femenino nos dijo: <span style=\"color: #0000ff;\">\u201cLa disciplina ha mejorado en la provincia durante los \u00faltimos a\u00f1os. Bajamos los m\u00e1rgenes de diferencia con el resto de las provincias y regiones con las que competimos. Tengo mucha esperanza en este plantel para seguir por esta senda en Temuco. Sabemos que tenemos que intensificar la defensa tratando de bajar el goleo en contra\u201d.<\/span><\/p>\n<p>Finalmente Ralinqueo declar\u00f3: <span style=\"color: #0000ff;\">Esperamos poder juntarnos dos o tres veces m\u00e1s antes de noviembre. Veremos qu\u00e9 pasa con algunos valores que se encuentran jugando afuera, si no pueden venir encararemos el compromiso exclusivamente con los chicos de ac\u00e1. Me preocupa el largo viaje y la temperatura de Temuco que ser\u00e1 parecida a la que padecimos en Futrono\u201d<\/span><\/p>\n<p>Cabe recordar que los Juegos Binacionales se realizar\u00e1 del 24 al 30 de noviembre, en la regi\u00f3n chilena de Araucan\u00eda con epicentro en la localidad de Temuco siendo la edici\u00f3n n\u00famero 23 de la competencia juvenil.<\/p>\n<p>Estar\u00e1n presentes las provincias de La Pampa, Neuqu\u00e9n, R\u00edo Negro, Chubut, Santa Cruz y Tierra del Fuego quienes se enfrentar\u00e1n entre s\u00ed y ante las regiones de Araucan\u00eda, Bio Bio, Los Lagos, Los R\u00edos, Ays\u00e9n y Magallanes.<\/p>\n<p>Sobre las sedes y sus disciplinas podemos adelantar que la capital regional tendr\u00e1 el atletismo, b\u00e1squet femenino, nataci\u00f3n, f\u00fatbol y v\u00f3ley femenino, Angol recibir\u00e1 al judo; Victoria el b\u00e1squet masculino; Villa Rica, v\u00f3ley masculino para finalmente Vilc\u00fan albergar el ciclismo de ruta.<\/p>\n<p><a href=\"http:\/\/labestiadeportiva.com\/lbd\/wp-content\/uploads\/2014\/09\/Selecci+\u00a6n-de-B+\u00edsquet-Femenino1.jpg\"><img loading=\"lazy\" class=\"aligncenter size-medium wp-image-12918\" title=\"Selecci+\u00a6n de B+\u00edsquet Femenino\" src=\"http:\/\/labestiadeportiva.com\/lbd\/wp-content\/uploads\/2014\/09\/Selecci+\u00a6n-de-B+\u00edsquet-Femenino1-300x184.jpg\" alt=\"\" width=\"300\" height=\"184\" srcset=\"http:\/\/labestiadeportiva.com\/lbd\/wp-content\/uploads\/2014\/09\/Selecci+\u00a6n-de-B+\u00edsquet-Femenino1-300x184.jpg 300w, http:\/\/labestiadeportiva.com\/lbd\/wp-content\/uploads\/2014\/09\/Selecci+\u00a6n-de-B+\u00edsquet-Femenino1.jpg 800w\" sizes=\"(max-width: 300px) 100vw, 300px\" \/><\/a><\/p>\n<p>&nbsp;<\/p>\n<div class='epvc-post-count'><span class='epvc-eye'><\/span>  <span class=\"epvc-count\"> 1.110<\/span><span class='epvc-label'> veces le\u00edda<\/span><\/div>\n<div class=\"jwsharethis\">\nShare this: \n<br \/>\n<a href=\"mailto:?subject=Ensayando%20en%20la%20capital&amp;body=http%3A%2F%2Flabestiadeportiva.com%2Flbd%2Fensayando-en-la-capital%2F\">\n<img src=\"http:\/\/labestiadeportiva.com\/lbd\/wp-content\/plugins\/jw-share-this\/email.png\" alt=\"Share this page via Email\" \/>\n<\/a>\n<a target=\"_blank\" href=\"http:\/\/www.stumbleupon.com\/submit?url=http%3A%2F%2Flabestiadeportiva.com%2Flbd%2Fensayando-en-la-capital%2F&amp;title=Ensayando+en+la+capital\">\n<img src=\"http:\/\/labestiadeportiva.com\/lbd\/wp-content\/plugins\/jw-share-this\/su.png\" alt=\"Share this page via Stumble Upon\" \/>\n<\/a>\n<a target=\"_blank\" href=\"http:\/\/digg.com\/submit?url=http%3A%2F%2Flabestiadeportiva.com%2Flbd%2Fensayando-en-la-capital%2F&amp;title=Ensayando+en+la+capital\">\n<img src=\"http:\/\/labestiadeportiva.com\/lbd\/wp-content\/plugins\/jw-share-this\/digg.png\" alt=\"Share this page via Digg this\" \/>\n<\/a>\n<a target=\"_blank\" href=\"http:\/\/www.facebook.com\/sharer.php?u=http%3A%2F%2Flabestiadeportiva.com%2Flbd%2Fensayando-en-la-capital%2F&amp;t=Ensayando+en+la+capital\">\n<img src=\"http:\/\/labestiadeportiva.com\/lbd\/wp-content\/plugins\/jw-share-this\/fb.png\" alt=\"Share this page via Facebook\" \/>\n<\/a>\n<a target=\"_blank\" href=\"http:\/\/twitter.com\/intent\/tweet?text=I+like+http%3A%2F%2Flabestiadeportiva.com%2Flbd%2Fensayando-en-la-capital%2F&amp;title=Ensayando+en+la+capital\">\n<img src=\"http:\/\/labestiadeportiva.com\/lbd\/wp-content\/plugins\/jw-share-this\/twitter.png\" alt=\"Share this page via Twitter\" \/>\n<\/a>\n<\/div>\n","protected":false},"excerpt":{"rendered":"<p>El d\u00eda domingo se realizaron tres nuevas concentraciones de planteles que ultiman su preparaci\u00f3n para una nueva cita araucana. B\u00e1squet femenino, f\u00fatbol y v\u00f3ley masculino trabajaron en doble turno. Las fotos son gentileza de prensa Secretar\u00eda de Deportes Provincial. A cargo de los entrenadores ushuaienses Gustavo \u201cZurdo\u201d Salazar (v\u00f3ley masculino), Guillermo \u201cDesnu\u201d Navarro (b\u00e1squet femenino) &hellip; <a href=\"http:\/\/labestiadeportiva.com\/lbd\/ensayando-en-la-capital\/\" class=\"more-link\">Seguir leyendo <span class=\"screen-reader-text\">Ensayando en la capital<\/span> <span class=\"meta-nav\">&rarr;<\/span><\/a><\/p>\n","protected":false},"author":1,"featured_media":12920,"comment_status":"open","ping_status":"open","sticky":false,"template":"","format":"standard","meta":[],"categories":[5,1,207],"tags":[1755,852,1756,16],"_links":{"self":[{"href":"http:\/\/labestiadeportiva.com\/lbd\/wp-json\/wp\/v2\/posts\/12915"}],"collection":[{"href":"http:\/\/labestiadeportiva.com\/lbd\/wp-json\/wp\/v2\/posts"}],"about":[{"href":"http:\/\/labestiadeportiva.com\/lbd\/wp-json\/wp\/v2\/types\/post"}],"author":[{"embeddable":true,"href":"http:\/\/labestiadeportiva.com\/lbd\/wp-json\/wp\/v2\/users\/1"}],"replies":[{"embeddable":true,"href":"http:\/\/labestiadeportiva.com\/lbd\/wp-json\/wp\/v2\/comments?post=12915"}],"version-history":[{"count":2,"href":"http:\/\/labestiadeportiva.com\/lbd\/wp-json\/wp\/v2\/posts\/12915\/revisions"}],"predecessor-version":[{"id":12921,"href":"http:\/\/labestiadeportiva.com\/lbd\/wp-json\/wp\/v2\/posts\/12915\/revisions\/12921"}],"wp:featuredmedia":[{"embeddable":true,"href":"http:\/\/labestiadeportiva.com\/lbd\/wp-json\/wp\/v2\/media\/12920"}],"wp:attachment":[{"href":"http:\/\/labestiadeportiva.com\/lbd\/wp-json\/wp\/v2\/media?parent=12915"}],"wp:term":[{"taxonomy":"category","embeddable":true,"href":"http:\/\/labestiadeportiva.com\/lbd\/wp-json\/wp\/v2\/categories?post=12915"},{"taxonomy":"post_tag","embeddable":true,"href":"http:\/\/labestiadeportiva.com\/lbd\/wp-json\/wp\/v2\/tags?post=12915"}],"curies":[{"name":"wp","href":"https:\/\/api.w.org\/{rel}","templated":true}]}}