{"id":13058,"date":"2014-10-02T19:30:45","date_gmt":"2014-10-02T19:30:45","guid":{"rendered":"http:\/\/labestiadeportiva.com\/lbd\/?p=13058"},"modified":"2014-10-02T19:30:45","modified_gmt":"2014-10-02T19:30:45","slug":"juancito-en-casa-de-gobierno","status":"publish","type":"post","link":"http:\/\/labestiadeportiva.com\/lbd\/juancito-en-casa-de-gobierno\/","title":{"rendered":"\u201cJuancito\u201d en Casa de Gobierno"},"content":{"rendered":"<p><a href=\"http:\/\/labestiadeportiva.com\/lbd\/wp-content\/uploads\/2014\/10\/4de979dc-70b9-4fe5-8628-51307c882e1e.jpg\"><img loading=\"lazy\" class=\"alignleft size-medium wp-image-13059\" title=\"4de979dc-70b9-4fe5-8628-51307c882e1e\" src=\"http:\/\/labestiadeportiva.com\/lbd\/wp-content\/uploads\/2014\/10\/4de979dc-70b9-4fe5-8628-51307c882e1e-300x202.jpg\" alt=\"\" width=\"300\" height=\"202\" srcset=\"http:\/\/labestiadeportiva.com\/lbd\/wp-content\/uploads\/2014\/10\/4de979dc-70b9-4fe5-8628-51307c882e1e-300x202.jpg 300w, http:\/\/labestiadeportiva.com\/lbd\/wp-content\/uploads\/2014\/10\/4de979dc-70b9-4fe5-8628-51307c882e1e.jpg 417w\" sizes=\"(max-width: 300px) 100vw, 300px\" \/><\/a>El joven deportista local, Juan Eleicegui, visit\u00f3 este mi\u00e9rcoles la Casa de Gobierno donde fue recibido por el vicegobernador Roberto Crocianelli. El jugador de hockey pista perteneciente a Ushuaia Rugby Club formar\u00e1 parte de la Selecci\u00f3n Argentina, en su divisional mayor, que estar\u00e1 presente en Canad\u00e1 del 10 al 13 de octubre para disputar el Torneo 4 Naciones.<!--more--><\/p>\n<p>Sobre la convocatoria y su visita a Gobierno el atleta de tan solo 16 a\u00f1os expres\u00f3:<\/p>\n<p><span style=\"color: #0000ff;\"> \u201cFui convocado para competir en el Torneo 4 Naciones en Canad\u00e1. Me dieron la noticia hace un mes aproximadamente y el vicegobernador me invit\u00f3 para felicitarme y saludarme antes del viaje. <\/span><\/p>\n<p><span style=\"color: #0000ff;\">Despu\u00e9s de haber jugado el Nacional de Clubes el profesor Gabriel Torres, que es asistente del Seleccionado Mayor me dio la noticia. <\/span><\/p>\n<p><span style=\"color: #0000ff;\">Para m\u00ed es un orgullo formar parte de este equipo, estoy muy emocionado y ansioso por disfrutar esta experiencia, es la primera vez que viajo al exterior y voy a intentar dar todo lo mejor de m\u00ed\u201d.<\/span><\/p>\n<div class='epvc-post-count'><span class='epvc-eye'><\/span>  <span class=\"epvc-count\"> 1.299<\/span><span class='epvc-label'> veces le\u00edda<\/span><\/div>\n<div class=\"jwsharethis\">\nShare this: \n<br \/>\n<a href=\"mailto:?subject=%E2%80%9CJuancito%E2%80%9D%20en%20Casa%20de%20Gobierno&amp;body=http%3A%2F%2Flabestiadeportiva.com%2Flbd%2Fjuancito-en-casa-de-gobierno%2F\">\n<img src=\"http:\/\/labestiadeportiva.com\/lbd\/wp-content\/plugins\/jw-share-this\/email.png\" alt=\"Share this page via Email\" \/>\n<\/a>\n<a target=\"_blank\" href=\"http:\/\/www.stumbleupon.com\/submit?url=http%3A%2F%2Flabestiadeportiva.com%2Flbd%2Fjuancito-en-casa-de-gobierno%2F&amp;title=%E2%80%9CJuancito%E2%80%9D+en+Casa+de+Gobierno\">\n<img src=\"http:\/\/labestiadeportiva.com\/lbd\/wp-content\/plugins\/jw-share-this\/su.png\" alt=\"Share this page via Stumble Upon\" \/>\n<\/a>\n<a target=\"_blank\" href=\"http:\/\/digg.com\/submit?url=http%3A%2F%2Flabestiadeportiva.com%2Flbd%2Fjuancito-en-casa-de-gobierno%2F&amp;title=%E2%80%9CJuancito%E2%80%9D+en+Casa+de+Gobierno\">\n<img src=\"http:\/\/labestiadeportiva.com\/lbd\/wp-content\/plugins\/jw-share-this\/digg.png\" alt=\"Share this page via Digg this\" \/>\n<\/a>\n<a target=\"_blank\" href=\"http:\/\/www.facebook.com\/sharer.php?u=http%3A%2F%2Flabestiadeportiva.com%2Flbd%2Fjuancito-en-casa-de-gobierno%2F&amp;t=%E2%80%9CJuancito%E2%80%9D+en+Casa+de+Gobierno\">\n<img src=\"http:\/\/labestiadeportiva.com\/lbd\/wp-content\/plugins\/jw-share-this\/fb.png\" alt=\"Share this page via Facebook\" \/>\n<\/a>\n<a target=\"_blank\" href=\"http:\/\/twitter.com\/intent\/tweet?text=I+like+http%3A%2F%2Flabestiadeportiva.com%2Flbd%2Fjuancito-en-casa-de-gobierno%2F&amp;title=%E2%80%9CJuancito%E2%80%9D+en+Casa+de+Gobierno\">\n<img src=\"http:\/\/labestiadeportiva.com\/lbd\/wp-content\/plugins\/jw-share-this\/twitter.png\" alt=\"Share this page via Twitter\" \/>\n<\/a>\n<\/div>\n","protected":false},"excerpt":{"rendered":"<p>El joven deportista local, Juan Eleicegui, visit\u00f3 este mi\u00e9rcoles la Casa de Gobierno donde fue recibido por el vicegobernador Roberto Crocianelli. El jugador de hockey pista perteneciente a Ushuaia Rugby Club formar\u00e1 parte de la Selecci\u00f3n Argentina, en su divisional mayor, que estar\u00e1 presente en Canad\u00e1 del 10 al 13 de octubre para disputar el &hellip; <a href=\"http:\/\/labestiadeportiva.com\/lbd\/juancito-en-casa-de-gobierno\/\" class=\"more-link\">Seguir leyendo <span class=\"screen-reader-text\">\u201cJuancito\u201d en Casa de Gobierno<\/span> <span class=\"meta-nav\">&rarr;<\/span><\/a><\/p>\n","protected":false},"author":1,"featured_media":13059,"comment_status":"open","ping_status":"open","sticky":false,"template":"","format":"standard","meta":[],"categories":[5,4,6,650,1],"tags":[407,32,1774,88,1775],"_links":{"self":[{"href":"http:\/\/labestiadeportiva.com\/lbd\/wp-json\/wp\/v2\/posts\/13058"}],"collection":[{"href":"http:\/\/labestiadeportiva.com\/lbd\/wp-json\/wp\/v2\/posts"}],"about":[{"href":"http:\/\/labestiadeportiva.com\/lbd\/wp-json\/wp\/v2\/types\/post"}],"author":[{"embeddable":true,"href":"http:\/\/labestiadeportiva.com\/lbd\/wp-json\/wp\/v2\/users\/1"}],"replies":[{"embeddable":true,"href":"http:\/\/labestiadeportiva.com\/lbd\/wp-json\/wp\/v2\/comments?post=13058"}],"version-history":[{"count":1,"href":"http:\/\/labestiadeportiva.com\/lbd\/wp-json\/wp\/v2\/posts\/13058\/revisions"}],"predecessor-version":[{"id":13060,"href":"http:\/\/labestiadeportiva.com\/lbd\/wp-json\/wp\/v2\/posts\/13058\/revisions\/13060"}],"wp:featuredmedia":[{"embeddable":true,"href":"http:\/\/labestiadeportiva.com\/lbd\/wp-json\/wp\/v2\/media\/13059"}],"wp:attachment":[{"href":"http:\/\/labestiadeportiva.com\/lbd\/wp-json\/wp\/v2\/media?parent=13058"}],"wp:term":[{"taxonomy":"category","embeddable":true,"href":"http:\/\/labestiadeportiva.com\/lbd\/wp-json\/wp\/v2\/categories?post=13058"},{"taxonomy":"post_tag","embeddable":true,"href":"http:\/\/labestiadeportiva.com\/lbd\/wp-json\/wp\/v2\/tags?post=13058"}],"curies":[{"name":"wp","href":"https:\/\/api.w.org\/{rel}","templated":true}]}}