{"id":13227,"date":"2014-10-15T19:40:01","date_gmt":"2014-10-15T19:40:01","guid":{"rendered":"http:\/\/labestiadeportiva.com\/lbd\/?p=13227"},"modified":"2014-10-15T19:40:01","modified_gmt":"2014-10-15T19:40:01","slug":"la-seleccion-argentina-de-futsal-cafs-concentro-en-pila","status":"publish","type":"post","link":"http:\/\/labestiadeportiva.com\/lbd\/la-seleccion-argentina-de-futsal-cafs-concentro-en-pila\/","title":{"rendered":"La Selecci\u00f3n Argentina de Futsal CAFS concentr\u00f3 en Pila"},"content":{"rendered":"<p><a href=\"http:\/\/labestiadeportiva.com\/lbd\/wp-content\/uploads\/2014\/10\/IMG-20141012-WA0015.jpg\"><img loading=\"lazy\" class=\"alignleft size-medium wp-image-13228\" title=\"IMG-20141012-WA0015\" src=\"http:\/\/labestiadeportiva.com\/lbd\/wp-content\/uploads\/2014\/10\/IMG-20141012-WA0015-300x157.jpg\" alt=\"\" width=\"300\" height=\"157\" srcset=\"http:\/\/labestiadeportiva.com\/lbd\/wp-content\/uploads\/2014\/10\/IMG-20141012-WA0015-300x157.jpg 300w, http:\/\/labestiadeportiva.com\/lbd\/wp-content\/uploads\/2014\/10\/IMG-20141012-WA0015-1024x536.jpg 1024w, http:\/\/labestiadeportiva.com\/lbd\/wp-content\/uploads\/2014\/10\/IMG-20141012-WA0015.jpg 1280w\" sizes=\"(max-width: 300px) 100vw, 300px\" \/><\/a>Durante el fin de semana el plantel conducido por Ariel Avvedutto tuvo una nueva convocatoria esta vez en la ciudad ubicada en el centro norte de la provincia de Buenos Aires. Formaron parte del est\u00edmulo los fueguinos Mauricio Mart\u00ednez, Marcelo \u201cChelo\u201d S\u00e1nchez y Mat\u00edas \u201cLagarto\u201d Avenda\u00f1o (jugadores), Mart\u00edn Bonvehi (entrenador), Ramiro Bravo (Preparador F\u00edsico) y Walter Sara (Oste\u00f3pata). Las fotos son gentileza de seleccionargentinadefutsal.blogspot.com.ar<!--more--><\/p>\n<p>La nueva actividad para la Selecci\u00f3n Argentina mayor fue del viernes 10 al domingo 12 de octubre. El plantel argento arrib\u00f3 a media ma\u00f1ana para instalarse r\u00e1pidamente en el albergue local y comenzar con las actividades.<\/p>\n<p>Primer contacto con el campo de juego para hacer algunos ejercicios preparados por el Cuerpo T\u00e9cnico para luego realizar test f\u00edsicos a cargo del profesor Ramiro Bravo.<\/p>\n<p>Fueron tres intensos d\u00edas de triple turno donde los 18 jugadores presentes fueron testeados y exigidos por diez integrantes del Cuerpo T\u00e9cnico que tiene como cabeza principal al profesor Ariel Avvedutto.<\/p>\n<p>Importante presencia fueguina con los jugadores Mauricio Mart\u00ednez, \u201cChelo\u201d S\u00e1nchez y \u201cLagarto\u201d Avenda\u00f1o a los que se sumaron el entrenador Mart\u00edn Bonvehi, el preparador F\u00edsico Ramiro Bravo completando la n\u00f3mina provincial el riograndense Walter Sara Oste\u00f3pata del plantel nacional.<\/p>\n<p>Cabe recordar que el principal objetivo es el mundial de Rusia, antes de ello llegar\u00e1 el Sudamericano en la localidad colombiana de Monter\u00eda del 1 al 7 de diciembre.<\/p>\n<p>Asimismo previo a esta cita continental el seleccionado argento participar\u00e1 de la Copa Claro, un cuadrangular una semana antes del comienzo del choque sudamericano.<\/p>\n<p>El proyecto \u201cTodos somos Selecci\u00f3n Argentina\u201d goza de buena salud luciendo sumamente federal, el compromiso en cada uno de sus integrantes es uno de los principales valores de un plantel que trabaja so\u00f1ando en poner al futsal del pa\u00eds en los primeros planos internacionales.<\/p>\n<p><a href=\"http:\/\/labestiadeportiva.com\/lbd\/wp-content\/uploads\/2014\/10\/IMG-20141010-WA0003.jpg\"><img loading=\"lazy\" class=\"aligncenter size-medium wp-image-13229\" title=\"IMG-20141010-WA0003\" src=\"http:\/\/labestiadeportiva.com\/lbd\/wp-content\/uploads\/2014\/10\/IMG-20141010-WA0003-300x152.jpg\" alt=\"\" width=\"300\" height=\"152\" srcset=\"http:\/\/labestiadeportiva.com\/lbd\/wp-content\/uploads\/2014\/10\/IMG-20141010-WA0003-300x152.jpg 300w, http:\/\/labestiadeportiva.com\/lbd\/wp-content\/uploads\/2014\/10\/IMG-20141010-WA0003-1024x519.jpg 1024w, http:\/\/labestiadeportiva.com\/lbd\/wp-content\/uploads\/2014\/10\/IMG-20141010-WA0003.jpg 1094w\" sizes=\"(max-width: 300px) 100vw, 300px\" \/><\/a><\/p>\n<div class='epvc-post-count'><span class='epvc-eye'><\/span>  <span class=\"epvc-count\"> 1.338<\/span><span class='epvc-label'> veces le\u00edda<\/span><\/div>\n<div class=\"jwsharethis\">\nShare this: \n<br \/>\n<a href=\"mailto:?subject=La%20Selecci%C3%B3n%20Argentina%20de%20Futsal%20CAFS%20concentr%C3%B3%20en%20Pila&amp;body=http%3A%2F%2Flabestiadeportiva.com%2Flbd%2Fla-seleccion-argentina-de-futsal-cafs-concentro-en-pila%2F\">\n<img src=\"http:\/\/labestiadeportiva.com\/lbd\/wp-content\/plugins\/jw-share-this\/email.png\" alt=\"Share this page via Email\" \/>\n<\/a>\n<a target=\"_blank\" href=\"http:\/\/www.stumbleupon.com\/submit?url=http%3A%2F%2Flabestiadeportiva.com%2Flbd%2Fla-seleccion-argentina-de-futsal-cafs-concentro-en-pila%2F&amp;title=La+Selecci%C3%B3n+Argentina+de+Futsal+CAFS+concentr%C3%B3+en+Pila\">\n<img src=\"http:\/\/labestiadeportiva.com\/lbd\/wp-content\/plugins\/jw-share-this\/su.png\" alt=\"Share this page via Stumble Upon\" \/>\n<\/a>\n<a target=\"_blank\" href=\"http:\/\/digg.com\/submit?url=http%3A%2F%2Flabestiadeportiva.com%2Flbd%2Fla-seleccion-argentina-de-futsal-cafs-concentro-en-pila%2F&amp;title=La+Selecci%C3%B3n+Argentina+de+Futsal+CAFS+concentr%C3%B3+en+Pila\">\n<img src=\"http:\/\/labestiadeportiva.com\/lbd\/wp-content\/plugins\/jw-share-this\/digg.png\" alt=\"Share this page via Digg this\" \/>\n<\/a>\n<a target=\"_blank\" href=\"http:\/\/www.facebook.com\/sharer.php?u=http%3A%2F%2Flabestiadeportiva.com%2Flbd%2Fla-seleccion-argentina-de-futsal-cafs-concentro-en-pila%2F&amp;t=La+Selecci%C3%B3n+Argentina+de+Futsal+CAFS+concentr%C3%B3+en+Pila\">\n<img src=\"http:\/\/labestiadeportiva.com\/lbd\/wp-content\/plugins\/jw-share-this\/fb.png\" alt=\"Share this page via Facebook\" \/>\n<\/a>\n<a target=\"_blank\" href=\"http:\/\/twitter.com\/intent\/tweet?text=I+like+http%3A%2F%2Flabestiadeportiva.com%2Flbd%2Fla-seleccion-argentina-de-futsal-cafs-concentro-en-pila%2F&amp;title=La+Selecci%C3%B3n+Argentina+de+Futsal+CAFS+concentr%C3%B3+en+Pila\">\n<img src=\"http:\/\/labestiadeportiva.com\/lbd\/wp-content\/plugins\/jw-share-this\/twitter.png\" alt=\"Share this page via Twitter\" \/>\n<\/a>\n<\/div>\n","protected":false},"excerpt":{"rendered":"<p>Durante el fin de semana el plantel conducido por Ariel Avvedutto tuvo una nueva convocatoria esta vez en la ciudad ubicada en el centro norte de la provincia de Buenos Aires. Formaron parte del est\u00edmulo los fueguinos Mauricio Mart\u00ednez, Marcelo \u201cChelo\u201d S\u00e1nchez y Mat\u00edas \u201cLagarto\u201d Avenda\u00f1o (jugadores), Mart\u00edn Bonvehi (entrenador), Ramiro Bravo (Preparador F\u00edsico) y &hellip; <a href=\"http:\/\/labestiadeportiva.com\/lbd\/la-seleccion-argentina-de-futsal-cafs-concentro-en-pila\/\" class=\"more-link\">Seguir leyendo <span class=\"screen-reader-text\">La Selecci\u00f3n Argentina de Futsal CAFS concentr\u00f3 en Pila<\/span> <span class=\"meta-nav\">&rarr;<\/span><\/a><\/p>\n","protected":false},"author":1,"featured_media":13228,"comment_status":"open","ping_status":"open","sticky":false,"template":"","format":"standard","meta":[],"categories":[5,6,31,1],"tags":[450,857,793,1796,88],"_links":{"self":[{"href":"http:\/\/labestiadeportiva.com\/lbd\/wp-json\/wp\/v2\/posts\/13227"}],"collection":[{"href":"http:\/\/labestiadeportiva.com\/lbd\/wp-json\/wp\/v2\/posts"}],"about":[{"href":"http:\/\/labestiadeportiva.com\/lbd\/wp-json\/wp\/v2\/types\/post"}],"author":[{"embeddable":true,"href":"http:\/\/labestiadeportiva.com\/lbd\/wp-json\/wp\/v2\/users\/1"}],"replies":[{"embeddable":true,"href":"http:\/\/labestiadeportiva.com\/lbd\/wp-json\/wp\/v2\/comments?post=13227"}],"version-history":[{"count":1,"href":"http:\/\/labestiadeportiva.com\/lbd\/wp-json\/wp\/v2\/posts\/13227\/revisions"}],"predecessor-version":[{"id":13230,"href":"http:\/\/labestiadeportiva.com\/lbd\/wp-json\/wp\/v2\/posts\/13227\/revisions\/13230"}],"wp:featuredmedia":[{"embeddable":true,"href":"http:\/\/labestiadeportiva.com\/lbd\/wp-json\/wp\/v2\/media\/13228"}],"wp:attachment":[{"href":"http:\/\/labestiadeportiva.com\/lbd\/wp-json\/wp\/v2\/media?parent=13227"}],"wp:term":[{"taxonomy":"category","embeddable":true,"href":"http:\/\/labestiadeportiva.com\/lbd\/wp-json\/wp\/v2\/categories?post=13227"},{"taxonomy":"post_tag","embeddable":true,"href":"http:\/\/labestiadeportiva.com\/lbd\/wp-json\/wp\/v2\/tags?post=13227"}],"curies":[{"name":"wp","href":"https:\/\/api.w.org\/{rel}","templated":true}]}}