{"id":13236,"date":"2014-10-15T22:28:20","date_gmt":"2014-10-15T22:28:20","guid":{"rendered":"http:\/\/labestiadeportiva.com\/lbd\/?p=13236"},"modified":"2014-10-16T02:28:08","modified_gmt":"2014-10-16T02:28:08","slug":"debut-azulgrana","status":"publish","type":"post","link":"http:\/\/labestiadeportiva.com\/lbd\/debut-azulgrana\/","title":{"rendered":"Debut azulgrana"},"content":{"rendered":"<p>Por <a href=\"www.mzldeportes.com\">MZL Deportes (Corresponsal LBD en Buenos Aires)<\/a><\/p>\n<p style=\"text-align: center;\"><a href=\"http:\/\/labestiadeportiva.com\/lbd\/wp-content\/uploads\/2014\/10\/Seba-Morales.jpg\"><img loading=\"lazy\" class=\"aligncenter  wp-image-13237\" title=\"Seba Morales\" src=\"http:\/\/labestiadeportiva.com\/lbd\/wp-content\/uploads\/2014\/10\/Seba-Morales.jpg\" alt=\"\" width=\"491\" height=\"369\" srcset=\"http:\/\/labestiadeportiva.com\/lbd\/wp-content\/uploads\/2014\/10\/Seba-Morales.jpg 1024w, http:\/\/labestiadeportiva.com\/lbd\/wp-content\/uploads\/2014\/10\/Seba-Morales-300x225.jpg 300w\" sizes=\"(max-width: 491px) 100vw, 491px\" \/><\/a><\/p>\n<p><span style=\"font-size: 13px;\">El fueguino Seba Morales pone inicio a una nueva temporada esta noche con San Lorenzo visitando a su ex-club, Sport Club de Ca\u00f1ada de G\u00f3mez, por la primera jornada del Torneo Nacional de Ascenso. \u00bfQu\u00e9 dijo en la previa?<\/span><\/p>\n<p><span style=\"font-size: 13px;\">Sin lugar a dudas Sebasti\u00e1n Morales es uno de los baluartes indiscutidos en Tierra del Fuego y esta noche pondr\u00e1 en marcha otro a\u00f1o m\u00e1s en el TNA, segunda categor\u00eda del b\u00e1squet nacional.<!--more--> Con su nuevo club, San Lorenzo de Almagro, buscar\u00e1 el mejor resultado ante un rival siempre dif\u00edcil y a\u00f1ora una temporada exitosa.<\/span><\/p>\n<p>En di\u00e1logo con nosotros sostuvo: <span style=\"color: #ff0000;\">\u201cSiempre jugar de visita es complicado pero los partidos hay que jugarlos. Vamos de menor a mayor mejorando detalles y confiados en el plantel que tenemos, con el que podemos lograr cosas grandes\u201d<\/span>.<\/p>\n<p><span style=\"color: #ff0000;\">\u201cLa pretemporada no fue de lo m\u00e1s positivo en cuanto a resultados, pero sirvi\u00f3 much\u00edsimo para saber en qu\u00e9 mejorar y trabajar para optimizar el nivel del equipo\u201d<\/span>, a\u00f1adi\u00f3 en relaci\u00f3n a la preparaci\u00f3n previa que vienen llevando adelante hace m\u00e1s de un mes.<\/p>\n<p>El calendario indica que chocar\u00e1n esta noche en el Florencio Varni ante Sport Club (CG) y el viernes volver\u00e1n a verse las caras mientras que el pr\u00f3ximo lunes recibir\u00e1n a Ferro debutando como locales.<\/p>\n<p>Cerrando el contacto expres\u00f3: <span style=\"color: #ff0000;\">\u201cEn lo personal me siento muy bien y c\u00f3modo, jugando bastante tanto de 3 como de 4 y sumando todo lo que pueda al equipo. Me adapt\u00e9 r\u00e1pido a un club con gente que todo el tiempo busca que estemos bien. Eso es muy positivo\u201d<\/span>.<\/p>\n<p><span style=\"font-size: 13px;\">Seba, un gigante que sigue so\u00f1ando con la Liga Nacional\u2026<\/span><\/p>\n<div class='epvc-post-count'><span class='epvc-eye'><\/span>  <span class=\"epvc-count\"> 1.175<\/span><span class='epvc-label'> veces le\u00edda<\/span><\/div>\n<div class=\"jwsharethis\">\nShare this: \n<br \/>\n<a href=\"mailto:?subject=Debut%20azulgrana&amp;body=http%3A%2F%2Flabestiadeportiva.com%2Flbd%2Fdebut-azulgrana%2F\">\n<img src=\"http:\/\/labestiadeportiva.com\/lbd\/wp-content\/plugins\/jw-share-this\/email.png\" alt=\"Share this page via Email\" \/>\n<\/a>\n<a target=\"_blank\" href=\"http:\/\/www.stumbleupon.com\/submit?url=http%3A%2F%2Flabestiadeportiva.com%2Flbd%2Fdebut-azulgrana%2F&amp;title=Debut+azulgrana\">\n<img src=\"http:\/\/labestiadeportiva.com\/lbd\/wp-content\/plugins\/jw-share-this\/su.png\" alt=\"Share this page via Stumble Upon\" \/>\n<\/a>\n<a target=\"_blank\" href=\"http:\/\/digg.com\/submit?url=http%3A%2F%2Flabestiadeportiva.com%2Flbd%2Fdebut-azulgrana%2F&amp;title=Debut+azulgrana\">\n<img src=\"http:\/\/labestiadeportiva.com\/lbd\/wp-content\/plugins\/jw-share-this\/digg.png\" alt=\"Share this page via Digg this\" \/>\n<\/a>\n<a target=\"_blank\" href=\"http:\/\/www.facebook.com\/sharer.php?u=http%3A%2F%2Flabestiadeportiva.com%2Flbd%2Fdebut-azulgrana%2F&amp;t=Debut+azulgrana\">\n<img src=\"http:\/\/labestiadeportiva.com\/lbd\/wp-content\/plugins\/jw-share-this\/fb.png\" alt=\"Share this page via Facebook\" \/>\n<\/a>\n<a target=\"_blank\" href=\"http:\/\/twitter.com\/intent\/tweet?text=I+like+http%3A%2F%2Flabestiadeportiva.com%2Flbd%2Fdebut-azulgrana%2F&amp;title=Debut+azulgrana\">\n<img src=\"http:\/\/labestiadeportiva.com\/lbd\/wp-content\/plugins\/jw-share-this\/twitter.png\" alt=\"Share this page via Twitter\" \/>\n<\/a>\n<\/div>\n","protected":false},"excerpt":{"rendered":"<p>Por MZL Deportes (Corresponsal LBD en Buenos Aires) El fueguino Seba Morales pone inicio a una nueva temporada esta noche con San Lorenzo visitando a su ex-club, Sport Club de Ca\u00f1ada de G\u00f3mez, por la primera jornada del Torneo Nacional de Ascenso. \u00bfQu\u00e9 dijo en la previa? Sin lugar a dudas Sebasti\u00e1n Morales es uno &hellip; <a href=\"http:\/\/labestiadeportiva.com\/lbd\/debut-azulgrana\/\" class=\"more-link\">Seguir leyendo <span class=\"screen-reader-text\">Debut azulgrana<\/span> <span class=\"meta-nav\">&rarr;<\/span><\/a><\/p>\n","protected":false},"author":1,"featured_media":13237,"comment_status":"open","ping_status":"open","sticky":false,"template":"","format":"standard","meta":[],"categories":[5,6,60,1],"tags":[171,317,645,258],"_links":{"self":[{"href":"http:\/\/labestiadeportiva.com\/lbd\/wp-json\/wp\/v2\/posts\/13236"}],"collection":[{"href":"http:\/\/labestiadeportiva.com\/lbd\/wp-json\/wp\/v2\/posts"}],"about":[{"href":"http:\/\/labestiadeportiva.com\/lbd\/wp-json\/wp\/v2\/types\/post"}],"author":[{"embeddable":true,"href":"http:\/\/labestiadeportiva.com\/lbd\/wp-json\/wp\/v2\/users\/1"}],"replies":[{"embeddable":true,"href":"http:\/\/labestiadeportiva.com\/lbd\/wp-json\/wp\/v2\/comments?post=13236"}],"version-history":[{"count":2,"href":"http:\/\/labestiadeportiva.com\/lbd\/wp-json\/wp\/v2\/posts\/13236\/revisions"}],"predecessor-version":[{"id":13239,"href":"http:\/\/labestiadeportiva.com\/lbd\/wp-json\/wp\/v2\/posts\/13236\/revisions\/13239"}],"wp:featuredmedia":[{"embeddable":true,"href":"http:\/\/labestiadeportiva.com\/lbd\/wp-json\/wp\/v2\/media\/13237"}],"wp:attachment":[{"href":"http:\/\/labestiadeportiva.com\/lbd\/wp-json\/wp\/v2\/media?parent=13236"}],"wp:term":[{"taxonomy":"category","embeddable":true,"href":"http:\/\/labestiadeportiva.com\/lbd\/wp-json\/wp\/v2\/categories?post=13236"},{"taxonomy":"post_tag","embeddable":true,"href":"http:\/\/labestiadeportiva.com\/lbd\/wp-json\/wp\/v2\/tags?post=13236"}],"curies":[{"name":"wp","href":"https:\/\/api.w.org\/{rel}","templated":true}]}}