{"id":13281,"date":"2014-10-17T03:49:28","date_gmt":"2014-10-17T03:49:28","guid":{"rendered":"http:\/\/labestiadeportiva.com\/lbd\/?p=13281"},"modified":"2014-10-17T03:49:28","modified_gmt":"2014-10-17T03:49:28","slug":"con-la-ilusion-intacta","status":"publish","type":"post","link":"http:\/\/labestiadeportiva.com\/lbd\/con-la-ilusion-intacta\/","title":{"rendered":"Con la ilusi\u00f3n intacta"},"content":{"rendered":"<p><a href=\"http:\/\/labestiadeportiva.com\/lbd\/wp-content\/uploads\/2014\/10\/Bonetto-1.jpg\"><img loading=\"lazy\" class=\"alignleft size-medium wp-image-13282\" title=\"Bonetto (1)\" src=\"http:\/\/labestiadeportiva.com\/lbd\/wp-content\/uploads\/2014\/10\/Bonetto-1-300x195.jpg\" alt=\"\" width=\"300\" height=\"195\" srcset=\"http:\/\/labestiadeportiva.com\/lbd\/wp-content\/uploads\/2014\/10\/Bonetto-1-300x195.jpg 300w, http:\/\/labestiadeportiva.com\/lbd\/wp-content\/uploads\/2014\/10\/Bonetto-1.jpg 800w\" sizes=\"(max-width: 300px) 100vw, 300px\" \/><\/a>El ushuaiense Lucas Bonetto se juega la \u00faltima chance dentro de los Quads 4 x 2 este fin de semana en Villa Regina (R\u00edo Negro). La misi\u00f3n no ser\u00e1 f\u00e1cil pero llega con los mejores antecedentes ya que gan\u00f3 en La Cumbre y Bel\u00e9n. Fuente y foto prensa Lucas Bonetto.<\/p>\n<p>Como \u00faltimo testeo previo antes del gran objetivo: Dakar 2015, el Rally del Comahue en la localidad rionegrina de Villa Regina ser\u00e1 fundamental. Por eso el representante del YPF Elaion Moto Rally, Lucas Bonetto, se encuentra muy enfocado, sabiendo adem\u00e1s que otra victoria (viene de ganar en La Cumbre y Bel\u00e9n) puede catapultarlo al t\u00edtulo.<!--more--><\/p>\n<p>\u201cEl martes salimos a probar en un plano de 150 kil\u00f3metros como para entrar en ritmo y el cuatri se mostr\u00f3 muy confiable, sin ning\u00fan problema. Este jueves estaremos traslad\u00e1ndonos hacia el epicentro de la carrera a la espera del comienzo de la actividad. Debemos aprovechar la \u00faltima oportunidad de probar los elementos de cara al Dakar\u201d, comenz\u00f3 diciendo Bonetto.<\/p>\n<p>A lo que agreg\u00f3 con la ilusi\u00f3n intacta: \u201cSe esperan caminos r\u00e1pidos, con salidas poco visibles por lo que habr\u00e1 que estar muy atento y no equivocarse. Esperamos hacer una buena carrera y terminar en lo m\u00e1s alto\u201d.<\/p>\n<p>Este viernes 17 se dar\u00e1 inicio a la actividad con las verificaciones t\u00e9cnicas y administrativas en el bivouac entre las 10 y 17 horas. M\u00e1s tarde, cuando las agujas del reloj marquen las 19 horas, ser\u00e1 el momento de la rampa simb\u00f3lica antes de dar lugar al briefing en el Polideportivo Cumel\u00e9n a partir de las 20:30.<\/p>\n<p>Los objetivos est\u00e1n claros: aspirar al mejor resultado, ultimar detalles para el Dakar 2015 y seguir tomando ritmo teniendo en cuenta que el 5 de Enero est\u00e1 cada vez m\u00e1s cerca.<\/p>\n<p>Para ver el video de las pruebas click aqu\u00ed ? http:\/\/youtu.be\/apDzE5GZ0Oo<\/p>\n<p>Lucas Bonetto y equipo agradecen a sus sponsors: YPF Elaion Moto, Minibuses Volare, Mercedes Benz Tierra del Fuego, LS2 Helmets, Turismo Ushuaia y Maxxis. Asimismo, a toda la gente de Tierra del Fuego.<\/p>\n<div class='epvc-post-count'><span class='epvc-eye'><\/span>  <span class=\"epvc-count\"> 1.073<\/span><span class='epvc-label'> veces le\u00edda<\/span><\/div>\n<div class=\"jwsharethis\">\nShare this: \n<br \/>\n<a href=\"mailto:?subject=Con%20la%20ilusi%C3%B3n%20intacta&amp;body=http%3A%2F%2Flabestiadeportiva.com%2Flbd%2Fcon-la-ilusion-intacta%2F\">\n<img src=\"http:\/\/labestiadeportiva.com\/lbd\/wp-content\/plugins\/jw-share-this\/email.png\" alt=\"Share this page via Email\" \/>\n<\/a>\n<a target=\"_blank\" href=\"http:\/\/www.stumbleupon.com\/submit?url=http%3A%2F%2Flabestiadeportiva.com%2Flbd%2Fcon-la-ilusion-intacta%2F&amp;title=Con+la+ilusi%C3%B3n+intacta\">\n<img src=\"http:\/\/labestiadeportiva.com\/lbd\/wp-content\/plugins\/jw-share-this\/su.png\" alt=\"Share this page via Stumble Upon\" \/>\n<\/a>\n<a target=\"_blank\" href=\"http:\/\/digg.com\/submit?url=http%3A%2F%2Flabestiadeportiva.com%2Flbd%2Fcon-la-ilusion-intacta%2F&amp;title=Con+la+ilusi%C3%B3n+intacta\">\n<img src=\"http:\/\/labestiadeportiva.com\/lbd\/wp-content\/plugins\/jw-share-this\/digg.png\" alt=\"Share this page via Digg this\" \/>\n<\/a>\n<a target=\"_blank\" href=\"http:\/\/www.facebook.com\/sharer.php?u=http%3A%2F%2Flabestiadeportiva.com%2Flbd%2Fcon-la-ilusion-intacta%2F&amp;t=Con+la+ilusi%C3%B3n+intacta\">\n<img src=\"http:\/\/labestiadeportiva.com\/lbd\/wp-content\/plugins\/jw-share-this\/fb.png\" alt=\"Share this page via Facebook\" \/>\n<\/a>\n<a target=\"_blank\" href=\"http:\/\/twitter.com\/intent\/tweet?text=I+like+http%3A%2F%2Flabestiadeportiva.com%2Flbd%2Fcon-la-ilusion-intacta%2F&amp;title=Con+la+ilusi%C3%B3n+intacta\">\n<img src=\"http:\/\/labestiadeportiva.com\/lbd\/wp-content\/plugins\/jw-share-this\/twitter.png\" alt=\"Share this page via Twitter\" \/>\n<\/a>\n<\/div>\n","protected":false},"excerpt":{"rendered":"<p>El ushuaiense Lucas Bonetto se juega la \u00faltima chance dentro de los Quads 4 x 2 este fin de semana en Villa Regina (R\u00edo Negro). La misi\u00f3n no ser\u00e1 f\u00e1cil pero llega con los mejores antecedentes ya que gan\u00f3 en La Cumbre y Bel\u00e9n. Fuente y foto prensa Lucas Bonetto. Como \u00faltimo testeo previo antes &hellip; <a href=\"http:\/\/labestiadeportiva.com\/lbd\/con-la-ilusion-intacta\/\" class=\"more-link\">Seguir leyendo <span class=\"screen-reader-text\">Con la ilusi\u00f3n intacta<\/span> <span class=\"meta-nav\">&rarr;<\/span><\/a><\/p>\n","protected":false},"author":1,"featured_media":13282,"comment_status":"open","ping_status":"open","sticky":false,"template":"","format":"standard","meta":[],"categories":[5,6,1],"tags":[255,353,71],"_links":{"self":[{"href":"http:\/\/labestiadeportiva.com\/lbd\/wp-json\/wp\/v2\/posts\/13281"}],"collection":[{"href":"http:\/\/labestiadeportiva.com\/lbd\/wp-json\/wp\/v2\/posts"}],"about":[{"href":"http:\/\/labestiadeportiva.com\/lbd\/wp-json\/wp\/v2\/types\/post"}],"author":[{"embeddable":true,"href":"http:\/\/labestiadeportiva.com\/lbd\/wp-json\/wp\/v2\/users\/1"}],"replies":[{"embeddable":true,"href":"http:\/\/labestiadeportiva.com\/lbd\/wp-json\/wp\/v2\/comments?post=13281"}],"version-history":[{"count":2,"href":"http:\/\/labestiadeportiva.com\/lbd\/wp-json\/wp\/v2\/posts\/13281\/revisions"}],"predecessor-version":[{"id":13284,"href":"http:\/\/labestiadeportiva.com\/lbd\/wp-json\/wp\/v2\/posts\/13281\/revisions\/13284"}],"wp:featuredmedia":[{"embeddable":true,"href":"http:\/\/labestiadeportiva.com\/lbd\/wp-json\/wp\/v2\/media\/13282"}],"wp:attachment":[{"href":"http:\/\/labestiadeportiva.com\/lbd\/wp-json\/wp\/v2\/media?parent=13281"}],"wp:term":[{"taxonomy":"category","embeddable":true,"href":"http:\/\/labestiadeportiva.com\/lbd\/wp-json\/wp\/v2\/categories?post=13281"},{"taxonomy":"post_tag","embeddable":true,"href":"http:\/\/labestiadeportiva.com\/lbd\/wp-json\/wp\/v2\/tags?post=13281"}],"curies":[{"name":"wp","href":"https:\/\/api.w.org\/{rel}","templated":true}]}}