{"id":13401,"date":"2014-10-27T04:52:23","date_gmt":"2014-10-27T04:52:23","guid":{"rendered":"http:\/\/labestiadeportiva.com\/lbd\/?p=13401"},"modified":"2014-10-27T05:20:13","modified_gmt":"2014-10-27T05:20:13","slug":"gran-desempeno-en-el-chaco","status":"publish","type":"post","link":"http:\/\/labestiadeportiva.com\/lbd\/gran-desempeno-en-el-chaco\/","title":{"rendered":"Gran desempe\u00f1o en el Chaco"},"content":{"rendered":"<p>Por Lisandro Muhoberac (Discapacidad para LBD)<\/p>\n<p>Del viernes 24 al domingo 26 de Octubre se desarroll\u00f3 el primer Open Internacional de Atletismo para Personas con Discapacidad organizado por el COPAR (Comit\u00e9 Paral\u00edmpico Argentino) en la pista nueva de Resistencia, ubicada en el polideportivo \u00abJaime Zapata\u00bb. De esta importante cita participaron los dos\u00a0atletas paral\u00edmpicos mas destacados de Tierra del fuego, Juan G\u00f3mez y Carlos Luduena, junto con el profesor Lisandro Muhoberac.<!--more--><\/p>\n<p>Dicho evento deportivo fue de gran importancia ya que todos los participantes hab\u00edan sido invitados especialmente debido a sus rendimientos o su proyecci\u00f3n.<\/p>\n<p>Tambi\u00e9n por contar con la fiscalizaci\u00f3n de autoridades internacionales quienes \u00a0homologaron sus resultados siendo este un requisito para lograr las marcas m\u00ednimas requeridas para los Juegos Parapanamericanos de Toronto 2015.<\/p>\n<p>El primero en saltar a las pistas fue Carlos Ludue\u00f1a que en 100 y 200 metros consigui\u00f3 medalla de plata, logrando sus mejores registros\u00a0personales, en ambas ocasiones consiguiendo la marca m\u00ednima requerida para el Panamericano antes mencionado.<\/p>\n<p>En los 100 corri\u00f3 por debajo de los 15&#8243; segundos aunque fue descalificado por cruzarse levemente de carril. En los 200 se vio su mejor rendimiento y bajo 2&#8243; su mejor marca personal corriendo en 29&#8243;52&#8243;. Es para destacar sus progresos teniendo en la actualidad tan solo 15 a\u00f1os.<\/p>\n<p>Luego fue el turno de Juan G\u00f3mez quien compiti\u00f3 en 100, 400 y salto en largo. En 100 mejor\u00f3 su marca corriendo en 13&#8243;63&#8243;, en Salto en Largo solo pudo hacer 2 intentos, ya que su prueba se superpuso con la de 400, obteniendo buenos saltos pero con la sensaci\u00f3n de que podr\u00eda haber dado m\u00e1s, su mejor salto fue 4,35 metros (a 5cent\u00edmetros de la marca requerida).<\/p>\n<p>Luego hizo una excelente carrera en los 400 metros corriendo en su mejor marca 1&#8217;07&#8243;05&#8243;, excedi\u00e9ndose 5 cent\u00e9simas de lo requerido. Aun as\u00ed obtuvo 3 medallas de oro.<\/p>\n<p>Fue as\u00ed como con una pista de primer nivel mundial, los dos deportistas fueguinos pudieron lucirse, dejando la impresi\u00f3n de que el techo se encuentra todav\u00eda m\u00e1s alto, para eso deber\u00e1n tener unas merecidas vacaciones y luego prepararse para un nuevo desaf\u00edo, el Open Internacional de Abril 2015 en las instalaciones del Cenard capitalino.<\/p>\n<p><a href=\"http:\/\/labestiadeportiva.com\/lbd\/wp-content\/uploads\/2014\/10\/IMG00925-20141024-1729.jpg\"><img loading=\"lazy\" class=\"aligncenter size-medium wp-image-13406\" title=\"IMG00925-20141024-1729\" src=\"http:\/\/labestiadeportiva.com\/lbd\/wp-content\/uploads\/2014\/10\/IMG00925-20141024-1729-300x160.jpg\" alt=\"\" width=\"300\" height=\"160\" srcset=\"http:\/\/labestiadeportiva.com\/lbd\/wp-content\/uploads\/2014\/10\/IMG00925-20141024-1729-300x160.jpg 300w, http:\/\/labestiadeportiva.com\/lbd\/wp-content\/uploads\/2014\/10\/IMG00925-20141024-1729.jpg 800w\" sizes=\"(max-width: 300px) 100vw, 300px\" \/><\/a><\/p>\n<p>&nbsp;<\/p>\n<p>&nbsp;<\/p>\n<p>&nbsp;<\/p>\n<p>&nbsp;<\/p>\n<p>&nbsp;<\/p>\n<div class='epvc-post-count'><span class='epvc-eye'><\/span>  <span class=\"epvc-count\"> 1.075<\/span><span class='epvc-label'> veces le\u00edda<\/span><\/div>\n<div class=\"jwsharethis\">\nShare this: \n<br \/>\n<a href=\"mailto:?subject=Gran%20desempe%C3%B1o%20en%20el%20Chaco&amp;body=http%3A%2F%2Flabestiadeportiva.com%2Flbd%2Fgran-desempeno-en-el-chaco%2F\">\n<img src=\"http:\/\/labestiadeportiva.com\/lbd\/wp-content\/plugins\/jw-share-this\/email.png\" alt=\"Share this page via Email\" \/>\n<\/a>\n<a target=\"_blank\" href=\"http:\/\/www.stumbleupon.com\/submit?url=http%3A%2F%2Flabestiadeportiva.com%2Flbd%2Fgran-desempeno-en-el-chaco%2F&amp;title=Gran+desempe%C3%B1o+en+el+Chaco\">\n<img src=\"http:\/\/labestiadeportiva.com\/lbd\/wp-content\/plugins\/jw-share-this\/su.png\" alt=\"Share this page via Stumble Upon\" \/>\n<\/a>\n<a target=\"_blank\" href=\"http:\/\/digg.com\/submit?url=http%3A%2F%2Flabestiadeportiva.com%2Flbd%2Fgran-desempeno-en-el-chaco%2F&amp;title=Gran+desempe%C3%B1o+en+el+Chaco\">\n<img src=\"http:\/\/labestiadeportiva.com\/lbd\/wp-content\/plugins\/jw-share-this\/digg.png\" alt=\"Share this page via Digg this\" \/>\n<\/a>\n<a target=\"_blank\" href=\"http:\/\/www.facebook.com\/sharer.php?u=http%3A%2F%2Flabestiadeportiva.com%2Flbd%2Fgran-desempeno-en-el-chaco%2F&amp;t=Gran+desempe%C3%B1o+en+el+Chaco\">\n<img src=\"http:\/\/labestiadeportiva.com\/lbd\/wp-content\/plugins\/jw-share-this\/fb.png\" alt=\"Share this page via Facebook\" \/>\n<\/a>\n<a target=\"_blank\" href=\"http:\/\/twitter.com\/intent\/tweet?text=I+like+http%3A%2F%2Flabestiadeportiva.com%2Flbd%2Fgran-desempeno-en-el-chaco%2F&amp;title=Gran+desempe%C3%B1o+en+el+Chaco\">\n<img src=\"http:\/\/labestiadeportiva.com\/lbd\/wp-content\/plugins\/jw-share-this\/twitter.png\" alt=\"Share this page via Twitter\" \/>\n<\/a>\n<\/div>\n","protected":false},"excerpt":{"rendered":"<p>Por Lisandro Muhoberac (Discapacidad para LBD) Del viernes 24 al domingo 26 de Octubre se desarroll\u00f3 el primer Open Internacional de Atletismo para Personas con Discapacidad organizado por el COPAR (Comit\u00e9 Paral\u00edmpico Argentino) en la pista nueva de Resistencia, ubicada en el polideportivo \u00abJaime Zapata\u00bb. De esta importante cita participaron los dos\u00a0atletas paral\u00edmpicos mas destacados &hellip; <a href=\"http:\/\/labestiadeportiva.com\/lbd\/gran-desempeno-en-el-chaco\/\" class=\"more-link\">Seguir leyendo <span class=\"screen-reader-text\">Gran desempe\u00f1o en el Chaco<\/span> <span class=\"meta-nav\">&rarr;<\/span><\/a><\/p>\n","protected":false},"author":1,"featured_media":13403,"comment_status":"open","ping_status":"open","sticky":false,"template":"","format":"standard","meta":[],"categories":[22,5,4,6,1],"tags":[4831,939,1823,938,1822],"_links":{"self":[{"href":"http:\/\/labestiadeportiva.com\/lbd\/wp-json\/wp\/v2\/posts\/13401"}],"collection":[{"href":"http:\/\/labestiadeportiva.com\/lbd\/wp-json\/wp\/v2\/posts"}],"about":[{"href":"http:\/\/labestiadeportiva.com\/lbd\/wp-json\/wp\/v2\/types\/post"}],"author":[{"embeddable":true,"href":"http:\/\/labestiadeportiva.com\/lbd\/wp-json\/wp\/v2\/users\/1"}],"replies":[{"embeddable":true,"href":"http:\/\/labestiadeportiva.com\/lbd\/wp-json\/wp\/v2\/comments?post=13401"}],"version-history":[{"count":3,"href":"http:\/\/labestiadeportiva.com\/lbd\/wp-json\/wp\/v2\/posts\/13401\/revisions"}],"predecessor-version":[{"id":13408,"href":"http:\/\/labestiadeportiva.com\/lbd\/wp-json\/wp\/v2\/posts\/13401\/revisions\/13408"}],"wp:featuredmedia":[{"embeddable":true,"href":"http:\/\/labestiadeportiva.com\/lbd\/wp-json\/wp\/v2\/media\/13403"}],"wp:attachment":[{"href":"http:\/\/labestiadeportiva.com\/lbd\/wp-json\/wp\/v2\/media?parent=13401"}],"wp:term":[{"taxonomy":"category","embeddable":true,"href":"http:\/\/labestiadeportiva.com\/lbd\/wp-json\/wp\/v2\/categories?post=13401"},{"taxonomy":"post_tag","embeddable":true,"href":"http:\/\/labestiadeportiva.com\/lbd\/wp-json\/wp\/v2\/tags?post=13401"}],"curies":[{"name":"wp","href":"https:\/\/api.w.org\/{rel}","templated":true}]}}