{"id":13707,"date":"2014-11-21T19:41:17","date_gmt":"2014-11-21T19:41:17","guid":{"rendered":"http:\/\/labestiadeportiva.com\/lbd\/?p=13707"},"modified":"2014-11-21T19:41:17","modified_gmt":"2014-11-21T19:41:17","slug":"subcampeon-panamericano-amateur-audio","status":"publish","type":"post","link":"http:\/\/labestiadeportiva.com\/lbd\/subcampeon-panamericano-amateur-audio\/","title":{"rendered":"Subcampe\u00f3n Panamericano amateur (Audio)"},"content":{"rendered":"<p><a href=\"http:\/\/labestiadeportiva.com\/lbd\/wp-content\/uploads\/2014\/11\/10818634_10152842693730606_1519641602_n.jpg\"><img loading=\"lazy\" class=\"alignleft size-medium wp-image-13708\" title=\"10818634_10152842693730606_1519641602_n\" src=\"http:\/\/labestiadeportiva.com\/lbd\/wp-content\/uploads\/2014\/11\/10818634_10152842693730606_1519641602_n-300x225.jpg\" alt=\"\" width=\"300\" height=\"225\" srcset=\"http:\/\/labestiadeportiva.com\/lbd\/wp-content\/uploads\/2014\/11\/10818634_10152842693730606_1519641602_n-300x225.jpg 300w, http:\/\/labestiadeportiva.com\/lbd\/wp-content\/uploads\/2014\/11\/10818634_10152842693730606_1519641602_n.jpg 720w\" sizes=\"(max-width: 300px) 100vw, 300px\" \/><\/a>D\u00edas atr\u00e1s el referente local del Kick Boxing, <span style=\"color: #ff0000;\">Gerardo Gonz\u00e1lez,<\/span> estuvo presente en la cita panamericana amateur realizada en la localidad bonaerense de Caseros. All\u00ed obtuvo la medalla de plata, segundo puesto en la categor\u00eda mediano. Asimismo fue acompa\u00f1ado por sus alumnos Ari Hermann, Omar Alcocer y Daniel \u201cCata\u201d Zu\u00f1iga quienes hicieron la experiencia de participar en una competencia de nivel tambi\u00e9n acompa\u00f1ados por Jorge Gonz\u00e1lez quien hizo las veces de couch. Desde LBD dialogamos telef\u00f3nicamente con Gerardo, compartimos la entrevista lograda en FM del Sur 94.1. <!--more--><\/p>\n<p><iframe loading=\"lazy\" src=\"\/\/www.youtube.com\/embed\/wiMgxQhg2-M\" frameborder=\"0\" width=\"560\" height=\"315\"><\/iframe><\/p>\n<div class='epvc-post-count'><span class='epvc-eye'><\/span>  <span class=\"epvc-count\"> 1.167<\/span><span class='epvc-label'> veces le\u00edda<\/span><\/div>\n<div class=\"jwsharethis\">\nShare this: \n<br \/>\n<a href=\"mailto:?subject=Subcampe%C3%B3n%20Panamericano%20amateur%20%28Audio%29&amp;body=http%3A%2F%2Flabestiadeportiva.com%2Flbd%2Fsubcampeon-panamericano-amateur-audio%2F\">\n<img src=\"http:\/\/labestiadeportiva.com\/lbd\/wp-content\/plugins\/jw-share-this\/email.png\" alt=\"Share this page via Email\" \/>\n<\/a>\n<a target=\"_blank\" href=\"http:\/\/www.stumbleupon.com\/submit?url=http%3A%2F%2Flabestiadeportiva.com%2Flbd%2Fsubcampeon-panamericano-amateur-audio%2F&amp;title=Subcampe%C3%B3n+Panamericano+amateur+%28Audio%29\">\n<img src=\"http:\/\/labestiadeportiva.com\/lbd\/wp-content\/plugins\/jw-share-this\/su.png\" alt=\"Share this page via Stumble Upon\" \/>\n<\/a>\n<a target=\"_blank\" href=\"http:\/\/digg.com\/submit?url=http%3A%2F%2Flabestiadeportiva.com%2Flbd%2Fsubcampeon-panamericano-amateur-audio%2F&amp;title=Subcampe%C3%B3n+Panamericano+amateur+%28Audio%29\">\n<img src=\"http:\/\/labestiadeportiva.com\/lbd\/wp-content\/plugins\/jw-share-this\/digg.png\" alt=\"Share this page via Digg this\" \/>\n<\/a>\n<a target=\"_blank\" href=\"http:\/\/www.facebook.com\/sharer.php?u=http%3A%2F%2Flabestiadeportiva.com%2Flbd%2Fsubcampeon-panamericano-amateur-audio%2F&amp;t=Subcampe%C3%B3n+Panamericano+amateur+%28Audio%29\">\n<img src=\"http:\/\/labestiadeportiva.com\/lbd\/wp-content\/plugins\/jw-share-this\/fb.png\" alt=\"Share this page via Facebook\" \/>\n<\/a>\n<a target=\"_blank\" href=\"http:\/\/twitter.com\/intent\/tweet?text=I+like+http%3A%2F%2Flabestiadeportiva.com%2Flbd%2Fsubcampeon-panamericano-amateur-audio%2F&amp;title=Subcampe%C3%B3n+Panamericano+amateur+%28Audio%29\">\n<img src=\"http:\/\/labestiadeportiva.com\/lbd\/wp-content\/plugins\/jw-share-this\/twitter.png\" alt=\"Share this page via Twitter\" \/>\n<\/a>\n<\/div>\n","protected":false},"excerpt":{"rendered":"<p>D\u00edas atr\u00e1s el referente local del Kick Boxing, Gerardo Gonz\u00e1lez, estuvo presente en la cita panamericana amateur realizada en la localidad bonaerense de Caseros. All\u00ed obtuvo la medalla de plata, segundo puesto en la categor\u00eda mediano. Asimismo fue acompa\u00f1ado por sus alumnos Ari Hermann, Omar Alcocer y Daniel \u201cCata\u201d Zu\u00f1iga quienes hicieron la experiencia de &hellip; <a href=\"http:\/\/labestiadeportiva.com\/lbd\/subcampeon-panamericano-amateur-audio\/\" class=\"more-link\">Seguir leyendo <span class=\"screen-reader-text\">Subcampe\u00f3n Panamericano amateur (Audio)<\/span> <span class=\"meta-nav\">&rarr;<\/span><\/a><\/p>\n","protected":false},"author":1,"featured_media":13708,"comment_status":"open","ping_status":"open","sticky":false,"template":"","format":"standard","meta":[],"categories":[5,4,6,60,1],"tags":[1864,1865,1443,1863],"_links":{"self":[{"href":"http:\/\/labestiadeportiva.com\/lbd\/wp-json\/wp\/v2\/posts\/13707"}],"collection":[{"href":"http:\/\/labestiadeportiva.com\/lbd\/wp-json\/wp\/v2\/posts"}],"about":[{"href":"http:\/\/labestiadeportiva.com\/lbd\/wp-json\/wp\/v2\/types\/post"}],"author":[{"embeddable":true,"href":"http:\/\/labestiadeportiva.com\/lbd\/wp-json\/wp\/v2\/users\/1"}],"replies":[{"embeddable":true,"href":"http:\/\/labestiadeportiva.com\/lbd\/wp-json\/wp\/v2\/comments?post=13707"}],"version-history":[{"count":2,"href":"http:\/\/labestiadeportiva.com\/lbd\/wp-json\/wp\/v2\/posts\/13707\/revisions"}],"predecessor-version":[{"id":13710,"href":"http:\/\/labestiadeportiva.com\/lbd\/wp-json\/wp\/v2\/posts\/13707\/revisions\/13710"}],"wp:featuredmedia":[{"embeddable":true,"href":"http:\/\/labestiadeportiva.com\/lbd\/wp-json\/wp\/v2\/media\/13708"}],"wp:attachment":[{"href":"http:\/\/labestiadeportiva.com\/lbd\/wp-json\/wp\/v2\/media?parent=13707"}],"wp:term":[{"taxonomy":"category","embeddable":true,"href":"http:\/\/labestiadeportiva.com\/lbd\/wp-json\/wp\/v2\/categories?post=13707"},{"taxonomy":"post_tag","embeddable":true,"href":"http:\/\/labestiadeportiva.com\/lbd\/wp-json\/wp\/v2\/tags?post=13707"}],"curies":[{"name":"wp","href":"https:\/\/api.w.org\/{rel}","templated":true}]}}