{"id":13711,"date":"2014-11-22T04:57:14","date_gmt":"2014-11-22T04:57:14","guid":{"rendered":"http:\/\/labestiadeportiva.com\/lbd\/?p=13711"},"modified":"2014-11-22T04:57:14","modified_gmt":"2014-11-22T04:57:14","slug":"destino-temuco","status":"publish","type":"post","link":"http:\/\/labestiadeportiva.com\/lbd\/destino-temuco\/","title":{"rendered":"Destino Temuco"},"content":{"rendered":"<p><a href=\"http:\/\/labestiadeportiva.com\/lbd\/wp-content\/uploads\/2014\/11\/IMG_7381.jpg\"><img loading=\"lazy\" class=\"alignleft size-medium wp-image-13712\" title=\"IMG_7381\" src=\"http:\/\/labestiadeportiva.com\/lbd\/wp-content\/uploads\/2014\/11\/IMG_7381-300x200.jpg\" alt=\"\" width=\"300\" height=\"200\" srcset=\"http:\/\/labestiadeportiva.com\/lbd\/wp-content\/uploads\/2014\/11\/IMG_7381-300x200.jpg 300w, http:\/\/labestiadeportiva.com\/lbd\/wp-content\/uploads\/2014\/11\/IMG_7381-1024x682.jpg 1024w, http:\/\/labestiadeportiva.com\/lbd\/wp-content\/uploads\/2014\/11\/IMG_7381.jpg 1152w\" sizes=\"(max-width: 300px) 100vw, 300px\" \/><\/a>Desde este s\u00e1bado por la madrugada se pondr\u00e1 en marcha el viaje v\u00eda terrestre hacia la Regi\u00f3n de Araucan\u00eda, sede de los 23\u00b0 Juegos Binacionales. La delegaci\u00f3n de TDF lo har\u00e1 en tres micros de la empresa Taqsa y Marga. El domingo se pornoctar\u00e1 en San Carlos de Bariloche para desde el lunes por la ma\u00f1ana realizar el \u00faltimo tramo, ya en tierra chilena, hacia la sede de la competencia. Una vez m\u00e1s LBD acompa\u00f1ar\u00e1 a los deportistas fueguinos realizando la cobertura con noticias, im\u00e1genes y resultados de cada una de las jornadas deportivas. La competencia se desarrollar\u00e1 del martes 25 al s\u00e1bado 29 de noviembre en Temuco, Villa Rica, Victoria y Angol.<!--more--><\/p>\n<p>La delegaci\u00f3n provincial estar\u00e1 integrada por alrededor de 150 personas entre atletas, cuerpos t\u00e9cnicos, cuerpo m\u00e9dico, jueces de competencia y agentes de la Secretar\u00eda de Deportes.<\/p>\n<p>El largo viaje hacia la cita araucana comenzar\u00e1 a las cuatro de la madrugada del s\u00e1bado desde el gimnasio Profesora Ana Ver\u00f3nica Gir\u00f3 del barrio 245 Viviendas, una vez en el norte de la isla desde las 7.30 de en el gimnasio Jorge Muriel se completar\u00e1 el grupo para desde las 7.30 de la ma\u00f1ana iniciar juntos el camino hacia la frontera de San Sebasti\u00e1n.<\/p>\n<p>Desde la Secfretar\u00eda de Deportes Provincial se trabaj\u00f3 desde la log\u00edstica con la intenci\u00f3n de poder arribar en la tarde noche del domingo 23 de a la ciudad rionegrina de Bariloche para realizar la parada t\u00e9cnica diagramada en funci\u00f3n del descanso de la delegaci\u00f3n para al d\u00eda siguiente finalizar el trayecto hacia la ciudad de Temuco, sede principal como as\u00ed tambi\u00e9n a las subsedes de Villa Rica, Victoria y Angol.<\/p>\n<p>El lunes se realizar\u00e1n las correspondientes acreditaciones que dejar\u00e1n habilitados a los deportistas fueguinos para comenzar a participar el martes temprano. Asimismo el propio lunes desde las 21 horas se realizar\u00e1 el acto de apertura y los diversos congresillos t\u00e9cnicos de la XXIII edici\u00f3n de la cita binacional.<\/p>\n<p>Los Juegos Binacionales de la Araucan\u00eda cuentan con la participaci\u00f3n de las provincias argentinas de La Pampa, Neuqu\u00e9n, R\u00edo Negro, Chubut, Santa Cruz y Tierra del Fuego; que se relacionan deportivamente con las regiones chilenas de Araucan\u00eda, B\u00edo B\u00edo, Los Lagos, Los R\u00edos, Ays\u00e9n y Magallanes; en las disciplinas b\u00e1squet, v\u00f3leibol, f\u00fatbol, judo, nataci\u00f3n, atletismo y ciclismo.<\/p>\n<div class='epvc-post-count'><span class='epvc-eye'><\/span>  <span class=\"epvc-count\"> 1.133<\/span><span class='epvc-label'> veces le\u00edda<\/span><\/div>\n<div class=\"jwsharethis\">\nShare this: \n<br \/>\n<a href=\"mailto:?subject=Destino%20Temuco&amp;body=http%3A%2F%2Flabestiadeportiva.com%2Flbd%2Fdestino-temuco%2F\">\n<img src=\"http:\/\/labestiadeportiva.com\/lbd\/wp-content\/plugins\/jw-share-this\/email.png\" alt=\"Share this page via Email\" \/>\n<\/a>\n<a target=\"_blank\" href=\"http:\/\/www.stumbleupon.com\/submit?url=http%3A%2F%2Flabestiadeportiva.com%2Flbd%2Fdestino-temuco%2F&amp;title=Destino+Temuco\">\n<img src=\"http:\/\/labestiadeportiva.com\/lbd\/wp-content\/plugins\/jw-share-this\/su.png\" alt=\"Share this page via Stumble Upon\" \/>\n<\/a>\n<a target=\"_blank\" href=\"http:\/\/digg.com\/submit?url=http%3A%2F%2Flabestiadeportiva.com%2Flbd%2Fdestino-temuco%2F&amp;title=Destino+Temuco\">\n<img src=\"http:\/\/labestiadeportiva.com\/lbd\/wp-content\/plugins\/jw-share-this\/digg.png\" alt=\"Share this page via Digg this\" \/>\n<\/a>\n<a target=\"_blank\" href=\"http:\/\/www.facebook.com\/sharer.php?u=http%3A%2F%2Flabestiadeportiva.com%2Flbd%2Fdestino-temuco%2F&amp;t=Destino+Temuco\">\n<img src=\"http:\/\/labestiadeportiva.com\/lbd\/wp-content\/plugins\/jw-share-this\/fb.png\" alt=\"Share this page via Facebook\" \/>\n<\/a>\n<a target=\"_blank\" href=\"http:\/\/twitter.com\/intent\/tweet?text=I+like+http%3A%2F%2Flabestiadeportiva.com%2Flbd%2Fdestino-temuco%2F&amp;title=Destino+Temuco\">\n<img src=\"http:\/\/labestiadeportiva.com\/lbd\/wp-content\/plugins\/jw-share-this\/twitter.png\" alt=\"Share this page via Twitter\" \/>\n<\/a>\n<\/div>\n","protected":false},"excerpt":{"rendered":"<p>Desde este s\u00e1bado por la madrugada se pondr\u00e1 en marcha el viaje v\u00eda terrestre hacia la Regi\u00f3n de Araucan\u00eda, sede de los 23\u00b0 Juegos Binacionales. La delegaci\u00f3n de TDF lo har\u00e1 en tres micros de la empresa Taqsa y Marga. El domingo se pornoctar\u00e1 en San Carlos de Bariloche para desde el lunes por la &hellip; <a href=\"http:\/\/labestiadeportiva.com\/lbd\/destino-temuco\/\" class=\"more-link\">Seguir leyendo <span class=\"screen-reader-text\">Destino Temuco<\/span> <span class=\"meta-nav\">&rarr;<\/span><\/a><\/p>\n","protected":false},"author":1,"featured_media":13712,"comment_status":"open","ping_status":"open","sticky":false,"template":"","format":"standard","meta":[],"categories":[5,4,6,1],"tags":[16,1866,1722],"_links":{"self":[{"href":"http:\/\/labestiadeportiva.com\/lbd\/wp-json\/wp\/v2\/posts\/13711"}],"collection":[{"href":"http:\/\/labestiadeportiva.com\/lbd\/wp-json\/wp\/v2\/posts"}],"about":[{"href":"http:\/\/labestiadeportiva.com\/lbd\/wp-json\/wp\/v2\/types\/post"}],"author":[{"embeddable":true,"href":"http:\/\/labestiadeportiva.com\/lbd\/wp-json\/wp\/v2\/users\/1"}],"replies":[{"embeddable":true,"href":"http:\/\/labestiadeportiva.com\/lbd\/wp-json\/wp\/v2\/comments?post=13711"}],"version-history":[{"count":1,"href":"http:\/\/labestiadeportiva.com\/lbd\/wp-json\/wp\/v2\/posts\/13711\/revisions"}],"predecessor-version":[{"id":13713,"href":"http:\/\/labestiadeportiva.com\/lbd\/wp-json\/wp\/v2\/posts\/13711\/revisions\/13713"}],"wp:featuredmedia":[{"embeddable":true,"href":"http:\/\/labestiadeportiva.com\/lbd\/wp-json\/wp\/v2\/media\/13712"}],"wp:attachment":[{"href":"http:\/\/labestiadeportiva.com\/lbd\/wp-json\/wp\/v2\/media?parent=13711"}],"wp:term":[{"taxonomy":"category","embeddable":true,"href":"http:\/\/labestiadeportiva.com\/lbd\/wp-json\/wp\/v2\/categories?post=13711"},{"taxonomy":"post_tag","embeddable":true,"href":"http:\/\/labestiadeportiva.com\/lbd\/wp-json\/wp\/v2\/tags?post=13711"}],"curies":[{"name":"wp","href":"https:\/\/api.w.org\/{rel}","templated":true}]}}