{"id":13714,"date":"2014-11-23T00:32:21","date_gmt":"2014-11-23T00:32:21","guid":{"rendered":"http:\/\/labestiadeportiva.com\/lbd\/?p=13714"},"modified":"2014-11-23T00:32:21","modified_gmt":"2014-11-23T00:32:21","slug":"ventaja-para-suiza","status":"publish","type":"post","link":"http:\/\/labestiadeportiva.com\/lbd\/ventaja-para-suiza\/","title":{"rendered":"Ventaja para Suiza"},"content":{"rendered":"<p>Por Mat\u00edas Pouso (Corresponsal LBD en CABA)<br \/>\n<a href=\"http:\/\/labestiadeportiva.com\/lbd\/wp-content\/uploads\/2014\/11\/imagegen.jpg\"><img loading=\"lazy\" class=\"alignleft size-medium wp-image-13715\" title=\"imagegen\" src=\"http:\/\/labestiadeportiva.com\/lbd\/wp-content\/uploads\/2014\/11\/imagegen-300x168.jpg\" alt=\"\" width=\"300\" height=\"168\" srcset=\"http:\/\/labestiadeportiva.com\/lbd\/wp-content\/uploads\/2014\/11\/imagegen-300x168.jpg 300w, http:\/\/labestiadeportiva.com\/lbd\/wp-content\/uploads\/2014\/11\/imagegen.jpg 520w\" sizes=\"(max-width: 300px) 100vw, 300px\" \/><\/a>El equipo helv\u00e9tico se encuentra a un paso de entrar en la historia de la Copa Davis, de la mano de Stan Wawrinka y Roger Federer los suizos est\u00e1n 2-1 sobre Francia en la final de la competencia m\u00e1s importante por equipos en el tenis. Las fotos son gentileza sitio Copa Davis.<!--more--><\/p>\n<p>Luego de una jornada de viernes en la que el ladero se convirti\u00f3 en el h\u00e9roe, los dos magn\u00edficos de los alpes unieron sus fuerzas este s\u00e1bado y le dieron a su naci\u00f3n una ventaja sumamente importante de cara a lo que ser\u00eda una proeza hist\u00f3rica para el tenis suizo.<\/p>\n<p>Stanislas Wawrinka hab\u00eda adelantado a los visitantes con una contundente victoria por 6-1, 3-6, 6-3 y 6-2 contra Jo-Wilfried Tsonga en el partido inaugural. El n\u00famero 4 del mundo, continu\u00f3 con el nivel que lo llev\u00f3 a las semifinales del torneo de Maestros la semana pasada mientras batallaba contra los ca\u00f1onazos del galo. As\u00ed consigui\u00f3 el primer quiebre en el tercer juego y jugando con los nervios de su oponente pegando un winner tras otro pudo quedarse con el primer set en 26\u2019.<\/p>\n<p><a href=\"http:\/\/labestiadeportiva.com\/lbd\/wp-content\/uploads\/2014\/11\/davisequipos.jpg\"><img loading=\"lazy\" class=\"aligncenter size-medium wp-image-13716\" title=\"davisequipos\" src=\"http:\/\/labestiadeportiva.com\/lbd\/wp-content\/uploads\/2014\/11\/davisequipos-300x199.jpg\" alt=\"\" width=\"300\" height=\"199\" srcset=\"http:\/\/labestiadeportiva.com\/lbd\/wp-content\/uploads\/2014\/11\/davisequipos-300x199.jpg 300w, http:\/\/labestiadeportiva.com\/lbd\/wp-content\/uploads\/2014\/11\/davisequipos.jpg 698w\" sizes=\"(max-width: 300px) 100vw, 300px\" \/><\/a>Sin embargo, en el segundo set el orgullo del clon de Muhammad Al\u00ed se vio claramente tocado y sali\u00f3 a comerse a su rival tomando una pronta ventaja 3-1. El renacimiento franc\u00e9s no solo se dio dentro del court sino tambi\u00e9n en las tribunas, los locales rugieron bien fuerte cuando Tsonga igual\u00f3 el marcador gracias a un servicio de 203 km\/h.<\/p>\n<p>Cuando parec\u00eda que Tsonga ten\u00eda todo para ganarlo, Wawrinka sac\u00f3 a relucir un arma que en gran parte de su carrera le jug\u00f3 en contra, pero que en el \u00faltimo a\u00f1o lo llev\u00f3 al lugar que ocupa en la actualidad del mundo del tenis, su cabeza.<\/p>\n<p>Con poderosos golpes de fondo y una clara estrategia agresiva se puso nuevamente en ventaja en el cotejo. Ventaja que luego capitalizar\u00eda en el cuarto set de manera fugaz ganando cinco de los primeros siete games de la manga.<\/p>\n<p><a href=\"http:\/\/labestiadeportiva.com\/lbd\/wp-content\/uploads\/2014\/11\/davismonffeder.jpg\"><img loading=\"lazy\" class=\"aligncenter size-medium wp-image-13717\" title=\"davismonffeder\" src=\"http:\/\/labestiadeportiva.com\/lbd\/wp-content\/uploads\/2014\/11\/davismonffeder-300x198.jpg\" alt=\"\" width=\"300\" height=\"198\" srcset=\"http:\/\/labestiadeportiva.com\/lbd\/wp-content\/uploads\/2014\/11\/davismonffeder-300x198.jpg 300w, http:\/\/labestiadeportiva.com\/lbd\/wp-content\/uploads\/2014\/11\/davismonffeder.jpg 697w\" sizes=\"(max-width: 300px) 100vw, 300px\" \/><\/a>Finalmente, luego de dos horas y 24 minutos de juego, le entreg\u00f3 el primer punto a Suiza luego de que su volea coqueteara con la red y terminara en el campo rival.<\/p>\n<p>Apenas finalizado ese partido, Gael Monfils tuvo una de las mejores actuaciones de su carrera al derrotar a Roger Federer por 6-1, 6-4 y 6-3 e igualar en uno el tanteador en la gran final disputada en Lille.<\/p>\n<p>La Pantera Monfils tuvo un gran comienzo con su servicio y con sus passing shots de rev\u00e9s, golpe con el que consigui\u00f3 el primer break point en el cuarto juego. Inspirado por el apoyo del fervoroso p\u00fablico, Gael afirm\u00f3 m\u00e1s tarde la doble ruptura de saque y se puso 5-1, luego con un mini show de aces consecutivos cerr\u00f3 la primera manga en 30 minutos.<\/p>\n<p>Federer sigui\u00f3 luchando pero cedi\u00f3 nuevamente su saque en el tercer juego del segundo set, se lo ve\u00eda muy falto de movilidad como para devolver la dur\u00edsima y profunda derecha de Monfils. Tan solo un quiebre le bast\u00f3 al parisino para ponerse dos sets arriba del suizo.<\/p>\n<p><a href=\"http:\/\/labestiadeportiva.com\/lbd\/wp-content\/uploads\/2014\/11\/davisdoubles.jpg\"><img loading=\"lazy\" class=\"aligncenter size-medium wp-image-13718\" title=\"davisdoubles\" src=\"http:\/\/labestiadeportiva.com\/lbd\/wp-content\/uploads\/2014\/11\/davisdoubles-300x199.jpg\" alt=\"\" width=\"300\" height=\"199\" srcset=\"http:\/\/labestiadeportiva.com\/lbd\/wp-content\/uploads\/2014\/11\/davisdoubles-300x199.jpg 300w, http:\/\/labestiadeportiva.com\/lbd\/wp-content\/uploads\/2014\/11\/davisdoubles.jpg 699w\" sizes=\"(max-width: 300px) 100vw, 300px\" \/><\/a>El camino ya estaba allanado, y no hubo lugar para sorpresas en el tercer y definitivo parcial. Una vez que se adelant\u00f3 4-2 ya no le dio posibilidades a un Federer entregado. La serie quedaba igualada y el doble ser\u00eda vital para determinar de qu\u00e9 lado caer\u00eda el favorit\u00edsimo en esta serie.<\/p>\n<p>Julien Benneateau y Richard Gasquet fueron los elegidos por el lado franc\u00e9s; en tanto que el capit\u00e1n suizo mand\u00f3 a la cancha a Wawrinka y Federer apostando un pleno ya que los visitantes no poseen el recambio de jugadores que s\u00ed tiene el equipo local.<br \/>\nY vaya si rindi\u00f3 la apuesta de Severin Luthi que su dupla apabull\u00f3 a la pareja gala y puso match point a Suiza por primera vez en su historia. Los ganadores de la medalla dorada en Beijing 2008 se quedaron con el tercer punto con un contundente 6-3, 7-5 y 6-4.<\/p>\n<p>Wawrinka, impulsado por la confianza de vencer a Tsonga el viernes entr\u00f3 al court con sus ca\u00f1ones listos para bombardear a los franceses y con un Federer tan coordinado que hizo olvidar r\u00e1pidamente su p\u00e1lida actuaci\u00f3n del d\u00eda anterior. Por su parte, a Benneteau y Gasquet se los ve\u00eda superados por la situaci\u00f3n y el contexto, tal fue as\u00ed que no pudieron concretar ninguna de las cinco oportunidades de quiebre que tuvieron.<\/p>\n<p><a href=\"http:\/\/labestiadeportiva.com\/lbd\/wp-content\/uploads\/2014\/11\/daviswawr.jpg\"><img loading=\"lazy\" class=\"aligncenter size-medium wp-image-13719\" title=\"daviswawr\" src=\"http:\/\/labestiadeportiva.com\/lbd\/wp-content\/uploads\/2014\/11\/daviswawr-300x197.jpg\" alt=\"\" width=\"300\" height=\"197\" srcset=\"http:\/\/labestiadeportiva.com\/lbd\/wp-content\/uploads\/2014\/11\/daviswawr-300x197.jpg 300w, http:\/\/labestiadeportiva.com\/lbd\/wp-content\/uploads\/2014\/11\/daviswawr.jpg 697w\" sizes=\"(max-width: 300px) 100vw, 300px\" \/><\/a>Federer y Wawrinka tambi\u00e9n pusieron fin a una racha de cuatro derrotas jugando juntos en la Copa Davis, y ganaron su primer partido como pareja sobre polvo de ladrillo. No perdieron su saque en ninguna oportunidad, y dominaron los puntos cruciales para resistir los intentos de embate de la dupla francesa, sobre todo en el segundo set.<\/p>\n<p>La serie se definir\u00e1 el domingo con los duelos de singles entre Roger Federer y Jo-Wilfried Tsonga, en un partido que puede darle su primera Davis a Suiza; luego, de ser necesario, Wawrinka chocar\u00e1 ante Gael Monfils.<\/p>\n<p>La ensaladera est\u00e1 servida para los helv\u00e9ticos, los galos por su parte tendr\u00e1n que hacer pesar su local\u00eda y la estirpe copera que los llev\u00f3 a ganar esta competencia en nueve ocasiones.<\/p>\n<div class='epvc-post-count'><span class='epvc-eye'><\/span>  <span class=\"epvc-count\"> 1.061<\/span><span class='epvc-label'> veces le\u00edda<\/span><\/div>\n<div class=\"jwsharethis\">\nShare this: \n<br \/>\n<a href=\"mailto:?subject=Ventaja%20para%20Suiza&amp;body=http%3A%2F%2Flabestiadeportiva.com%2Flbd%2Fventaja-para-suiza%2F\">\n<img src=\"http:\/\/labestiadeportiva.com\/lbd\/wp-content\/plugins\/jw-share-this\/email.png\" alt=\"Share this page via Email\" \/>\n<\/a>\n<a target=\"_blank\" href=\"http:\/\/www.stumbleupon.com\/submit?url=http%3A%2F%2Flabestiadeportiva.com%2Flbd%2Fventaja-para-suiza%2F&amp;title=Ventaja+para+Suiza\">\n<img src=\"http:\/\/labestiadeportiva.com\/lbd\/wp-content\/plugins\/jw-share-this\/su.png\" alt=\"Share this page via Stumble Upon\" \/>\n<\/a>\n<a target=\"_blank\" href=\"http:\/\/digg.com\/submit?url=http%3A%2F%2Flabestiadeportiva.com%2Flbd%2Fventaja-para-suiza%2F&amp;title=Ventaja+para+Suiza\">\n<img src=\"http:\/\/labestiadeportiva.com\/lbd\/wp-content\/plugins\/jw-share-this\/digg.png\" alt=\"Share this page via Digg this\" \/>\n<\/a>\n<a target=\"_blank\" href=\"http:\/\/www.facebook.com\/sharer.php?u=http%3A%2F%2Flabestiadeportiva.com%2Flbd%2Fventaja-para-suiza%2F&amp;t=Ventaja+para+Suiza\">\n<img src=\"http:\/\/labestiadeportiva.com\/lbd\/wp-content\/plugins\/jw-share-this\/fb.png\" alt=\"Share this page via Facebook\" \/>\n<\/a>\n<a target=\"_blank\" href=\"http:\/\/twitter.com\/intent\/tweet?text=I+like+http%3A%2F%2Flabestiadeportiva.com%2Flbd%2Fventaja-para-suiza%2F&amp;title=Ventaja+para+Suiza\">\n<img src=\"http:\/\/labestiadeportiva.com\/lbd\/wp-content\/plugins\/jw-share-this\/twitter.png\" alt=\"Share this page via Twitter\" \/>\n<\/a>\n<\/div>\n","protected":false},"excerpt":{"rendered":"<p>Por Mat\u00edas Pouso (Corresponsal LBD en CABA) El equipo helv\u00e9tico se encuentra a un paso de entrar en la historia de la Copa Davis, de la mano de Stan Wawrinka y Roger Federer los suizos est\u00e1n 2-1 sobre Francia en la final de la competencia m\u00e1s importante por equipos en el tenis. Las fotos son &hellip; <a href=\"http:\/\/labestiadeportiva.com\/lbd\/ventaja-para-suiza\/\" class=\"more-link\">Seguir leyendo <span class=\"screen-reader-text\">Ventaja para Suiza<\/span> <span class=\"meta-nav\">&rarr;<\/span><\/a><\/p>\n","protected":false},"author":1,"featured_media":13715,"comment_status":"open","ping_status":"open","sticky":false,"template":"","format":"standard","meta":[],"categories":[4,1,39],"tags":[40,4835],"_links":{"self":[{"href":"http:\/\/labestiadeportiva.com\/lbd\/wp-json\/wp\/v2\/posts\/13714"}],"collection":[{"href":"http:\/\/labestiadeportiva.com\/lbd\/wp-json\/wp\/v2\/posts"}],"about":[{"href":"http:\/\/labestiadeportiva.com\/lbd\/wp-json\/wp\/v2\/types\/post"}],"author":[{"embeddable":true,"href":"http:\/\/labestiadeportiva.com\/lbd\/wp-json\/wp\/v2\/users\/1"}],"replies":[{"embeddable":true,"href":"http:\/\/labestiadeportiva.com\/lbd\/wp-json\/wp\/v2\/comments?post=13714"}],"version-history":[{"count":1,"href":"http:\/\/labestiadeportiva.com\/lbd\/wp-json\/wp\/v2\/posts\/13714\/revisions"}],"predecessor-version":[{"id":13720,"href":"http:\/\/labestiadeportiva.com\/lbd\/wp-json\/wp\/v2\/posts\/13714\/revisions\/13720"}],"wp:featuredmedia":[{"embeddable":true,"href":"http:\/\/labestiadeportiva.com\/lbd\/wp-json\/wp\/v2\/media\/13715"}],"wp:attachment":[{"href":"http:\/\/labestiadeportiva.com\/lbd\/wp-json\/wp\/v2\/media?parent=13714"}],"wp:term":[{"taxonomy":"category","embeddable":true,"href":"http:\/\/labestiadeportiva.com\/lbd\/wp-json\/wp\/v2\/categories?post=13714"},{"taxonomy":"post_tag","embeddable":true,"href":"http:\/\/labestiadeportiva.com\/lbd\/wp-json\/wp\/v2\/tags?post=13714"}],"curies":[{"name":"wp","href":"https:\/\/api.w.org\/{rel}","templated":true}]}}