{"id":13725,"date":"2014-11-25T15:34:54","date_gmt":"2014-11-25T15:34:54","guid":{"rendered":"http:\/\/labestiadeportiva.com\/lbd\/?p=13725"},"modified":"2014-11-25T15:34:54","modified_gmt":"2014-11-25T15:34:54","slug":"viaje-interminable","status":"publish","type":"post","link":"http:\/\/labestiadeportiva.com\/lbd\/viaje-interminable\/","title":{"rendered":"Viaje interminable"},"content":{"rendered":"<p><a href=\"http:\/\/labestiadeportiva.com\/lbd\/wp-content\/uploads\/2014\/11\/MG_4801.jpg\"><img loading=\"lazy\" class=\"alignleft size-medium wp-image-13726\" title=\"_MG_4801\" src=\"http:\/\/labestiadeportiva.com\/lbd\/wp-content\/uploads\/2014\/11\/MG_4801-300x199.jpg\" alt=\"\" width=\"300\" height=\"199\" srcset=\"http:\/\/labestiadeportiva.com\/lbd\/wp-content\/uploads\/2014\/11\/MG_4801-300x199.jpg 300w, http:\/\/labestiadeportiva.com\/lbd\/wp-content\/uploads\/2014\/11\/MG_4801.jpg 800w\" sizes=\"(max-width: 300px) 100vw, 300px\" \/><\/a>El lunes pasada la medianoche culmin\u00f3 el largo viaje hacia la sede de los binacionales en su 23\u00b0 edici\u00f3n. Los fueguinos ya est\u00e1n alojados y realizando sus primeras acciones deportivas en Temuco, Victoria, Villa Rica y Angol. El conjunto de v\u00f3ley femenino se impuso categ\u00f3ricamente a Magallanes por 3 set a 0, por la tarde enfrentar\u00e1 a Neuqu\u00e9n. En nataci\u00f3n este martes por la ma\u00f1ana, desde las nueve, se realiz\u00f3 la primera jornada en la piscina Rufino Bernedo Z.<!--more--><\/p>\n<p><a href=\"http:\/\/labestiadeportiva.com\/lbd\/wp-content\/uploads\/2014\/11\/10150791_999411236739768_896909751610892598_n.jpg\"><img loading=\"lazy\" class=\"aligncenter size-medium wp-image-13727\" title=\"10150791_999411236739768_896909751610892598_n\" src=\"http:\/\/labestiadeportiva.com\/lbd\/wp-content\/uploads\/2014\/11\/10150791_999411236739768_896909751610892598_n-300x178.jpg\" alt=\"\" width=\"300\" height=\"178\" srcset=\"http:\/\/labestiadeportiva.com\/lbd\/wp-content\/uploads\/2014\/11\/10150791_999411236739768_896909751610892598_n-300x178.jpg 300w, http:\/\/labestiadeportiva.com\/lbd\/wp-content\/uploads\/2014\/11\/10150791_999411236739768_896909751610892598_n.jpg 800w\" sizes=\"(max-width: 300px) 100vw, 300px\" \/><\/a>Casi dos d\u00edas de marcha para la delegaci\u00f3n fueguina quien arrib\u00f3 a la capital de la IX Regi\u00f3n de Araucan\u00eda en la madrugada de este martes.<\/p>\n<p>Todo comenz\u00f3 el s\u00e1bado por la madrugada en Ushuaia donde los participantes capitalinos abordaron uno de los micros de Taqsa y Marga para trasladarse al norte de la al norte de la isla cerca de las siete de la ma\u00f1ana.<\/p>\n<p><a href=\"http:\/\/labestiadeportiva.com\/lbd\/wp-content\/uploads\/2014\/11\/10408999_999412180073007_7751344370227118039_n.jpg\"><img loading=\"lazy\" class=\"aligncenter size-medium wp-image-13733\" title=\"10408999_999412180073007_7751344370227118039_n\" src=\"http:\/\/labestiadeportiva.com\/lbd\/wp-content\/uploads\/2014\/11\/10408999_999412180073007_7751344370227118039_n-300x190.jpg\" alt=\"\" width=\"300\" height=\"190\" srcset=\"http:\/\/labestiadeportiva.com\/lbd\/wp-content\/uploads\/2014\/11\/10408999_999412180073007_7751344370227118039_n-300x190.jpg 300w, http:\/\/labestiadeportiva.com\/lbd\/wp-content\/uploads\/2014\/11\/10408999_999412180073007_7751344370227118039_n.jpg 800w\" sizes=\"(max-width: 300px) 100vw, 300px\" \/><\/a>Una vez en el gimnasio Jorge Muriel de Chacra IV se sumaron dos nuevas unidades de la empresa para albergar c\u00f3modamente a los 150 integrantes de la delegaci\u00f3n provincial.<\/p>\n<p><a href=\"http:\/\/labestiadeportiva.com\/lbd\/wp-content\/uploads\/2014\/11\/MG_4804.jpg\"><img loading=\"lazy\" class=\"aligncenter size-medium wp-image-13728\" title=\"_MG_4804\" src=\"http:\/\/labestiadeportiva.com\/lbd\/wp-content\/uploads\/2014\/11\/MG_4804-300x199.jpg\" alt=\"\" width=\"300\" height=\"199\" srcset=\"http:\/\/labestiadeportiva.com\/lbd\/wp-content\/uploads\/2014\/11\/MG_4804-300x199.jpg 300w, http:\/\/labestiadeportiva.com\/lbd\/wp-content\/uploads\/2014\/11\/MG_4804.jpg 800w\" sizes=\"(max-width: 300px) 100vw, 300px\" \/><\/a>Lamentablemente\u00a0 los planteles de v\u00f3ley masculino y femenino sufrieron tempranas bajas por falta de documentaci\u00f3n algo que volvi\u00f3 a suceder con el judo quien en el paso fronterizo San Sebasti\u00e1n argentino perdi\u00f3 uno de sus j\u00f3venes valores por el mismo motivo.<\/p>\n<p>Luego de superar las cuatro fronteras existentes los micros se dispusieron a iniciar el cruce del Estrecho de Magallanes, all\u00ed uno de las unidades sufri\u00f3 un peque\u00f1o desperfecto que demor\u00f3 su salida de la isla por varias horas.<\/p>\n<p><a href=\"http:\/\/labestiadeportiva.com\/lbd\/wp-content\/uploads\/2014\/11\/MG_4810.jpg\"><img loading=\"lazy\" class=\"aligncenter size-medium wp-image-13729\" title=\"_MG_4810\" src=\"http:\/\/labestiadeportiva.com\/lbd\/wp-content\/uploads\/2014\/11\/MG_4810-300x185.jpg\" alt=\"\" width=\"300\" height=\"185\" srcset=\"http:\/\/labestiadeportiva.com\/lbd\/wp-content\/uploads\/2014\/11\/MG_4810-300x185.jpg 300w, http:\/\/labestiadeportiva.com\/lbd\/wp-content\/uploads\/2014\/11\/MG_4810.jpg 800w\" sizes=\"(max-width: 300px) 100vw, 300px\" \/><\/a>El viaje continu\u00f3 en forma ininterrumpida hasta la localidad rionegrina de San Carlos de Bariloche donde la delegaci\u00f3n fueguina pas\u00f3 la noche en el hotel Interlaquen.<\/p>\n<p>En la ma\u00f1ana del lunes el contingente continu\u00f3 su camino para arribar a las diferentes sedes de la competencia binacional, Temuco, Villa Rica, Victoria y Angol en las \u00faltimas horas del propio lunes.<\/p>\n<p><a href=\"http:\/\/labestiadeportiva.com\/lbd\/wp-content\/uploads\/2014\/11\/10802047_999412306739661_2760212246412133684_n.jpg\"><img loading=\"lazy\" class=\"aligncenter size-medium wp-image-13730\" title=\"10802047_999412306739661_2760212246412133684_n\" src=\"http:\/\/labestiadeportiva.com\/lbd\/wp-content\/uploads\/2014\/11\/10802047_999412306739661_2760212246412133684_n-300x169.jpg\" alt=\"\" width=\"300\" height=\"169\" srcset=\"http:\/\/labestiadeportiva.com\/lbd\/wp-content\/uploads\/2014\/11\/10802047_999412306739661_2760212246412133684_n-300x169.jpg 300w, http:\/\/labestiadeportiva.com\/lbd\/wp-content\/uploads\/2014\/11\/10802047_999412306739661_2760212246412133684_n.jpg 800w\" sizes=\"(max-width: 300px) 100vw, 300px\" \/><\/a>Debido a lo avanzado de la hora de llegada los organizadores dispusieron que las acreditaciones de los deportistas de Tierra del Fuego se realicen en las primeras horas del d\u00eda martes.<\/p>\n<p>Los primeros planteles en entrar en acci\u00f3n fueron femeninos, victoria categ\u00f3rica de las chicas de \u201cLuchi\u201d Flores por 3 a 0 sobre Magallanes present\u00e1ndose nuevamente a las seis de la tarde frente a Neuqu\u00e9n mientras que en b\u00e1squet la derrota tambi\u00e9n fue terminante a favor de Los Lagos que se impusieron sobre las fueguinas 97 a 24.<\/p>\n<p><a href=\"http:\/\/labestiadeportiva.com\/lbd\/wp-content\/uploads\/2014\/11\/MG_4803.jpg\"><img loading=\"lazy\" class=\"aligncenter size-medium wp-image-13731\" title=\"_MG_4803\" src=\"http:\/\/labestiadeportiva.com\/lbd\/wp-content\/uploads\/2014\/11\/MG_4803-300x199.jpg\" alt=\"\" width=\"300\" height=\"199\" srcset=\"http:\/\/labestiadeportiva.com\/lbd\/wp-content\/uploads\/2014\/11\/MG_4803-300x199.jpg 300w, http:\/\/labestiadeportiva.com\/lbd\/wp-content\/uploads\/2014\/11\/MG_4803.jpg 800w\" sizes=\"(max-width: 300px) 100vw, 300px\" \/><\/a>A las 13.30 horas llegar\u00e1 la hora del debut para el v\u00f3ley masculino en Villa Rica ser\u00e1 ante Magallanes, luego repetir\u00e1 presentaci\u00f3n a las 18 con B\u00edo B\u00edo. A las siete de la tarde quienes saltar\u00e1n al c\u00e9sped natural de estadio Amanecer ser\u00e1n los conducidos por Ra\u00fal \u201cCaruso\u201d Ralinqueo ante el siempre candidato Araucan\u00eda.<\/p>\n<p><a href=\"http:\/\/labestiadeportiva.com\/lbd\/wp-content\/uploads\/2014\/11\/10422345_999411420073083_7350184130346622860_n.jpg\"><img loading=\"lazy\" class=\"aligncenter size-medium wp-image-13732\" title=\"10422345_999411420073083_7350184130346622860_n\" src=\"http:\/\/labestiadeportiva.com\/lbd\/wp-content\/uploads\/2014\/11\/10422345_999411420073083_7350184130346622860_n-300x179.jpg\" alt=\"\" width=\"300\" height=\"179\" srcset=\"http:\/\/labestiadeportiva.com\/lbd\/wp-content\/uploads\/2014\/11\/10422345_999411420073083_7350184130346622860_n-300x179.jpg 300w, http:\/\/labestiadeportiva.com\/lbd\/wp-content\/uploads\/2014\/11\/10422345_999411420073083_7350184130346622860_n.jpg 800w\" sizes=\"(max-width: 300px) 100vw, 300px\" \/><\/a><\/p>\n<div class='epvc-post-count'><span class='epvc-eye'><\/span>  <span class=\"epvc-count\"> 1.075<\/span><span class='epvc-label'> veces le\u00edda<\/span><\/div>\n<div class=\"jwsharethis\">\nShare this: \n<br \/>\n<a href=\"mailto:?subject=Viaje%20interminable&amp;body=http%3A%2F%2Flabestiadeportiva.com%2Flbd%2Fviaje-interminable%2F\">\n<img src=\"http:\/\/labestiadeportiva.com\/lbd\/wp-content\/plugins\/jw-share-this\/email.png\" alt=\"Share this page via Email\" \/>\n<\/a>\n<a target=\"_blank\" href=\"http:\/\/www.stumbleupon.com\/submit?url=http%3A%2F%2Flabestiadeportiva.com%2Flbd%2Fviaje-interminable%2F&amp;title=Viaje+interminable\">\n<img src=\"http:\/\/labestiadeportiva.com\/lbd\/wp-content\/plugins\/jw-share-this\/su.png\" alt=\"Share this page via Stumble Upon\" \/>\n<\/a>\n<a target=\"_blank\" href=\"http:\/\/digg.com\/submit?url=http%3A%2F%2Flabestiadeportiva.com%2Flbd%2Fviaje-interminable%2F&amp;title=Viaje+interminable\">\n<img src=\"http:\/\/labestiadeportiva.com\/lbd\/wp-content\/plugins\/jw-share-this\/digg.png\" alt=\"Share this page via Digg this\" \/>\n<\/a>\n<a target=\"_blank\" href=\"http:\/\/www.facebook.com\/sharer.php?u=http%3A%2F%2Flabestiadeportiva.com%2Flbd%2Fviaje-interminable%2F&amp;t=Viaje+interminable\">\n<img src=\"http:\/\/labestiadeportiva.com\/lbd\/wp-content\/plugins\/jw-share-this\/fb.png\" alt=\"Share this page via Facebook\" \/>\n<\/a>\n<a target=\"_blank\" href=\"http:\/\/twitter.com\/intent\/tweet?text=I+like+http%3A%2F%2Flabestiadeportiva.com%2Flbd%2Fviaje-interminable%2F&amp;title=Viaje+interminable\">\n<img src=\"http:\/\/labestiadeportiva.com\/lbd\/wp-content\/plugins\/jw-share-this\/twitter.png\" alt=\"Share this page via Twitter\" \/>\n<\/a>\n<\/div>\n","protected":false},"excerpt":{"rendered":"<p>El lunes pasada la medianoche culmin\u00f3 el largo viaje hacia la sede de los binacionales en su 23\u00b0 edici\u00f3n. Los fueguinos ya est\u00e1n alojados y realizando sus primeras acciones deportivas en Temuco, Victoria, Villa Rica y Angol. El conjunto de v\u00f3ley femenino se impuso categ\u00f3ricamente a Magallanes por 3 set a 0, por la tarde &hellip; <a href=\"http:\/\/labestiadeportiva.com\/lbd\/viaje-interminable\/\" class=\"more-link\">Seguir leyendo <span class=\"screen-reader-text\">Viaje interminable<\/span> <span class=\"meta-nav\">&rarr;<\/span><\/a><\/p>\n","protected":false},"author":1,"featured_media":13726,"comment_status":"open","ping_status":"open","sticky":false,"template":"","format":"standard","meta":[],"categories":[5,4,6,1],"tags":[1755,399,16,1867],"_links":{"self":[{"href":"http:\/\/labestiadeportiva.com\/lbd\/wp-json\/wp\/v2\/posts\/13725"}],"collection":[{"href":"http:\/\/labestiadeportiva.com\/lbd\/wp-json\/wp\/v2\/posts"}],"about":[{"href":"http:\/\/labestiadeportiva.com\/lbd\/wp-json\/wp\/v2\/types\/post"}],"author":[{"embeddable":true,"href":"http:\/\/labestiadeportiva.com\/lbd\/wp-json\/wp\/v2\/users\/1"}],"replies":[{"embeddable":true,"href":"http:\/\/labestiadeportiva.com\/lbd\/wp-json\/wp\/v2\/comments?post=13725"}],"version-history":[{"count":1,"href":"http:\/\/labestiadeportiva.com\/lbd\/wp-json\/wp\/v2\/posts\/13725\/revisions"}],"predecessor-version":[{"id":13734,"href":"http:\/\/labestiadeportiva.com\/lbd\/wp-json\/wp\/v2\/posts\/13725\/revisions\/13734"}],"wp:featuredmedia":[{"embeddable":true,"href":"http:\/\/labestiadeportiva.com\/lbd\/wp-json\/wp\/v2\/media\/13726"}],"wp:attachment":[{"href":"http:\/\/labestiadeportiva.com\/lbd\/wp-json\/wp\/v2\/media?parent=13725"}],"wp:term":[{"taxonomy":"category","embeddable":true,"href":"http:\/\/labestiadeportiva.com\/lbd\/wp-json\/wp\/v2\/categories?post=13725"},{"taxonomy":"post_tag","embeddable":true,"href":"http:\/\/labestiadeportiva.com\/lbd\/wp-json\/wp\/v2\/tags?post=13725"}],"curies":[{"name":"wp","href":"https:\/\/api.w.org\/{rel}","templated":true}]}}