{"id":13745,"date":"2014-11-26T14:32:59","date_gmt":"2014-11-26T14:32:59","guid":{"rendered":"http:\/\/labestiadeportiva.com\/lbd\/?p=13745"},"modified":"2014-11-26T14:32:59","modified_gmt":"2014-11-26T14:32:59","slug":"dia-complicado","status":"publish","type":"post","link":"http:\/\/labestiadeportiva.com\/lbd\/dia-complicado\/","title":{"rendered":"D\u00eda complicado"},"content":{"rendered":"<p><a href=\"http:\/\/labestiadeportiva.com\/lbd\/wp-content\/uploads\/2014\/11\/MG_48401.jpg\"><img loading=\"lazy\" class=\"alignleft size-medium wp-image-13751\" title=\"_MG_4840\" src=\"http:\/\/labestiadeportiva.com\/lbd\/wp-content\/uploads\/2014\/11\/MG_48401-300x195.jpg\" alt=\"\" width=\"300\" height=\"195\" srcset=\"http:\/\/labestiadeportiva.com\/lbd\/wp-content\/uploads\/2014\/11\/MG_48401-300x195.jpg 300w, http:\/\/labestiadeportiva.com\/lbd\/wp-content\/uploads\/2014\/11\/MG_48401.jpg 800w\" sizes=\"(max-width: 300px) 100vw, 300px\" \/><\/a>La primera jornada completa de competencia en los Juegos entreg\u00f3 varias derrotas para las disciplinas de conjunto donde cayeron v\u00f3ley, b\u00e1squet y f\u00fatbol.<\/p>\n<p>Las sure\u00f1as de \u201cLuchi\u201d Flores, v\u00f3ley femenino, no pudieron mantener el nivel desplegado por la ma\u00f1ana al caer en sets corridos ante las neuquinas por 3 a 0 con parciales 25-23, 25-20 y 25-16.<!--more--><\/p>\n<p><a href=\"http:\/\/labestiadeportiva.com\/lbd\/wp-content\/uploads\/2014\/11\/MG_48162.jpg\"><img loading=\"lazy\" class=\"aligncenter size-medium wp-image-13749\" title=\"_MG_4816\" src=\"http:\/\/labestiadeportiva.com\/lbd\/wp-content\/uploads\/2014\/11\/MG_48162-300x192.jpg\" alt=\"\" width=\"300\" height=\"192\" srcset=\"http:\/\/labestiadeportiva.com\/lbd\/wp-content\/uploads\/2014\/11\/MG_48162-300x192.jpg 300w, http:\/\/labestiadeportiva.com\/lbd\/wp-content\/uploads\/2014\/11\/MG_48162.jpg 800w\" sizes=\"(max-width: 300px) 100vw, 300px\" \/><\/a>Doble derrota para el reducido plantel masculino del v\u00f3ley que compite en Villa Rica, 3 a 1 por la ma\u00f1ana ante Magallanes y 3 a 0 con B\u00edo B\u00edo por la tarde.<\/p>\n<p>Lamentablemente en su debut el f\u00fatbol fue goleado por 4 a 1 ante los due\u00f1os de casa en un partido dif\u00edcil de explicar. Tuvo treinta minutos interesantes con control de juego y situaciones de riesgo pero antes del cierre de la primera etapa recibi\u00f3 el primer tanto en contra.<\/p>\n<p><a href=\"http:\/\/labestiadeportiva.com\/lbd\/wp-content\/uploads\/2014\/11\/Camil-Erro-Burg-salto-en-largo.jpg\"><img loading=\"lazy\" class=\"aligncenter size-medium wp-image-13755\" title=\"Camil Erro Burg - salto en largo\" src=\"http:\/\/labestiadeportiva.com\/lbd\/wp-content\/uploads\/2014\/11\/Camil-Erro-Burg-salto-en-largo-300x200.jpg\" alt=\"\" width=\"300\" height=\"200\" srcset=\"http:\/\/labestiadeportiva.com\/lbd\/wp-content\/uploads\/2014\/11\/Camil-Erro-Burg-salto-en-largo-300x200.jpg 300w, http:\/\/labestiadeportiva.com\/lbd\/wp-content\/uploads\/2014\/11\/Camil-Erro-Burg-salto-en-largo.jpg 1024w\" sizes=\"(max-width: 300px) 100vw, 300px\" \/><\/a>En el complemento Fernando Quiroga, recientemente promovido a la primera divisi\u00f3n de Deportes Temuco sentenci\u00f3 la historia. Lleg\u00f3 el descuento de los fueguinos aunque abr\u00eda tiempo para un nuevo tanto de Araucan\u00eda.<\/p>\n<p><a href=\"http:\/\/labestiadeportiva.com\/lbd\/wp-content\/uploads\/2014\/11\/Obregon-y-Milano-lanzamiento-de-bala.jpg\"><img loading=\"lazy\" class=\"aligncenter size-medium wp-image-13750\" title=\"Obregon y Milano, lanzamiento de bala\" src=\"http:\/\/labestiadeportiva.com\/lbd\/wp-content\/uploads\/2014\/11\/Obregon-y-Milano-lanzamiento-de-bala-300x200.jpg\" alt=\"\" width=\"300\" height=\"200\" srcset=\"http:\/\/labestiadeportiva.com\/lbd\/wp-content\/uploads\/2014\/11\/Obregon-y-Milano-lanzamiento-de-bala-300x200.jpg 300w, http:\/\/labestiadeportiva.com\/lbd\/wp-content\/uploads\/2014\/11\/Obregon-y-Milano-lanzamiento-de-bala.jpg 800w\" sizes=\"(max-width: 300px) 100vw, 300px\" \/><\/a>Por la tarde comenz\u00f3 la actividad oficial para el equipo de atletismo. Fue el turno de Jos\u00e9 Obreg\u00f3n y Leandro Milano en Lanzamiento de Bala, 1500 metros para Rodrigo Vel\u00e1zquez y Juan Rauch, Alan Maman\u00ed en 400 llanos, Estefan\u00eda Torres y Ludmila Medina fueron parte de los 100 llanos, Roc\u00edo Oru\u00e9 en 1500, Cam\u00edl Erro Burg y Estefan\u00eda Torres en Salto en Largo mientras que Estefan\u00eda Torres tambi\u00e9n particip\u00f3 en los 400 metros llanos.<\/p>\n<p><a href=\"http:\/\/labestiadeportiva.com\/lbd\/wp-content\/uploads\/2014\/11\/MG_48201.jpg\"><img loading=\"lazy\" class=\"aligncenter size-medium wp-image-13753\" title=\"_MG_4820\" src=\"http:\/\/labestiadeportiva.com\/lbd\/wp-content\/uploads\/2014\/11\/MG_48201-300x199.jpg\" alt=\"\" width=\"300\" height=\"199\" srcset=\"http:\/\/labestiadeportiva.com\/lbd\/wp-content\/uploads\/2014\/11\/MG_48201-300x199.jpg 300w, http:\/\/labestiadeportiva.com\/lbd\/wp-content\/uploads\/2014\/11\/MG_48201-1024x681.jpg 1024w, http:\/\/labestiadeportiva.com\/lbd\/wp-content\/uploads\/2014\/11\/MG_48201.jpg 1936w\" sizes=\"(max-width: 300px) 100vw, 300px\" \/><\/a>En el norte de la regi\u00f3n, Angol, Juli\u00e1n Castro se present\u00f3 en el comienzo del judo logrando la tercera posici\u00f3n en la zona clasificatoria de la categor\u00eda hasta 81 kilos detr\u00e1s de los representantes de Santa Cruz y R\u00edo Negro.<\/p>\n<p><a href=\"http:\/\/labestiadeportiva.com\/lbd\/wp-content\/uploads\/2014\/11\/MG_4828.jpg\"><img loading=\"lazy\" class=\"aligncenter size-medium wp-image-13757\" title=\"_MG_4828\" src=\"http:\/\/labestiadeportiva.com\/lbd\/wp-content\/uploads\/2014\/11\/MG_4828-300x199.jpg\" alt=\"\" width=\"300\" height=\"199\" srcset=\"http:\/\/labestiadeportiva.com\/lbd\/wp-content\/uploads\/2014\/11\/MG_4828-300x199.jpg 300w, http:\/\/labestiadeportiva.com\/lbd\/wp-content\/uploads\/2014\/11\/MG_4828.jpg 800w\" sizes=\"(max-width: 300px) 100vw, 300px\" \/><\/a>Dentro de lo destacado de la jornada de la nataci\u00f3n Florencia Sosa se meti\u00f3 en la final B de los 200 metros espalda, asimismo la posta combinada masculina 4&#215;100 fueguina se adjudic\u00f3 un loable noveno puesto.<\/p>\n<p><a href=\"http:\/\/labestiadeportiva.com\/lbd\/wp-content\/uploads\/2014\/11\/Rauch-Velazquez-1500.jpg\"><img loading=\"lazy\" class=\"aligncenter size-medium wp-image-13754\" title=\"Rauch - Velazquez (1500)\" src=\"http:\/\/labestiadeportiva.com\/lbd\/wp-content\/uploads\/2014\/11\/Rauch-Velazquez-1500-300x227.jpg\" alt=\"\" width=\"300\" height=\"227\" srcset=\"http:\/\/labestiadeportiva.com\/lbd\/wp-content\/uploads\/2014\/11\/Rauch-Velazquez-1500-300x227.jpg 300w, http:\/\/labestiadeportiva.com\/lbd\/wp-content\/uploads\/2014\/11\/Rauch-Velazquez-1500.jpg 1000w\" sizes=\"(max-width: 300px) 100vw, 300px\" \/><\/a>Este mi\u00e9rcoles desde las nueve de la ma\u00f1ana se pondr\u00e1 en marcha el segundo d\u00eda de competencia binacional en las diferentes sedes con presencia fueguina, Temuco, Angol, Villa Rica y Victoria.<\/p>\n<p><a href=\"http:\/\/labestiadeportiva.com\/lbd\/wp-content\/uploads\/2014\/11\/Roc+\u00a1o-Oru+\u00ae-1500.jpg\"><img loading=\"lazy\" class=\"aligncenter size-medium wp-image-13756\" title=\"Roc+\u00a1o Oru+\u00ae (1500)\" src=\"http:\/\/labestiadeportiva.com\/lbd\/wp-content\/uploads\/2014\/11\/Roc+\u00a1o-Oru+\u00ae-1500-300x210.jpg\" alt=\"\" width=\"300\" height=\"210\" srcset=\"http:\/\/labestiadeportiva.com\/lbd\/wp-content\/uploads\/2014\/11\/Roc+\u00a1o-Oru+\u00ae-1500-300x210.jpg 300w, http:\/\/labestiadeportiva.com\/lbd\/wp-content\/uploads\/2014\/11\/Roc+\u00a1o-Oru+\u00ae-1500.jpg 1024w\" sizes=\"(max-width: 300px) 100vw, 300px\" \/><\/a><\/p>\n<div class='epvc-post-count'><span class='epvc-eye'><\/span>  <span class=\"epvc-count\"> 970<\/span><span class='epvc-label'> veces le\u00edda<\/span><\/div>\n<div class=\"jwsharethis\">\nShare this: \n<br \/>\n<a href=\"mailto:?subject=D%C3%ADa%20complicado&amp;body=http%3A%2F%2Flabestiadeportiva.com%2Flbd%2Fdia-complicado%2F\">\n<img src=\"http:\/\/labestiadeportiva.com\/lbd\/wp-content\/plugins\/jw-share-this\/email.png\" alt=\"Share this page via Email\" \/>\n<\/a>\n<a target=\"_blank\" href=\"http:\/\/www.stumbleupon.com\/submit?url=http%3A%2F%2Flabestiadeportiva.com%2Flbd%2Fdia-complicado%2F&amp;title=D%C3%ADa+complicado\">\n<img src=\"http:\/\/labestiadeportiva.com\/lbd\/wp-content\/plugins\/jw-share-this\/su.png\" alt=\"Share this page via Stumble Upon\" \/>\n<\/a>\n<a target=\"_blank\" href=\"http:\/\/digg.com\/submit?url=http%3A%2F%2Flabestiadeportiva.com%2Flbd%2Fdia-complicado%2F&amp;title=D%C3%ADa+complicado\">\n<img src=\"http:\/\/labestiadeportiva.com\/lbd\/wp-content\/plugins\/jw-share-this\/digg.png\" alt=\"Share this page via Digg this\" \/>\n<\/a>\n<a target=\"_blank\" href=\"http:\/\/www.facebook.com\/sharer.php?u=http%3A%2F%2Flabestiadeportiva.com%2Flbd%2Fdia-complicado%2F&amp;t=D%C3%ADa+complicado\">\n<img src=\"http:\/\/labestiadeportiva.com\/lbd\/wp-content\/plugins\/jw-share-this\/fb.png\" alt=\"Share this page via Facebook\" \/>\n<\/a>\n<a target=\"_blank\" href=\"http:\/\/twitter.com\/intent\/tweet?text=I+like+http%3A%2F%2Flabestiadeportiva.com%2Flbd%2Fdia-complicado%2F&amp;title=D%C3%ADa+complicado\">\n<img src=\"http:\/\/labestiadeportiva.com\/lbd\/wp-content\/plugins\/jw-share-this\/twitter.png\" alt=\"Share this page via Twitter\" \/>\n<\/a>\n<\/div>\n","protected":false},"excerpt":{"rendered":"<p>La primera jornada completa de competencia en los Juegos entreg\u00f3 varias derrotas para las disciplinas de conjunto donde cayeron v\u00f3ley, b\u00e1squet y f\u00fatbol. Las sure\u00f1as de \u201cLuchi\u201d Flores, v\u00f3ley femenino, no pudieron mantener el nivel desplegado por la ma\u00f1ana al caer en sets corridos ante las neuquinas por 3 a 0 con parciales 25-23, 25-20 &hellip; <a href=\"http:\/\/labestiadeportiva.com\/lbd\/dia-complicado\/\" class=\"more-link\">Seguir leyendo <span class=\"screen-reader-text\">D\u00eda complicado<\/span> <span class=\"meta-nav\">&rarr;<\/span><\/a><\/p>\n","protected":false},"author":1,"featured_media":13751,"comment_status":"open","ping_status":"open","sticky":false,"template":"","format":"standard","meta":[],"categories":[5,4,6,1],"tags":[1828,16,1722],"_links":{"self":[{"href":"http:\/\/labestiadeportiva.com\/lbd\/wp-json\/wp\/v2\/posts\/13745"}],"collection":[{"href":"http:\/\/labestiadeportiva.com\/lbd\/wp-json\/wp\/v2\/posts"}],"about":[{"href":"http:\/\/labestiadeportiva.com\/lbd\/wp-json\/wp\/v2\/types\/post"}],"author":[{"embeddable":true,"href":"http:\/\/labestiadeportiva.com\/lbd\/wp-json\/wp\/v2\/users\/1"}],"replies":[{"embeddable":true,"href":"http:\/\/labestiadeportiva.com\/lbd\/wp-json\/wp\/v2\/comments?post=13745"}],"version-history":[{"count":1,"href":"http:\/\/labestiadeportiva.com\/lbd\/wp-json\/wp\/v2\/posts\/13745\/revisions"}],"predecessor-version":[{"id":13758,"href":"http:\/\/labestiadeportiva.com\/lbd\/wp-json\/wp\/v2\/posts\/13745\/revisions\/13758"}],"wp:featuredmedia":[{"embeddable":true,"href":"http:\/\/labestiadeportiva.com\/lbd\/wp-json\/wp\/v2\/media\/13751"}],"wp:attachment":[{"href":"http:\/\/labestiadeportiva.com\/lbd\/wp-json\/wp\/v2\/media?parent=13745"}],"wp:term":[{"taxonomy":"category","embeddable":true,"href":"http:\/\/labestiadeportiva.com\/lbd\/wp-json\/wp\/v2\/categories?post=13745"},{"taxonomy":"post_tag","embeddable":true,"href":"http:\/\/labestiadeportiva.com\/lbd\/wp-json\/wp\/v2\/tags?post=13745"}],"curies":[{"name":"wp","href":"https:\/\/api.w.org\/{rel}","templated":true}]}}