{"id":13759,"date":"2014-11-27T03:36:15","date_gmt":"2014-11-27T03:36:15","guid":{"rendered":"http:\/\/labestiadeportiva.com\/lbd\/?p=13759"},"modified":"2014-11-27T03:36:15","modified_gmt":"2014-11-27T03:36:15","slug":"el-voley-femenino-se-ilusiona","status":"publish","type":"post","link":"http:\/\/labestiadeportiva.com\/lbd\/el-voley-femenino-se-ilusiona\/","title":{"rendered":"El v\u00f3ley femenino se ilusiona"},"content":{"rendered":"<p><a href=\"http:\/\/labestiadeportiva.com\/lbd\/wp-content\/uploads\/2014\/11\/IMG_8776.jpg\"><img loading=\"lazy\" class=\"alignleft size-medium wp-image-13760\" title=\"IMG_8776\" src=\"http:\/\/labestiadeportiva.com\/lbd\/wp-content\/uploads\/2014\/11\/IMG_8776-300x252.jpg\" alt=\"\" width=\"300\" height=\"252\" srcset=\"http:\/\/labestiadeportiva.com\/lbd\/wp-content\/uploads\/2014\/11\/IMG_8776-300x252.jpg 300w, http:\/\/labestiadeportiva.com\/lbd\/wp-content\/uploads\/2014\/11\/IMG_8776.jpg 912w\" sizes=\"(max-width: 300px) 100vw, 300px\" \/><\/a>Se complet\u00f3 este mi\u00e9rcoles la segunda jornada oficial de competencia en la Regi\u00f3n de Araucan\u00eda, sede de la 23\u00b0 edici\u00f3n de los Juegos Binacionales. Las chicas de \u201cLuchi\u201d Flores consiguieron dos victorias en l\u00ednea ante Ays\u00e9n y Araucan\u00eda buscando el mejor lugar en el grupo. Este jueves enfrentar\u00e1n a las santacruce\u00f1as en un choque crucial para las aspiraciones del v\u00f3ley femenino. Derrotas en b\u00e1squet masculino y femenino, v\u00f3ley masculino y f\u00fatbol.<!--more--><\/p>\n<p><a href=\"http:\/\/labestiadeportiva.com\/lbd\/wp-content\/uploads\/2014\/11\/MG_4885.jpg\"><img loading=\"lazy\" class=\"aligncenter size-medium wp-image-13761\" title=\"_MG_4885\" src=\"http:\/\/labestiadeportiva.com\/lbd\/wp-content\/uploads\/2014\/11\/MG_4885-300x199.jpg\" alt=\"\" width=\"300\" height=\"199\" srcset=\"http:\/\/labestiadeportiva.com\/lbd\/wp-content\/uploads\/2014\/11\/MG_4885-300x199.jpg 300w, http:\/\/labestiadeportiva.com\/lbd\/wp-content\/uploads\/2014\/11\/MG_4885.jpg 800w\" sizes=\"(max-width: 300px) 100vw, 300px\" \/><\/a>La buena noticia deportiva fue el doble triunfo del v\u00f3ley femenino, por la ma\u00f1ana super\u00f3 categ\u00f3ricamente a Ays\u00e9n por 3 a 0 para por la tarde noche repetir victoria ante las due\u00f1as de casa por el mismo marcador.<\/p>\n<p>Dos presentaciones positivas son resignar un set luego de la ca\u00edda de d\u00edas atr\u00e1s ante las Neuquinas, las dirigidas por V\u00edctor \u201cLuchi\u201d Flores mantienen intactas las ilusiones de lograr los puestos de privilegio en su zona y acceder a semifinales.<\/p>\n<p><a href=\"http:\/\/labestiadeportiva.com\/lbd\/wp-content\/uploads\/2014\/11\/IMG_8673.jpg\"><img loading=\"lazy\" class=\"aligncenter size-medium wp-image-13762\" title=\"IMG_8673\" src=\"http:\/\/labestiadeportiva.com\/lbd\/wp-content\/uploads\/2014\/11\/IMG_8673-300x235.jpg\" alt=\"\" width=\"300\" height=\"235\" srcset=\"http:\/\/labestiadeportiva.com\/lbd\/wp-content\/uploads\/2014\/11\/IMG_8673-300x235.jpg 300w, http:\/\/labestiadeportiva.com\/lbd\/wp-content\/uploads\/2014\/11\/IMG_8673.jpg 979w\" sizes=\"(max-width: 300px) 100vw, 300px\" \/><\/a>Las restantes disciplinas de conjunto cosecharon nuevas derrotas, en Victoria, el b\u00e1squet masculino cay\u00f3 ante la Regi\u00f3n del B\u00edo B\u00edo por 96 a 50, La primera mitad finaliz\u00f3 tan solo con nueve puntos a favor de los chilenos.<\/p>\n<p>En el complemento los trasandinos marcaron la diferencia que finalmente fue de holgados 46 puntos. Sasha Siracusa fue el goleador fueguino con 17 puntos a lo que sum\u00f3 8 rebotes una asistencia y un robo.<\/p>\n<p><a href=\"http:\/\/labestiadeportiva.com\/lbd\/wp-content\/uploads\/2014\/11\/IMG_8742.jpg\"><img loading=\"lazy\" class=\"aligncenter size-medium wp-image-13763\" title=\"IMG_8742\" src=\"http:\/\/labestiadeportiva.com\/lbd\/wp-content\/uploads\/2014\/11\/IMG_8742-300x200.jpg\" alt=\"\" width=\"300\" height=\"200\" srcset=\"http:\/\/labestiadeportiva.com\/lbd\/wp-content\/uploads\/2014\/11\/IMG_8742-300x200.jpg 300w, http:\/\/labestiadeportiva.com\/lbd\/wp-content\/uploads\/2014\/11\/IMG_8742.jpg 1024w\" sizes=\"(max-width: 300px) 100vw, 300px\" \/><\/a>En Villa Rica el diezmado conjunto masculino de v\u00f3ley cay\u00f3 sin atenuantes en su doble presentaci\u00f3n frente a R\u00edo Negro y Los R\u00edos por tres set a cero.<\/p>\n<p>Festival de goles en la segunda presentaci\u00f3n del f\u00fatbol fueguino. Lamentablemente fue una nueva derrota esta vez ante La Pampa por 6 a 4, el conjunto dirigido por Ra\u00fal Ralinqueo logr\u00f3 ir al frente en el marcador en dos oportunidades, 1 a 0 y 3 a 2.<\/p>\n<p><a href=\"http:\/\/labestiadeportiva.com\/lbd\/wp-content\/uploads\/2014\/11\/MG_4863.jpg\"><img loading=\"lazy\" class=\"aligncenter size-medium wp-image-13764\" title=\"_MG_4863\" src=\"http:\/\/labestiadeportiva.com\/lbd\/wp-content\/uploads\/2014\/11\/MG_4863-300x199.jpg\" alt=\"\" width=\"300\" height=\"199\" srcset=\"http:\/\/labestiadeportiva.com\/lbd\/wp-content\/uploads\/2014\/11\/MG_4863-300x199.jpg 300w, http:\/\/labestiadeportiva.com\/lbd\/wp-content\/uploads\/2014\/11\/MG_4863.jpg 800w\" sizes=\"(max-width: 300px) 100vw, 300px\" \/><\/a>Sin ninguna duda la expulsi\u00f3n del volante Cristi\u00e1n S\u00e1nchez en el complemento limit\u00f3 al equipo sure\u00f1o. Los goles para TDF fueron obra de Joaqu\u00edn Ibarra en dos ocasiones, Nicol\u00e1s Paredes y Sebasti\u00e1n Moyano.<\/p>\n<p>Finalmente esta tarde en el gimnasio de la Universidad de la Frontera se present\u00f3 el conjunto de b\u00e1squet femenino, nada m\u00e1s y nada menos que ante el equipo finalista del a\u00f1o pasado la Regi\u00f3n de Magallanes.<\/p>\n<p><a href=\"http:\/\/labestiadeportiva.com\/lbd\/wp-content\/uploads\/2014\/11\/IMG_8815.jpg\"><img loading=\"lazy\" class=\"aligncenter size-medium wp-image-13765\" title=\"IMG_8815\" src=\"http:\/\/labestiadeportiva.com\/lbd\/wp-content\/uploads\/2014\/11\/IMG_8815-300x200.jpg\" alt=\"\" width=\"300\" height=\"200\" srcset=\"http:\/\/labestiadeportiva.com\/lbd\/wp-content\/uploads\/2014\/11\/IMG_8815-300x200.jpg 300w, http:\/\/labestiadeportiva.com\/lbd\/wp-content\/uploads\/2014\/11\/IMG_8815.jpg 1024w\" sizes=\"(max-width: 300px) 100vw, 300px\" \/><\/a>Interesante primer cuarto de las dirigidas por Guillermo \u201cDesnu\u201d Navarro quienes finalizaron abajo por un punto 21 a 20. Las magall\u00e1nicas lograron una peque\u00f1a luz en el segundo parcial aunque la diferencia fue lograda en el tercer cuarto.<\/p>\n<p>El partido concluy\u00f3 con la victoria de la regi\u00f3n vecina por 71 a 48, veintitr\u00e9s puntos de ventaja para el plantel que seguramente luchar\u00e1 por la medalla.<\/p>\n<p><a href=\"http:\/\/labestiadeportiva.com\/lbd\/wp-content\/uploads\/2014\/11\/MG_4878.jpg\"><img loading=\"lazy\" class=\"aligncenter size-medium wp-image-13766\" title=\"_MG_4878\" src=\"http:\/\/labestiadeportiva.com\/lbd\/wp-content\/uploads\/2014\/11\/MG_4878-300x199.jpg\" alt=\"\" width=\"300\" height=\"199\" srcset=\"http:\/\/labestiadeportiva.com\/lbd\/wp-content\/uploads\/2014\/11\/MG_4878-300x199.jpg 300w, http:\/\/labestiadeportiva.com\/lbd\/wp-content\/uploads\/2014\/11\/MG_4878.jpg 800w\" sizes=\"(max-width: 300px) 100vw, 300px\" \/><\/a><\/p>\n<p>&nbsp;<\/p>\n<div class='epvc-post-count'><span class='epvc-eye'><\/span>  <span class=\"epvc-count\"> 1.238<\/span><span class='epvc-label'> veces le\u00edda<\/span><\/div>\n<div class=\"jwsharethis\">\nShare this: \n<br \/>\n<a href=\"mailto:?subject=El%20v%C3%B3ley%20femenino%20se%20ilusiona&amp;body=http%3A%2F%2Flabestiadeportiva.com%2Flbd%2Fel-voley-femenino-se-ilusiona%2F\">\n<img src=\"http:\/\/labestiadeportiva.com\/lbd\/wp-content\/plugins\/jw-share-this\/email.png\" alt=\"Share this page via Email\" \/>\n<\/a>\n<a target=\"_blank\" href=\"http:\/\/www.stumbleupon.com\/submit?url=http%3A%2F%2Flabestiadeportiva.com%2Flbd%2Fel-voley-femenino-se-ilusiona%2F&amp;title=El+v%C3%B3ley+femenino+se+ilusiona\">\n<img src=\"http:\/\/labestiadeportiva.com\/lbd\/wp-content\/plugins\/jw-share-this\/su.png\" alt=\"Share this page via Stumble Upon\" \/>\n<\/a>\n<a target=\"_blank\" href=\"http:\/\/digg.com\/submit?url=http%3A%2F%2Flabestiadeportiva.com%2Flbd%2Fel-voley-femenino-se-ilusiona%2F&amp;title=El+v%C3%B3ley+femenino+se+ilusiona\">\n<img src=\"http:\/\/labestiadeportiva.com\/lbd\/wp-content\/plugins\/jw-share-this\/digg.png\" alt=\"Share this page via Digg this\" \/>\n<\/a>\n<a target=\"_blank\" href=\"http:\/\/www.facebook.com\/sharer.php?u=http%3A%2F%2Flabestiadeportiva.com%2Flbd%2Fel-voley-femenino-se-ilusiona%2F&amp;t=El+v%C3%B3ley+femenino+se+ilusiona\">\n<img src=\"http:\/\/labestiadeportiva.com\/lbd\/wp-content\/plugins\/jw-share-this\/fb.png\" alt=\"Share this page via Facebook\" \/>\n<\/a>\n<a target=\"_blank\" href=\"http:\/\/twitter.com\/intent\/tweet?text=I+like+http%3A%2F%2Flabestiadeportiva.com%2Flbd%2Fel-voley-femenino-se-ilusiona%2F&amp;title=El+v%C3%B3ley+femenino+se+ilusiona\">\n<img src=\"http:\/\/labestiadeportiva.com\/lbd\/wp-content\/plugins\/jw-share-this\/twitter.png\" alt=\"Share this page via Twitter\" \/>\n<\/a>\n<\/div>\n","protected":false},"excerpt":{"rendered":"<p>Se complet\u00f3 este mi\u00e9rcoles la segunda jornada oficial de competencia en la Regi\u00f3n de Araucan\u00eda, sede de la 23\u00b0 edici\u00f3n de los Juegos Binacionales. Las chicas de \u201cLuchi\u201d Flores consiguieron dos victorias en l\u00ednea ante Ays\u00e9n y Araucan\u00eda buscando el mejor lugar en el grupo. Este jueves enfrentar\u00e1n a las santacruce\u00f1as en un choque crucial &hellip; <a href=\"http:\/\/labestiadeportiva.com\/lbd\/el-voley-femenino-se-ilusiona\/\" class=\"more-link\">Seguir leyendo <span class=\"screen-reader-text\">El v\u00f3ley femenino se ilusiona<\/span> <span class=\"meta-nav\">&rarr;<\/span><\/a><\/p>\n","protected":false},"author":1,"featured_media":13760,"comment_status":"open","ping_status":"open","sticky":false,"template":"","format":"standard","meta":[],"categories":[5,4,6,1],"tags":[1833,16,1722],"_links":{"self":[{"href":"http:\/\/labestiadeportiva.com\/lbd\/wp-json\/wp\/v2\/posts\/13759"}],"collection":[{"href":"http:\/\/labestiadeportiva.com\/lbd\/wp-json\/wp\/v2\/posts"}],"about":[{"href":"http:\/\/labestiadeportiva.com\/lbd\/wp-json\/wp\/v2\/types\/post"}],"author":[{"embeddable":true,"href":"http:\/\/labestiadeportiva.com\/lbd\/wp-json\/wp\/v2\/users\/1"}],"replies":[{"embeddable":true,"href":"http:\/\/labestiadeportiva.com\/lbd\/wp-json\/wp\/v2\/comments?post=13759"}],"version-history":[{"count":1,"href":"http:\/\/labestiadeportiva.com\/lbd\/wp-json\/wp\/v2\/posts\/13759\/revisions"}],"predecessor-version":[{"id":13767,"href":"http:\/\/labestiadeportiva.com\/lbd\/wp-json\/wp\/v2\/posts\/13759\/revisions\/13767"}],"wp:featuredmedia":[{"embeddable":true,"href":"http:\/\/labestiadeportiva.com\/lbd\/wp-json\/wp\/v2\/media\/13760"}],"wp:attachment":[{"href":"http:\/\/labestiadeportiva.com\/lbd\/wp-json\/wp\/v2\/media?parent=13759"}],"wp:term":[{"taxonomy":"category","embeddable":true,"href":"http:\/\/labestiadeportiva.com\/lbd\/wp-json\/wp\/v2\/categories?post=13759"},{"taxonomy":"post_tag","embeddable":true,"href":"http:\/\/labestiadeportiva.com\/lbd\/wp-json\/wp\/v2\/tags?post=13759"}],"curies":[{"name":"wp","href":"https:\/\/api.w.org\/{rel}","templated":true}]}}