{"id":13863,"date":"2014-12-09T14:48:50","date_gmt":"2014-12-09T14:48:50","guid":{"rendered":"http:\/\/labestiadeportiva.com\/lbd\/?p=13863"},"modified":"2014-12-09T16:03:53","modified_gmt":"2014-12-09T16:03:53","slug":"talleres-perdio-y-estara-otro-ano-mas-en-la-tercera-categoria","status":"publish","type":"post","link":"http:\/\/labestiadeportiva.com\/lbd\/talleres-perdio-y-estara-otro-ano-mas-en-la-tercera-categoria\/","title":{"rendered":"Talleres perdi\u00f3 y estar\u00e1 otro a\u00f1o m\u00e1s en la tercera categor\u00eda"},"content":{"rendered":"<h3><strong><a href=\"http:\/\/labestiadeportiva.com\/lbd\/wp-content\/uploads\/2014\/12\/Talleres11.jpg\"><img loading=\"lazy\" class=\"size-medium wp-image-13865 alignleft\" style=\"margin: 5px;\" title=\"Talleres1\" src=\"http:\/\/labestiadeportiva.com\/lbd\/wp-content\/uploads\/2014\/12\/Talleres11-300x168.jpg\" alt=\"\" width=\"300\" height=\"168\" srcset=\"http:\/\/labestiadeportiva.com\/lbd\/wp-content\/uploads\/2014\/12\/Talleres11-300x168.jpg 300w, http:\/\/labestiadeportiva.com\/lbd\/wp-content\/uploads\/2014\/12\/Talleres11.jpg 904w\" sizes=\"(max-width: 300px) 100vw, 300px\" \/><\/a>Por Mart\u00edn Velasco (Corresponsal LBD en C\u00f3rdoba). El domingo, en el Estadio Kempes, el conjunto de Barrio Jard\u00edn cay\u00f3 1-0 con Gimnasia de Mendoza, dejando escapar la \u00faltima chance de ascenso a la B Nacional. Finalizado el juego hubo graves incidentes entre hinchas y la polic\u00eda.<\/strong><\/h3>\n<p>Talleres volvi\u00f3 a sufrir un cachetazo del cual ser\u00e1 dif\u00edcil recuperarse. Tras las elecciones que dieron como ganador al nuevo Presidente Andr\u00e9s Fassi, la situaci\u00f3n institucional y deportiva parec\u00eda empezar a mejorar. <!--more-->La final perdida con Uni\u00f3n de Mar del Plata, que siginificaba la primera posibilidad de subir, hab\u00eda quedado en el recuerdo.<\/p>\n<p>El 2-1 sufrido en la ida ante Gimnasia brindaba esperanzas de poder dar vuelta la historia y de una vez por todas regresar al club al menos a la segunda divisi\u00f3n. M\u00e1s de 40 mil personas se dieron cita en el ex Chateau Carreras, con la ilusi\u00f3n a flor de piel. Y encima, para acrecentar esa fe, el Matador empez\u00f3 bien, yendo al frente y consiguiendo un penal a favor, cuando apenas se hab\u00edan superado los 20 minutos de la etapa inicial. Diego Mart\u00ednez, uno de los puntos m\u00e1s bajos a lo largo del torneo, agarr\u00f3 la papa caliente y su remate, suave, tibio y con poca convicci\u00f3n, termin\u00f3 en las manos del arquero Alassia, la gran figura de la tarde.<\/p>\n<p>Con el reloj jugando cada vez m\u00e1s en contra, los de Guillermo Hoyos tuvieron m\u00e1s situaciones para abrir el marcador y al menos forzar la definici\u00f3n desde los doce pasos. La falta de eficacia de los delanteros, las escasas ideas en la creaci\u00f3n de jugadas y la impresionante tarea del 1 rival, hicieron que con el correr del partido la ilusi\u00f3n se fuera convirtiendo en enojo, la fe en decepci\u00f3n y el aliento constante en insultos. Como golpe de KO lleg\u00f3 el gol de Sergio Oga, en tiempo adicional al reglamentario, para dejar sin vida al local.<\/p>\n<p>As\u00ed termin\u00f3 Talleres una nueva temporada en el Federal A (antes llamado Argentino A), un certamen que le hizo un gui\u00f1o con la accesible zona en la que recay\u00f3 y brind\u00f3 varias posibilidades para conseguir el objetivo planteado. As\u00ed y todo, la T pec\u00f3 nuevamente por su falta de determinaci\u00f3n y debi\u00f3 sufrir por quedarse al menos un a\u00f1o m\u00e1s en la tercera categor\u00eda del f\u00fatbol argentino.<\/p>\n<p>En el final, como lamentablemente ya resulta normal, algunos hinchas destrozaron las instalaciones del Estadio y produjeron serios enfrentamientos con la fuerza policial. El saldo fue de 120 detenidos, 20 personas heridas (3 de consideraci\u00f3n) y una nueva escena de violencia en nuestras canchas.<\/p>\n<p style=\"text-align: center;\"><a href=\"http:\/\/labestiadeportiva.com\/lbd\/wp-content\/uploads\/2014\/12\/Talleres2.jpg\"><img loading=\"lazy\" class=\"size-full wp-image-13866 aligncenter\" title=\"Talleres2\" src=\"http:\/\/labestiadeportiva.com\/lbd\/wp-content\/uploads\/2014\/12\/Talleres2.jpg\" alt=\"\" width=\"600\" height=\"338\" srcset=\"http:\/\/labestiadeportiva.com\/lbd\/wp-content\/uploads\/2014\/12\/Talleres2.jpg 600w, http:\/\/labestiadeportiva.com\/lbd\/wp-content\/uploads\/2014\/12\/Talleres2-300x169.jpg 300w\" sizes=\"(max-width: 600px) 100vw, 600px\" \/><\/a><\/p>\n<div class='epvc-post-count'><span class='epvc-eye'><\/span>  <span class=\"epvc-count\"> 2.104<\/span><span class='epvc-label'> veces le\u00edda<\/span><\/div>\n<div class=\"jwsharethis\">\nShare this: \n<br \/>\n<a href=\"mailto:?subject=Talleres%20perdi%C3%B3%20y%20estar%C3%A1%20otro%20a%C3%B1o%20m%C3%A1s%20en%20la%20tercera%20categor%C3%ADa&amp;body=http%3A%2F%2Flabestiadeportiva.com%2Flbd%2Ftalleres-perdio-y-estara-otro-ano-mas-en-la-tercera-categoria%2F\">\n<img src=\"http:\/\/labestiadeportiva.com\/lbd\/wp-content\/plugins\/jw-share-this\/email.png\" alt=\"Share this page via Email\" \/>\n<\/a>\n<a target=\"_blank\" href=\"http:\/\/www.stumbleupon.com\/submit?url=http%3A%2F%2Flabestiadeportiva.com%2Flbd%2Ftalleres-perdio-y-estara-otro-ano-mas-en-la-tercera-categoria%2F&amp;title=Talleres+perdi%C3%B3+y+estar%C3%A1+otro+a%C3%B1o+m%C3%A1s+en+la+tercera+categor%C3%ADa\">\n<img src=\"http:\/\/labestiadeportiva.com\/lbd\/wp-content\/plugins\/jw-share-this\/su.png\" alt=\"Share this page via Stumble Upon\" \/>\n<\/a>\n<a target=\"_blank\" href=\"http:\/\/digg.com\/submit?url=http%3A%2F%2Flabestiadeportiva.com%2Flbd%2Ftalleres-perdio-y-estara-otro-ano-mas-en-la-tercera-categoria%2F&amp;title=Talleres+perdi%C3%B3+y+estar%C3%A1+otro+a%C3%B1o+m%C3%A1s+en+la+tercera+categor%C3%ADa\">\n<img src=\"http:\/\/labestiadeportiva.com\/lbd\/wp-content\/plugins\/jw-share-this\/digg.png\" alt=\"Share this page via Digg this\" \/>\n<\/a>\n<a target=\"_blank\" href=\"http:\/\/www.facebook.com\/sharer.php?u=http%3A%2F%2Flabestiadeportiva.com%2Flbd%2Ftalleres-perdio-y-estara-otro-ano-mas-en-la-tercera-categoria%2F&amp;t=Talleres+perdi%C3%B3+y+estar%C3%A1+otro+a%C3%B1o+m%C3%A1s+en+la+tercera+categor%C3%ADa\">\n<img src=\"http:\/\/labestiadeportiva.com\/lbd\/wp-content\/plugins\/jw-share-this\/fb.png\" alt=\"Share this page via Facebook\" \/>\n<\/a>\n<a target=\"_blank\" href=\"http:\/\/twitter.com\/intent\/tweet?text=I+like+http%3A%2F%2Flabestiadeportiva.com%2Flbd%2Ftalleres-perdio-y-estara-otro-ano-mas-en-la-tercera-categoria%2F&amp;title=Talleres+perdi%C3%B3+y+estar%C3%A1+otro+a%C3%B1o+m%C3%A1s+en+la+tercera+categor%C3%ADa\">\n<img src=\"http:\/\/labestiadeportiva.com\/lbd\/wp-content\/plugins\/jw-share-this\/twitter.png\" alt=\"Share this page via Twitter\" \/>\n<\/a>\n<\/div>\n","protected":false},"excerpt":{"rendered":"<p>Por Mart\u00edn Velasco (Corresponsal LBD en C\u00f3rdoba). El domingo, en el Estadio Kempes, el conjunto de Barrio Jard\u00edn cay\u00f3 1-0 con Gimnasia de Mendoza, dejando escapar la \u00faltima chance de ascenso a la B Nacional. Finalizado el juego hubo graves incidentes entre hinchas y la polic\u00eda. Talleres volvi\u00f3 a sufrir un cachetazo del cual ser\u00e1 &hellip; <a href=\"http:\/\/labestiadeportiva.com\/lbd\/talleres-perdio-y-estara-otro-ano-mas-en-la-tercera-categoria\/\" class=\"more-link\">Seguir leyendo <span class=\"screen-reader-text\">Talleres perdi\u00f3 y estar\u00e1 otro a\u00f1o m\u00e1s en la tercera categor\u00eda<\/span> <span class=\"meta-nav\">&rarr;<\/span><\/a><\/p>\n","protected":false},"author":1,"featured_media":13864,"comment_status":"open","ping_status":"open","sticky":false,"template":"","format":"standard","meta":[],"categories":[6,249,1],"tags":[1881,1853,1880,498],"_links":{"self":[{"href":"http:\/\/labestiadeportiva.com\/lbd\/wp-json\/wp\/v2\/posts\/13863"}],"collection":[{"href":"http:\/\/labestiadeportiva.com\/lbd\/wp-json\/wp\/v2\/posts"}],"about":[{"href":"http:\/\/labestiadeportiva.com\/lbd\/wp-json\/wp\/v2\/types\/post"}],"author":[{"embeddable":true,"href":"http:\/\/labestiadeportiva.com\/lbd\/wp-json\/wp\/v2\/users\/1"}],"replies":[{"embeddable":true,"href":"http:\/\/labestiadeportiva.com\/lbd\/wp-json\/wp\/v2\/comments?post=13863"}],"version-history":[{"count":2,"href":"http:\/\/labestiadeportiva.com\/lbd\/wp-json\/wp\/v2\/posts\/13863\/revisions"}],"predecessor-version":[{"id":13874,"href":"http:\/\/labestiadeportiva.com\/lbd\/wp-json\/wp\/v2\/posts\/13863\/revisions\/13874"}],"wp:featuredmedia":[{"embeddable":true,"href":"http:\/\/labestiadeportiva.com\/lbd\/wp-json\/wp\/v2\/media\/13864"}],"wp:attachment":[{"href":"http:\/\/labestiadeportiva.com\/lbd\/wp-json\/wp\/v2\/media?parent=13863"}],"wp:term":[{"taxonomy":"category","embeddable":true,"href":"http:\/\/labestiadeportiva.com\/lbd\/wp-json\/wp\/v2\/categories?post=13863"},{"taxonomy":"post_tag","embeddable":true,"href":"http:\/\/labestiadeportiva.com\/lbd\/wp-json\/wp\/v2\/tags?post=13863"}],"curies":[{"name":"wp","href":"https:\/\/api.w.org\/{rel}","templated":true}]}}