{"id":13963,"date":"2014-12-16T14:14:05","date_gmt":"2014-12-16T14:14:05","guid":{"rendered":"http:\/\/labestiadeportiva.com\/lbd\/?p=13963"},"modified":"2014-12-16T14:14:05","modified_gmt":"2014-12-16T14:14:05","slug":"la-appru-cerro-la-temporada","status":"publish","type":"post","link":"http:\/\/labestiadeportiva.com\/lbd\/la-appru-cerro-la-temporada\/","title":{"rendered":"La APPRU cerr\u00f3 la temporada"},"content":{"rendered":"<p><a href=\"http:\/\/labestiadeportiva.com\/lbd\/wp-content\/uploads\/2014\/12\/1966690_868138406540696_4081217655843572462_n.jpg\"><img loading=\"lazy\" class=\"alignleft size-medium wp-image-13965\" title=\"1966690_868138406540696_4081217655843572462_n\" src=\"http:\/\/labestiadeportiva.com\/lbd\/wp-content\/uploads\/2014\/12\/1966690_868138406540696_4081217655843572462_n-300x169.jpg\" alt=\"\" width=\"300\" height=\"169\" srcset=\"http:\/\/labestiadeportiva.com\/lbd\/wp-content\/uploads\/2014\/12\/1966690_868138406540696_4081217655843572462_n-300x169.jpg 300w, http:\/\/labestiadeportiva.com\/lbd\/wp-content\/uploads\/2014\/12\/1966690_868138406540696_4081217655843572462_n.jpg 823w\" sizes=\"(max-width: 300px) 100vw, 300px\" \/><\/a>Durante el fin de semana la Asociaci\u00f3n de Pilotos de Pista y Rally Ushuaia realiz\u00f3 la 3\u00b0 y \u00faltima fecha del a\u00f1o.\u00a0 Ermaliuk, Jara, Raimilla y Sandero se adjudicaron sus segmentos. La Pasarela Fique y el ex aut\u00f3dromo 12 de Octubre los sectores utilizados. 27 binomios fueron de la partida. El mi\u00e9rcoles a las 21 se efectuar\u00e1 la entrega de premios y cena de fin de a\u00f1o en instalaciones de \u201cLa Diosa Disco\u201d Perito Moreno 2563.<!--more--><\/p>\n<p>Como de costumbre y a pesar del vierte viento del s\u00e1bado un importante marco de p\u00fablico acompa\u00f1o las dos jornadas capitalinas del deporte motor. El primer d\u00eda durante la tarde noche el clima complic\u00f3 aunque el domingo el sol y la alta temperatura se hicieron presentes para el benepl\u00e1cito de todos.<\/p>\n<p>Esta fue la tercera jornada oficial realizada por la asociaci\u00f3n capitalina. En esta oportunidad los dirigentes locales tuvieron que prescindir de uno de los lugares tradicionales \u201cLa Tata Fique\u201d dado que no se consiguieron los permisos correspondientes.<\/p>\n<p>De esta forma el cronograma de competencia present\u00f3 exhibici\u00f3n de m\u00e1quinas en el \u201cPaseo de las Rosas\u201d y posteriores dos pasadas por la Pasarela Fique el s\u00e1bado para el domingo trasladar las acciones al ex aut\u00f3dromo 12 de Octubre donde los especiales fueron cuatro.<\/p>\n<p><a href=\"http:\/\/labestiadeportiva.com\/lbd\/wp-content\/uploads\/2014\/12\/10378015_868138996540637_356658677924293463_n.jpg\"><img loading=\"lazy\" class=\"aligncenter size-medium wp-image-13966\" title=\"10378015_868138996540637_356658677924293463_n\" src=\"http:\/\/labestiadeportiva.com\/lbd\/wp-content\/uploads\/2014\/12\/10378015_868138996540637_356658677924293463_n-300x139.jpg\" alt=\"\" width=\"300\" height=\"139\" srcset=\"http:\/\/labestiadeportiva.com\/lbd\/wp-content\/uploads\/2014\/12\/10378015_868138996540637_356658677924293463_n-300x139.jpg 300w, http:\/\/labestiadeportiva.com\/lbd\/wp-content\/uploads\/2014\/12\/10378015_868138996540637_356658677924293463_n.jpg 766w\" sizes=\"(max-width: 300px) 100vw, 300px\" \/><\/a>La fecha entreg\u00f3 a Pablo Rezandero en la categor\u00eda \u201cB\u201d mientras que Raimilla\/Salfate dominaron su segmento, \u201cD\u201d, al igual que Nicol\u00e1s Jara quien acompa\u00f1ado por Norberto Gonz\u00e1lez y Anah\u00ed Neamat fueron los ganadores de la categor\u00eda \u201cE\u201d y clasificaci\u00f3n general.<\/p>\n<p>Asimismo cabe aclarar \u00a0que las categor\u00edas \u201cA\u201d y \u201cC\u201d quedaron desiertas dado que ning\u00fan participante pudo llegar al final de la competencia.<\/p>\n<p>Con la tercera y \u00faltima fecha de la temporada quedaron establecidos los campeones en cada uno de los segmentos: Charly Garc\u00eda se qued\u00f3 con la \u201cA\u201d, Pablo Fern\u00e1ndez se adue\u00f1o de la \u201cB\u201d, el binomio Nicol\u00e1s Ciccarelli\/Tob\u00edas Baeza triunf\u00f3 en la \u201cC\u201d, en la \u201cD\u201d Marchan\/Iriarte fueron los ganadores, en la \u201cE\u201d los hist\u00f3ricos Deane\/Toba lograron la victoria para finalmente en el segmento \u201cF\u201d Ermaliuk\/Pad\u00edn terminar en lo m\u00e1s alto de la clasificaci\u00f3n.<\/p>\n<p><a href=\"http:\/\/labestiadeportiva.com\/lbd\/wp-content\/uploads\/2014\/12\/1544338_1504312919856206_7619562103886596635_n.jpg\"><img loading=\"lazy\" class=\"aligncenter size-medium wp-image-13964\" title=\"1544338_1504312919856206_7619562103886596635_n\" src=\"http:\/\/labestiadeportiva.com\/lbd\/wp-content\/uploads\/2014\/12\/1544338_1504312919856206_7619562103886596635_n-271x300.jpg\" alt=\"\" width=\"271\" height=\"300\" srcset=\"http:\/\/labestiadeportiva.com\/lbd\/wp-content\/uploads\/2014\/12\/1544338_1504312919856206_7619562103886596635_n-271x300.jpg 271w, http:\/\/labestiadeportiva.com\/lbd\/wp-content\/uploads\/2014\/12\/1544338_1504312919856206_7619562103886596635_n.jpg 677w\" sizes=\"(max-width: 271px) 100vw, 271px\" \/><\/a><\/p>\n<div class='epvc-post-count'><span class='epvc-eye'><\/span>  <span class=\"epvc-count\"> 990<\/span><span class='epvc-label'> veces le\u00edda<\/span><\/div>\n<div class=\"jwsharethis\">\nShare this: \n<br \/>\n<a href=\"mailto:?subject=La%20APPRU%20cerr%C3%B3%20la%20temporada&amp;body=http%3A%2F%2Flabestiadeportiva.com%2Flbd%2Fla-appru-cerro-la-temporada%2F\">\n<img src=\"http:\/\/labestiadeportiva.com\/lbd\/wp-content\/plugins\/jw-share-this\/email.png\" alt=\"Share this page via Email\" \/>\n<\/a>\n<a target=\"_blank\" href=\"http:\/\/www.stumbleupon.com\/submit?url=http%3A%2F%2Flabestiadeportiva.com%2Flbd%2Fla-appru-cerro-la-temporada%2F&amp;title=La+APPRU+cerr%C3%B3+la+temporada\">\n<img src=\"http:\/\/labestiadeportiva.com\/lbd\/wp-content\/plugins\/jw-share-this\/su.png\" alt=\"Share this page via Stumble Upon\" \/>\n<\/a>\n<a target=\"_blank\" href=\"http:\/\/digg.com\/submit?url=http%3A%2F%2Flabestiadeportiva.com%2Flbd%2Fla-appru-cerro-la-temporada%2F&amp;title=La+APPRU+cerr%C3%B3+la+temporada\">\n<img src=\"http:\/\/labestiadeportiva.com\/lbd\/wp-content\/plugins\/jw-share-this\/digg.png\" alt=\"Share this page via Digg this\" \/>\n<\/a>\n<a target=\"_blank\" href=\"http:\/\/www.facebook.com\/sharer.php?u=http%3A%2F%2Flabestiadeportiva.com%2Flbd%2Fla-appru-cerro-la-temporada%2F&amp;t=La+APPRU+cerr%C3%B3+la+temporada\">\n<img src=\"http:\/\/labestiadeportiva.com\/lbd\/wp-content\/plugins\/jw-share-this\/fb.png\" alt=\"Share this page via Facebook\" \/>\n<\/a>\n<a target=\"_blank\" href=\"http:\/\/twitter.com\/intent\/tweet?text=I+like+http%3A%2F%2Flabestiadeportiva.com%2Flbd%2Fla-appru-cerro-la-temporada%2F&amp;title=La+APPRU+cerr%C3%B3+la+temporada\">\n<img src=\"http:\/\/labestiadeportiva.com\/lbd\/wp-content\/plugins\/jw-share-this\/twitter.png\" alt=\"Share this page via Twitter\" \/>\n<\/a>\n<\/div>\n","protected":false},"excerpt":{"rendered":"<p>Durante el fin de semana la Asociaci\u00f3n de Pilotos de Pista y Rally Ushuaia realiz\u00f3 la 3\u00b0 y \u00faltima fecha del a\u00f1o.\u00a0 Ermaliuk, Jara, Raimilla y Sandero se adjudicaron sus segmentos. La Pasarela Fique y el ex aut\u00f3dromo 12 de Octubre los sectores utilizados. 27 binomios fueron de la partida. El mi\u00e9rcoles a las 21 &hellip; <a href=\"http:\/\/labestiadeportiva.com\/lbd\/la-appru-cerro-la-temporada\/\" class=\"more-link\">Seguir leyendo <span class=\"screen-reader-text\">La APPRU cerr\u00f3 la temporada<\/span> <span class=\"meta-nav\">&rarr;<\/span><\/a><\/p>\n","protected":false},"author":1,"featured_media":13965,"comment_status":"open","ping_status":"open","sticky":false,"template":"","format":"standard","meta":[],"categories":[5,1],"tags":[428,1189,83,581],"_links":{"self":[{"href":"http:\/\/labestiadeportiva.com\/lbd\/wp-json\/wp\/v2\/posts\/13963"}],"collection":[{"href":"http:\/\/labestiadeportiva.com\/lbd\/wp-json\/wp\/v2\/posts"}],"about":[{"href":"http:\/\/labestiadeportiva.com\/lbd\/wp-json\/wp\/v2\/types\/post"}],"author":[{"embeddable":true,"href":"http:\/\/labestiadeportiva.com\/lbd\/wp-json\/wp\/v2\/users\/1"}],"replies":[{"embeddable":true,"href":"http:\/\/labestiadeportiva.com\/lbd\/wp-json\/wp\/v2\/comments?post=13963"}],"version-history":[{"count":2,"href":"http:\/\/labestiadeportiva.com\/lbd\/wp-json\/wp\/v2\/posts\/13963\/revisions"}],"predecessor-version":[{"id":13968,"href":"http:\/\/labestiadeportiva.com\/lbd\/wp-json\/wp\/v2\/posts\/13963\/revisions\/13968"}],"wp:featuredmedia":[{"embeddable":true,"href":"http:\/\/labestiadeportiva.com\/lbd\/wp-json\/wp\/v2\/media\/13965"}],"wp:attachment":[{"href":"http:\/\/labestiadeportiva.com\/lbd\/wp-json\/wp\/v2\/media?parent=13963"}],"wp:term":[{"taxonomy":"category","embeddable":true,"href":"http:\/\/labestiadeportiva.com\/lbd\/wp-json\/wp\/v2\/categories?post=13963"},{"taxonomy":"post_tag","embeddable":true,"href":"http:\/\/labestiadeportiva.com\/lbd\/wp-json\/wp\/v2\/tags?post=13963"}],"curies":[{"name":"wp","href":"https:\/\/api.w.org\/{rel}","templated":true}]}}