{"id":13969,"date":"2014-12-16T19:31:03","date_gmt":"2014-12-16T19:31:03","guid":{"rendered":"http:\/\/labestiadeportiva.com\/lbd\/?p=13969"},"modified":"2014-12-16T19:34:45","modified_gmt":"2014-12-16T19:34:45","slug":"un-acto-de-justicia-audio","status":"publish","type":"post","link":"http:\/\/labestiadeportiva.com\/lbd\/un-acto-de-justicia-audio\/","title":{"rendered":"Un acto de justicia (Audio)"},"content":{"rendered":"<p><a href=\"http:\/\/labestiadeportiva.com\/lbd\/wp-content\/uploads\/2014\/12\/gomez1.jpg\"><img loading=\"lazy\" class=\"alignleft size-full wp-image-13975\" title=\"gomez\" src=\"http:\/\/labestiadeportiva.com\/lbd\/wp-content\/uploads\/2014\/12\/gomez1.jpg\" alt=\"\" width=\"289\" height=\"257\" \/><\/a>Durante el fin de semana la Municipalidad de Ushuaia inaugur\u00f3 su cancha de f\u00fatbol de c\u00e9sped natural la cual denomin\u00f3 Oscar \u201cCocol\u201d G\u00f3mez. Un verdadero gesto hacia el dirigente deportivo quien form\u00f3 parte de la ni\u00f1ez y adolescencia de muchas generaciones de futboleros ushuaienses. Desde LBD dialogamos con el homenajeado, compartimos la entrevista completa lograda este martes en FM del Sur, 94.1<\/p>\n<p><a href=\"http:\/\/labestiadeportiva.com\/lbd\/wp-content\/uploads\/2014\/12\/15857_618638394930057_7230598275701017912_n.jpg\"><img loading=\"lazy\" class=\"aligncenter size-medium wp-image-13971\" title=\"15857_618638394930057_7230598275701017912_n\" src=\"http:\/\/labestiadeportiva.com\/lbd\/wp-content\/uploads\/2014\/12\/15857_618638394930057_7230598275701017912_n-265x300.jpg\" alt=\"\" width=\"265\" height=\"300\" srcset=\"http:\/\/labestiadeportiva.com\/lbd\/wp-content\/uploads\/2014\/12\/15857_618638394930057_7230598275701017912_n-265x300.jpg 265w, http:\/\/labestiadeportiva.com\/lbd\/wp-content\/uploads\/2014\/12\/15857_618638394930057_7230598275701017912_n.jpg 433w\" sizes=\"(max-width: 265px) 100vw, 265px\" \/><\/a><br \/>\n<!--more--><\/p>\n<p><iframe loading=\"lazy\" src=\"\/\/www.youtube.com\/embed\/tcjEMzjJ9to\" frameborder=\"0\" width=\"560\" height=\"315\"><\/iframe><\/p>\n<div class='epvc-post-count'><span class='epvc-eye'><\/span>  <span class=\"epvc-count\"> 977<\/span><span class='epvc-label'> veces le\u00edda<\/span><\/div>\n<div class=\"jwsharethis\">\nShare this: \n<br \/>\n<a href=\"mailto:?subject=Un%20acto%20de%20justicia%20%28Audio%29&amp;body=http%3A%2F%2Flabestiadeportiva.com%2Flbd%2Fun-acto-de-justicia-audio%2F\">\n<img src=\"http:\/\/labestiadeportiva.com\/lbd\/wp-content\/plugins\/jw-share-this\/email.png\" alt=\"Share this page via Email\" \/>\n<\/a>\n<a target=\"_blank\" href=\"http:\/\/www.stumbleupon.com\/submit?url=http%3A%2F%2Flabestiadeportiva.com%2Flbd%2Fun-acto-de-justicia-audio%2F&amp;title=Un+acto+de+justicia+%28Audio%29\">\n<img src=\"http:\/\/labestiadeportiva.com\/lbd\/wp-content\/plugins\/jw-share-this\/su.png\" alt=\"Share this page via Stumble Upon\" \/>\n<\/a>\n<a target=\"_blank\" href=\"http:\/\/digg.com\/submit?url=http%3A%2F%2Flabestiadeportiva.com%2Flbd%2Fun-acto-de-justicia-audio%2F&amp;title=Un+acto+de+justicia+%28Audio%29\">\n<img src=\"http:\/\/labestiadeportiva.com\/lbd\/wp-content\/plugins\/jw-share-this\/digg.png\" alt=\"Share this page via Digg this\" \/>\n<\/a>\n<a target=\"_blank\" href=\"http:\/\/www.facebook.com\/sharer.php?u=http%3A%2F%2Flabestiadeportiva.com%2Flbd%2Fun-acto-de-justicia-audio%2F&amp;t=Un+acto+de+justicia+%28Audio%29\">\n<img src=\"http:\/\/labestiadeportiva.com\/lbd\/wp-content\/plugins\/jw-share-this\/fb.png\" alt=\"Share this page via Facebook\" \/>\n<\/a>\n<a target=\"_blank\" href=\"http:\/\/twitter.com\/intent\/tweet?text=I+like+http%3A%2F%2Flabestiadeportiva.com%2Flbd%2Fun-acto-de-justicia-audio%2F&amp;title=Un+acto+de+justicia+%28Audio%29\">\n<img src=\"http:\/\/labestiadeportiva.com\/lbd\/wp-content\/plugins\/jw-share-this\/twitter.png\" alt=\"Share this page via Twitter\" \/>\n<\/a>\n<\/div>\n","protected":false},"excerpt":{"rendered":"<p>Durante el fin de semana la Municipalidad de Ushuaia inaugur\u00f3 su cancha de f\u00fatbol de c\u00e9sped natural la cual denomin\u00f3 Oscar \u201cCocol\u201d G\u00f3mez. Un verdadero gesto hacia el dirigente deportivo quien form\u00f3 parte de la ni\u00f1ez y adolescencia de muchas generaciones de futboleros ushuaienses. Desde LBD dialogamos con el homenajeado, compartimos la entrevista completa lograda &hellip; <a href=\"http:\/\/labestiadeportiva.com\/lbd\/un-acto-de-justicia-audio\/\" class=\"more-link\">Seguir leyendo <span class=\"screen-reader-text\">Un acto de justicia (Audio)<\/span> <span class=\"meta-nav\">&rarr;<\/span><\/a><\/p>\n","protected":false},"author":1,"featured_media":13975,"comment_status":"open","ping_status":"open","sticky":false,"template":"","format":"standard","meta":[],"categories":[5,60,1],"tags":[1893,4838,1892],"_links":{"self":[{"href":"http:\/\/labestiadeportiva.com\/lbd\/wp-json\/wp\/v2\/posts\/13969"}],"collection":[{"href":"http:\/\/labestiadeportiva.com\/lbd\/wp-json\/wp\/v2\/posts"}],"about":[{"href":"http:\/\/labestiadeportiva.com\/lbd\/wp-json\/wp\/v2\/types\/post"}],"author":[{"embeddable":true,"href":"http:\/\/labestiadeportiva.com\/lbd\/wp-json\/wp\/v2\/users\/1"}],"replies":[{"embeddable":true,"href":"http:\/\/labestiadeportiva.com\/lbd\/wp-json\/wp\/v2\/comments?post=13969"}],"version-history":[{"count":3,"href":"http:\/\/labestiadeportiva.com\/lbd\/wp-json\/wp\/v2\/posts\/13969\/revisions"}],"predecessor-version":[{"id":13976,"href":"http:\/\/labestiadeportiva.com\/lbd\/wp-json\/wp\/v2\/posts\/13969\/revisions\/13976"}],"wp:featuredmedia":[{"embeddable":true,"href":"http:\/\/labestiadeportiva.com\/lbd\/wp-json\/wp\/v2\/media\/13975"}],"wp:attachment":[{"href":"http:\/\/labestiadeportiva.com\/lbd\/wp-json\/wp\/v2\/media?parent=13969"}],"wp:term":[{"taxonomy":"category","embeddable":true,"href":"http:\/\/labestiadeportiva.com\/lbd\/wp-json\/wp\/v2\/categories?post=13969"},{"taxonomy":"post_tag","embeddable":true,"href":"http:\/\/labestiadeportiva.com\/lbd\/wp-json\/wp\/v2\/tags?post=13969"}],"curies":[{"name":"wp","href":"https:\/\/api.w.org\/{rel}","templated":true}]}}