{"id":14024,"date":"2014-12-22T23:06:47","date_gmt":"2014-12-22T23:06:47","guid":{"rendered":"http:\/\/labestiadeportiva.com\/lbd\/?p=14024"},"modified":"2014-12-22T23:06:47","modified_gmt":"2014-12-22T23:06:47","slug":"la-ultima-del-ano","status":"publish","type":"post","link":"http:\/\/labestiadeportiva.com\/lbd\/la-ultima-del-ano\/","title":{"rendered":"La \u00faltima del a\u00f1o"},"content":{"rendered":"<p>Por Daniel Campos (Corresponsal LBD en Palma de Mallorca, Espa\u00f1a)<\/p>\n<p><a href=\"http:\/\/labestiadeportiva.com\/lbd\/wp-content\/uploads\/2014\/12\/francu00E8sREUTERS.jpg\"><img loading=\"lazy\" class=\"alignleft size-medium wp-image-14025\" title=\"francu00E8sREUTERS\" src=\"http:\/\/labestiadeportiva.com\/lbd\/wp-content\/uploads\/2014\/12\/francu00E8sREUTERS-300x199.jpg\" alt=\"\" width=\"300\" height=\"199\" srcset=\"http:\/\/labestiadeportiva.com\/lbd\/wp-content\/uploads\/2014\/12\/francu00E8sREUTERS-300x199.jpg 300w, http:\/\/labestiadeportiva.com\/lbd\/wp-content\/uploads\/2014\/12\/francu00E8sREUTERS.jpg 630w\" sizes=\"(max-width: 300px) 100vw, 300px\" \/><\/a>Mientras el Real Madrid cerraba el a\u00f1o coron\u00e1ndose en el Mundial de clubes, el Barcelona y el Atl\u00e9tico de Madrid, sumaron dos importantes victorias para no perder la estela del conjunto blanco. Aqu\u00ed el resumen de la \u00faltima jornada del f\u00fatbol espa\u00f1ol antes del cava y el turr\u00f3n. La foto es gentileza de la agencia Reuters.<!--more--><\/p>\n<p>El Celta de Vigo sigue sin ganar y esta vez fue el Almer\u00eda el culpable de que el equipo de Berizzo no levante cabeza. Un solitario gol de Hemed en el minuto 17, marc\u00f3 la diferencia, los gallegos lo intentaron de todas maneras pero hasta un penal tuvieron a favor pero Nolito lo fall\u00f3. En el conjunto almeriense debut\u00f3 como t\u00e9cnico Juan Ignacio Mart\u00ednez.<\/p>\n<p>El f\u00fatbol continu\u00f3 disput\u00e1ndose el d\u00eda s\u00e1bado, en el Camp Nou el Barcelona sin apuros gan\u00f3 al C\u00f3rdoba por goleada, 5 a 0 para los dirigidos por Luis Enrique. Pedro fue el encargado de abrir la cuenta blaugrana. Se sum\u00f3 a la fiesta Luis Su\u00e1rez con su primer gol en la Liga. El tercero fue de Piqu\u00e9 y en la recta final del partido Leo Messi por partida doble, cerr\u00f3 el tanteador y felices fiestas.<\/p>\n<p>En el turno de la seis de la tarde, en el Ciutat de Valencia, el Levante sac\u00f3 un empate muy valioso en el descuento gracias a un penal que dej\u00f3 a la Real Sociedad, con las manos vac\u00edas. En un partido muy malo en la primera mitad, luego en la segunda parte gan\u00f3 en intensidad. Canales abri\u00f3 el marcador para los donostiarras y todo apuntaba a que los tres puntos se iban para el norte. En el descuento, tiro de esquina para el Levante, Carlos Mart\u00ednez la toca con la mano y el \u00e1rbitro, Jaime Latre, no dud\u00f3 en marcar la pena m\u00e1xima. Convirti\u00f3 Ivanschitz y empat\u00f3 para dejar el marcador 1 a 1.<\/p>\n<p>Hasta Ipurua viaj\u00f3 el Valencia, donde con un gol de Paco Alcacer, gan\u00f3 al Eibar. De esta manera el equipo de la costa levantina termina el a\u00f1o en puestos de Liga de Campeones. A las diez de la noche en Vallecas, el Espanyol visit\u00f3 al Rayo y se qued\u00f3 con todo,\u00a0 victoria y tres puntos. Los catalanes solventaron con m\u00e1s eficacia el juego y empezaron mandando en el marcador. Sergio Garc\u00eda anot\u00f3 el primero, luego al filo del descanso, Leo Baptistao igual\u00f3 el cotejo. Otra vez los periquitos se pusieron por delante con otro tanto de Garc\u00eda y m\u00e1s tarde Lucas V\u00e1zquez sentenci\u00f3 dejando las cosas 3 a 1. En el \u00faltimo tramo del match los espa\u00f1olistas jugaron con un hombre menos por expulsi\u00f3n de Stuani.<\/p>\n<p>El domingo, la actividad empez\u00f3 por la ma\u00f1ana con el enfrentamiento entre el \u00a0Villarreal y el Deportivo, que termin\u00f3 favorable al \u201csubmarino amarillo\u201d por\u00a0 3 a 0. El conjunto local fue superior a lo largo de los 90 minutos de juego, con goles del mejicano Jonathan Dos Santos y del argentino Lucas Vietto.<\/p>\n<p>Por la tarde midieron fuerzas el Granada y el Getafe. Firmando un empate 1 a 1 con sabor a poco para los dos combinados, que siguen con problemas en la parte baja de la tabla. El gol de los andaluces fue de John C\u00f3rdoba y para los madrile\u00f1os anot\u00f3 el uruguayo Emiliano Vel\u00e1zquez.<\/p>\n<p>En otro interesante partido, el M\u00e1laga visit\u00f3 al Elche y se llev\u00f3 una importante victoria para afianzarse en el s\u00e9ptimo lugar en la clasificaci\u00f3n, mientras que el local sigue \u00faltimo en la Liga. Abri\u00f3 la cuenta para el due\u00f1o de casa, David Lomb\u00e1n en posici\u00f3n muy dudosa aunque que el \u00e1rbitro Undiano Mallenco convalid\u00f3, 1 a 0 y as\u00ed se fueron a los vestuarios. En\u00a0 la segunda parte, los andaluces tomaron el control del bal\u00f3n y el triunfo fue suyo gracias a los goles de Camacho y Luis Alberto.<\/p>\n<p>Para cerrar la noche del domingo, en San Mam\u00e9s, triunfo del equipo del Cholo Simeone ante el Athletic de Bilbao. Tuvo que remontar el Atl\u00e9tico de Madrid un marcador adverso, Rico en el minuto 17 anot\u00f3 para los de Bilbao, pero lejos de amilanarse el conjunto colchonero \u00a0creci\u00f3 y el empate lleg\u00f3 de la mano del franc\u00e9s Antoine Griezmann. Luego un penal convertido por Ra\u00fal Garc\u00eda dej\u00f3 las cosas 2 a 1 y nuevamente el jugador galo anot\u00f3 dos tantos para cerrar el 4 a 1 definitivo.<\/p>\n<p>Para cerrar la jornada n\u00famero 16 habr\u00e1 que esperar al a\u00f1o que viene, hasta el 4 de febrero de 2015, cuando el reciente campe\u00f3n mundial de clubes, el Real Madrid \u00a0y el Sevilla se enfrenten en el Santiago Bernab\u00e9u.<\/p>\n<div class='epvc-post-count'><span class='epvc-eye'><\/span>  <span class=\"epvc-count\"> 932<\/span><span class='epvc-label'> veces le\u00edda<\/span><\/div>\n<div class=\"jwsharethis\">\nShare this: \n<br \/>\n<a href=\"mailto:?subject=La%20%C3%BAltima%20del%20a%C3%B1o&amp;body=http%3A%2F%2Flabestiadeportiva.com%2Flbd%2Fla-ultima-del-ano%2F\">\n<img src=\"http:\/\/labestiadeportiva.com\/lbd\/wp-content\/plugins\/jw-share-this\/email.png\" alt=\"Share this page via Email\" \/>\n<\/a>\n<a target=\"_blank\" href=\"http:\/\/www.stumbleupon.com\/submit?url=http%3A%2F%2Flabestiadeportiva.com%2Flbd%2Fla-ultima-del-ano%2F&amp;title=La+%C3%BAltima+del+a%C3%B1o\">\n<img src=\"http:\/\/labestiadeportiva.com\/lbd\/wp-content\/plugins\/jw-share-this\/su.png\" alt=\"Share this page via Stumble Upon\" \/>\n<\/a>\n<a target=\"_blank\" href=\"http:\/\/digg.com\/submit?url=http%3A%2F%2Flabestiadeportiva.com%2Flbd%2Fla-ultima-del-ano%2F&amp;title=La+%C3%BAltima+del+a%C3%B1o\">\n<img src=\"http:\/\/labestiadeportiva.com\/lbd\/wp-content\/plugins\/jw-share-this\/digg.png\" alt=\"Share this page via Digg this\" \/>\n<\/a>\n<a target=\"_blank\" href=\"http:\/\/www.facebook.com\/sharer.php?u=http%3A%2F%2Flabestiadeportiva.com%2Flbd%2Fla-ultima-del-ano%2F&amp;t=La+%C3%BAltima+del+a%C3%B1o\">\n<img src=\"http:\/\/labestiadeportiva.com\/lbd\/wp-content\/plugins\/jw-share-this\/fb.png\" alt=\"Share this page via Facebook\" \/>\n<\/a>\n<a target=\"_blank\" href=\"http:\/\/twitter.com\/intent\/tweet?text=I+like+http%3A%2F%2Flabestiadeportiva.com%2Flbd%2Fla-ultima-del-ano%2F&amp;title=La+%C3%BAltima+del+a%C3%B1o\">\n<img src=\"http:\/\/labestiadeportiva.com\/lbd\/wp-content\/plugins\/jw-share-this\/twitter.png\" alt=\"Share this page via Twitter\" \/>\n<\/a>\n<\/div>\n","protected":false},"excerpt":{"rendered":"<p>Por Daniel Campos (Corresponsal LBD en Palma de Mallorca, Espa\u00f1a) Mientras el Real Madrid cerraba el a\u00f1o coron\u00e1ndose en el Mundial de clubes, el Barcelona y el Atl\u00e9tico de Madrid, sumaron dos importantes victorias para no perder la estela del conjunto blanco. Aqu\u00ed el resumen de la \u00faltima jornada del f\u00fatbol espa\u00f1ol antes del cava &hellip; <a href=\"http:\/\/labestiadeportiva.com\/lbd\/la-ultima-del-ano\/\" class=\"more-link\">Seguir leyendo <span class=\"screen-reader-text\">La \u00faltima del a\u00f1o<\/span> <span class=\"meta-nav\">&rarr;<\/span><\/a><\/p>\n","protected":false},"author":1,"featured_media":14025,"comment_status":"open","ping_status":"open","sticky":false,"template":"","format":"standard","meta":[],"categories":[4,14,1],"tags":[17,35,83],"_links":{"self":[{"href":"http:\/\/labestiadeportiva.com\/lbd\/wp-json\/wp\/v2\/posts\/14024"}],"collection":[{"href":"http:\/\/labestiadeportiva.com\/lbd\/wp-json\/wp\/v2\/posts"}],"about":[{"href":"http:\/\/labestiadeportiva.com\/lbd\/wp-json\/wp\/v2\/types\/post"}],"author":[{"embeddable":true,"href":"http:\/\/labestiadeportiva.com\/lbd\/wp-json\/wp\/v2\/users\/1"}],"replies":[{"embeddable":true,"href":"http:\/\/labestiadeportiva.com\/lbd\/wp-json\/wp\/v2\/comments?post=14024"}],"version-history":[{"count":1,"href":"http:\/\/labestiadeportiva.com\/lbd\/wp-json\/wp\/v2\/posts\/14024\/revisions"}],"predecessor-version":[{"id":14026,"href":"http:\/\/labestiadeportiva.com\/lbd\/wp-json\/wp\/v2\/posts\/14024\/revisions\/14026"}],"wp:featuredmedia":[{"embeddable":true,"href":"http:\/\/labestiadeportiva.com\/lbd\/wp-json\/wp\/v2\/media\/14025"}],"wp:attachment":[{"href":"http:\/\/labestiadeportiva.com\/lbd\/wp-json\/wp\/v2\/media?parent=14024"}],"wp:term":[{"taxonomy":"category","embeddable":true,"href":"http:\/\/labestiadeportiva.com\/lbd\/wp-json\/wp\/v2\/categories?post=14024"},{"taxonomy":"post_tag","embeddable":true,"href":"http:\/\/labestiadeportiva.com\/lbd\/wp-json\/wp\/v2\/tags?post=14024"}],"curies":[{"name":"wp","href":"https:\/\/api.w.org\/{rel}","templated":true}]}}