{"id":14110,"date":"2015-01-03T18:05:06","date_gmt":"2015-01-03T18:05:06","guid":{"rendered":"http:\/\/labestiadeportiva.com\/lbd\/?p=14110"},"modified":"2015-01-03T18:05:06","modified_gmt":"2015-01-03T18:05:06","slug":"encendiendo-el-sueno","status":"publish","type":"post","link":"http:\/\/labestiadeportiva.com\/lbd\/encendiendo-el-sueno\/","title":{"rendered":"Encendiendo el sue\u00f1o"},"content":{"rendered":"<p><a href=\"http:\/\/labestiadeportiva.com\/lbd\/wp-content\/uploads\/2015\/01\/YPF-Conferencia.jpg\"><img loading=\"lazy\" class=\"alignleft size-medium wp-image-14111\" title=\"YPF Conferencia\" src=\"http:\/\/labestiadeportiva.com\/lbd\/wp-content\/uploads\/2015\/01\/YPF-Conferencia-300x180.jpg\" alt=\"\" width=\"300\" height=\"180\" srcset=\"http:\/\/labestiadeportiva.com\/lbd\/wp-content\/uploads\/2015\/01\/YPF-Conferencia-300x180.jpg 300w, http:\/\/labestiadeportiva.com\/lbd\/wp-content\/uploads\/2015\/01\/YPF-Conferencia.jpg 863w\" sizes=\"(max-width: 300px) 100vw, 300px\" \/><\/a>El ushuaiense Lucas Bonetto llega a su cuarto Dakar como el vigente campe\u00f3n argentino dentro de los Quads 4&#215;2 y es uno de los m\u00e1ximos candidatos en busca de recuperar la corona para nuestro pa\u00eds. Ser\u00e1 primer piloto del equipo oficial YPF Elaion Moto, estar\u00e1 acompa\u00f1ado como mochilero por Daniel Domaszewski y la mirada est\u00e1 puesta en el podio. Fuente y fotos prensa Lucas Bonetto.<!--more--><\/p>\n<p>Una nueva oportunidad de hacer historia para el fueguino Lucas Bonetto junto al equipo YPF Elaion Moto Rally en esta s\u00e9ptima versi\u00f3n del Rally Dakar en Sudam\u00e9rica.<\/p>\n<p>Nos resulta imposible no colocar entre los candidatos de los Quads 4&#215;2 al joven fueguino que a\u00f1o tras a\u00f1o sigue sumando experiencia, conocimientos y, sobretodo, resultados.<\/p>\n<p>Volviendo la mirada hacia atr\u00e1s en esta l\u00ednea del tiempo debemos remitirnos al 2012, momento en que comenz\u00f3 la aventura tras coronarse en el Campeonato Argentino de Cross Country obteniendo as\u00ed el derecho a participar de la competencia m\u00e1s exigente del deporte motor mundial.<\/p>\n<p>Siendo el piloto m\u00e1s joven del evento que tuvo su largada en Mar del Plata consigui\u00f3 alcanzar la meta con la m\u00ednima ayuda de un cami\u00f3n de asistencia, su padre Mario y su mec\u00e1nico Miguel, art\u00edfices junto a \u00e9l de un hecho hist\u00f3rico para toda la provincia de Tierra del Fuego.<\/p>\n<p>No obstante, en 2013 decidi\u00f3 aumentar la apuesta y vaya si lo logr\u00f3 meti\u00e9ndose en el pelot\u00f3n de punta y peleando los primeros lugares arribando al Palacio de la Moneda de Santiago (Chile) con un cuarto puesto inolvidable, su mejor resultado hasta el momento.<\/p>\n<p>En 2014 la fortuna le fue esquiva, oblig\u00e1ndolo a desertar en la primera semana de carrera. Sin embargo en ese tiempo sorprendi\u00f3 liderando parcialmente la etapa en las Dunas del Nihuil llegando a la meta muy cerca del hist\u00f3rico Marcos Patronelli.<\/p>\n<p>Para este 2015, nuevamente con el apoyo de YPF Elaion Moto Rally, el objetivo estar\u00e1 centrado en retornar al podio y, de ser posible, en lo m\u00e1s alto.<\/p>\n<p>Con la cabeza fr\u00eda, planificando una carrera que permita cosechar el resultado deseado, Bonetto sostuvo: <span style=\"color: #ff0000;\">\u201cApuntamos al podio. Tenemos un veh\u00edculo confiable y estoy con un buen nivel conductivo. Mejor\u00e9 bastante la navegaci\u00f3n y creo que es posible estar entre los tres primeros. Si en alguna etapa puedo acelerar para ir a buscar la carrera, lo har\u00e9\u201d<\/span>.<\/p>\n<p>Asimismo a\u00f1adi\u00f3 que <span style=\"color: #ff0000;\">\u201cafortunadamente volvemos a ser, por segundo a\u00f1o consecutivo, pilotos oficiales de YPF Elaion Moto, una oportunidad \u00fanica que cuando viajamos a ver que era esto de la esencia del Dakar nunca imagin\u00e1bamos\u201d.<\/span><\/p>\n<p><span style=\"color: #ff0000;\">\u201cAdem\u00e1s para este Dakar vamos a contar con el apoyo en el camino de Daniel Domaszewski (#270), qui\u00e9n cumplir\u00e1 la funci\u00f3n de mochilero ante cualquier imponderable. El jueves superamos sin complicaciones las verificaciones t\u00e9cnicas.<\/span><\/p>\n<p><span style=\"color: #ff0000;\">Fue todo muy r\u00e1pido y ya el quad qued\u00f3 en parque cerrado. En tanto el viernes cumplimos con la firma de aut\u00f3grafos en el stand de YPF y estuvimos junto a la legi\u00f3n de LS2 Helmets en la presentaci\u00f3n del nuevo casco\u201d<\/span>, enfatiz\u00f3 a modo de cierre para concluir sus declaraciones a la prensa.<\/p>\n<p>La actividad de Lucas este S\u00e1bado 3 de Enero est\u00e1 pactada para las 15:45 horas, momento en que tendr\u00e1 el honor de superar la Rampa luciendo el n\u00famero 258 en su Honda TRX 700XX.<\/p>\n<p>Se acab\u00f3 la cuenta regresiva y comienza el ruido de motores.<\/p>\n<p><span style=\"color: #0000ff;\">#YPFenelDakar<\/span><\/p>\n<p>Lucas Bonetto y equipo agradecen a sus sponsors: YPF Elaion Moto, Mercedes Benz Tierra del Fuego y LS2 Helmets. Asimismo a toda la gente de Tierra del Fuego, familia y amigos que apoyan incondicionalmente.<\/p>\n<p><a href=\"http:\/\/labestiadeportiva.com\/lbd\/wp-content\/uploads\/2015\/01\/Verificaci+\u00a6n-OK-2.jpg\"><img loading=\"lazy\" class=\"aligncenter size-medium wp-image-14112\" title=\"Verificaci+\u00a6n OK 2\" src=\"http:\/\/labestiadeportiva.com\/lbd\/wp-content\/uploads\/2015\/01\/Verificaci+\u00a6n-OK-2-300x168.jpg\" alt=\"\" width=\"300\" height=\"168\" srcset=\"http:\/\/labestiadeportiva.com\/lbd\/wp-content\/uploads\/2015\/01\/Verificaci+\u00a6n-OK-2-300x168.jpg 300w, http:\/\/labestiadeportiva.com\/lbd\/wp-content\/uploads\/2015\/01\/Verificaci+\u00a6n-OK-2-1024x576.jpg 1024w, http:\/\/labestiadeportiva.com\/lbd\/wp-content\/uploads\/2015\/01\/Verificaci+\u00a6n-OK-2.jpg 2048w\" sizes=\"(max-width: 300px) 100vw, 300px\" \/><\/a><\/p>\n<div class='epvc-post-count'><span class='epvc-eye'><\/span>  <span class=\"epvc-count\"> 1.031<\/span><span class='epvc-label'> veces le\u00edda<\/span><\/div>\n<div class=\"jwsharethis\">\nShare this: \n<br \/>\n<a href=\"mailto:?subject=Encendiendo%20el%20sue%C3%B1o&amp;body=http%3A%2F%2Flabestiadeportiva.com%2Flbd%2Fencendiendo-el-sueno%2F\">\n<img src=\"http:\/\/labestiadeportiva.com\/lbd\/wp-content\/plugins\/jw-share-this\/email.png\" alt=\"Share this page via Email\" \/>\n<\/a>\n<a target=\"_blank\" href=\"http:\/\/www.stumbleupon.com\/submit?url=http%3A%2F%2Flabestiadeportiva.com%2Flbd%2Fencendiendo-el-sueno%2F&amp;title=Encendiendo+el+sue%C3%B1o\">\n<img src=\"http:\/\/labestiadeportiva.com\/lbd\/wp-content\/plugins\/jw-share-this\/su.png\" alt=\"Share this page via Stumble Upon\" \/>\n<\/a>\n<a target=\"_blank\" href=\"http:\/\/digg.com\/submit?url=http%3A%2F%2Flabestiadeportiva.com%2Flbd%2Fencendiendo-el-sueno%2F&amp;title=Encendiendo+el+sue%C3%B1o\">\n<img src=\"http:\/\/labestiadeportiva.com\/lbd\/wp-content\/plugins\/jw-share-this\/digg.png\" alt=\"Share this page via Digg this\" \/>\n<\/a>\n<a target=\"_blank\" href=\"http:\/\/www.facebook.com\/sharer.php?u=http%3A%2F%2Flabestiadeportiva.com%2Flbd%2Fencendiendo-el-sueno%2F&amp;t=Encendiendo+el+sue%C3%B1o\">\n<img src=\"http:\/\/labestiadeportiva.com\/lbd\/wp-content\/plugins\/jw-share-this\/fb.png\" alt=\"Share this page via Facebook\" \/>\n<\/a>\n<a target=\"_blank\" href=\"http:\/\/twitter.com\/intent\/tweet?text=I+like+http%3A%2F%2Flabestiadeportiva.com%2Flbd%2Fencendiendo-el-sueno%2F&amp;title=Encendiendo+el+sue%C3%B1o\">\n<img src=\"http:\/\/labestiadeportiva.com\/lbd\/wp-content\/plugins\/jw-share-this\/twitter.png\" alt=\"Share this page via Twitter\" \/>\n<\/a>\n<\/div>\n","protected":false},"excerpt":{"rendered":"<p>El ushuaiense Lucas Bonetto llega a su cuarto Dakar como el vigente campe\u00f3n argentino dentro de los Quads 4&#215;2 y es uno de los m\u00e1ximos candidatos en busca de recuperar la corona para nuestro pa\u00eds. Ser\u00e1 primer piloto del equipo oficial YPF Elaion Moto, estar\u00e1 acompa\u00f1ado como mochilero por Daniel Domaszewski y la mirada est\u00e1 &hellip; <a href=\"http:\/\/labestiadeportiva.com\/lbd\/encendiendo-el-sueno\/\" class=\"more-link\">Seguir leyendo <span class=\"screen-reader-text\">Encendiendo el sue\u00f1o<\/span> <span class=\"meta-nav\">&rarr;<\/span><\/a><\/p>\n","protected":false},"author":1,"featured_media":14111,"comment_status":"open","ping_status":"open","sticky":false,"template":"","format":"standard","meta":[],"categories":[5,4,6,1],"tags":[1911,353,71],"_links":{"self":[{"href":"http:\/\/labestiadeportiva.com\/lbd\/wp-json\/wp\/v2\/posts\/14110"}],"collection":[{"href":"http:\/\/labestiadeportiva.com\/lbd\/wp-json\/wp\/v2\/posts"}],"about":[{"href":"http:\/\/labestiadeportiva.com\/lbd\/wp-json\/wp\/v2\/types\/post"}],"author":[{"embeddable":true,"href":"http:\/\/labestiadeportiva.com\/lbd\/wp-json\/wp\/v2\/users\/1"}],"replies":[{"embeddable":true,"href":"http:\/\/labestiadeportiva.com\/lbd\/wp-json\/wp\/v2\/comments?post=14110"}],"version-history":[{"count":1,"href":"http:\/\/labestiadeportiva.com\/lbd\/wp-json\/wp\/v2\/posts\/14110\/revisions"}],"predecessor-version":[{"id":14113,"href":"http:\/\/labestiadeportiva.com\/lbd\/wp-json\/wp\/v2\/posts\/14110\/revisions\/14113"}],"wp:featuredmedia":[{"embeddable":true,"href":"http:\/\/labestiadeportiva.com\/lbd\/wp-json\/wp\/v2\/media\/14111"}],"wp:attachment":[{"href":"http:\/\/labestiadeportiva.com\/lbd\/wp-json\/wp\/v2\/media?parent=14110"}],"wp:term":[{"taxonomy":"category","embeddable":true,"href":"http:\/\/labestiadeportiva.com\/lbd\/wp-json\/wp\/v2\/categories?post=14110"},{"taxonomy":"post_tag","embeddable":true,"href":"http:\/\/labestiadeportiva.com\/lbd\/wp-json\/wp\/v2\/tags?post=14110"}],"curies":[{"name":"wp","href":"https:\/\/api.w.org\/{rel}","templated":true}]}}