{"id":14322,"date":"2015-01-28T04:46:52","date_gmt":"2015-01-28T04:46:52","guid":{"rendered":"http:\/\/labestiadeportiva.com\/lbd\/?p=14322"},"modified":"2015-01-28T13:39:51","modified_gmt":"2015-01-28T13:39:51","slug":"boca-se-llevo-el-primer-superclasico-del-ano","status":"publish","type":"post","link":"http:\/\/labestiadeportiva.com\/lbd\/boca-se-llevo-el-primer-superclasico-del-ano\/","title":{"rendered":"Boca se llev\u00f3 el primer supercl\u00e1sico del a\u00f1o"},"content":{"rendered":"<p>Por Mart\u00edn Velasco (Corresponsal LBD en C\u00f3rdoba)<\/p>\n<h3><strong><a href=\"http:\/\/www.cordobatimes.com\/deportes\/wp-content\/uploads\/2015\/01\/Boca1.jpg\"><img loading=\"lazy\" class=\" wp-image-26511 alignleft\" style=\"margin: 5px;\" src=\"http:\/\/www.cordobatimes.com\/deportes\/wp-content\/uploads\/2015\/01\/Boca1.jpg\" alt=\"Boca\" width=\"300\" height=\"180\" data-id=\"26511\" \/><\/a><\/strong><\/h3>\n<h3><strong>Con suplentes, el equipo de Arruabarrena super\u00f3 1-0 a River y cort\u00f3 una racha de ocho partidos sin poder ganarle. El \u00fanico gol lo anot\u00f3 el juvenil Cristaldo. Cubas, Vangioni y Maidana fueron expulsados por Pitana.<\/strong><\/h3>\n<p><span style=\"text-align: justify;\">El Jos\u00e9 Mar\u00eda Minella fue la sede para el primer supercl\u00e1sico del 2015 y luci\u00f3 totalmente repleto.\u00a0River, que no hab\u00eda perdido con los de la Ribera en todo el 2014 (invicto en 8 enfrentamientos) le dio rodaje al equipo que Gallardo considera titular, con la novedad de Mat\u00edas Kranevitter como mediocampista central en lugar de Leonardo Ponzio.<!--more--><\/span><\/p>\n<p style=\"text-align: justify;\">Boca, en tanto, preserv\u00f3 a su elenco ideal para el enfrentamiento ante V\u00e9lez del 28 de enero, donde los del Vasco definir\u00e1n su lugar en Copa Libertadores. Si ganan, entrar\u00e1n a la fase de grupos; si pierden, disputar\u00e1n el repechaje. De esta forma, el DT dispuso un 11 con relevos, en el que se destacaron el debut del arquero Guillermo Sara, la gran noche de Pablo P\u00e9rez y la presencia de Nicol\u00e1s Colazo, el \u00fanico habitualmente titular.<\/p>\n<p style=\"text-align: justify;\">El gol de la noche marplatense lleg\u00f3 a los 17 minutos de la etapa inicial, cuando Pablo P\u00e9rez habilit\u00f3 muy bien a Franco Cristaldo para que definiera abajo y a la derecha de Barovero. Previamente, hab\u00eda existido fuera de juego pero no fue sancionado por el asistente.<\/p>\n<p style=\"text-align: justify;\">Con el resultado a su favor, Boca mostr\u00f3 superioridad en varios sectores del campo, opacando la salida del rival y cortando, de esta forma, uno de los puntos fuertes con los que cuenta.<\/p>\n<p style=\"text-align: justify;\">Vangioni tuvo una noche para el olvido. Primero, golpe\u00f3 de atr\u00e1s al ex Talleres Cristian Pav\u00f3n y lo sac\u00f3 de al cancha, provoc\u00e1ndole una lesi\u00f3n que lo mantendr\u00e1 fuera de las canchas por al menos 2 meses; luego, el lateral izquierdo Millonario volvi\u00f3 a golpear y vio la roja, al igual que su compa\u00f1ero Jonathan Maidana y Adri\u00e1n Cubas, del otro lado.<\/p>\n<p style=\"text-align: justify;\">La conquista de Cristaldo:<\/p>\n<p><iframe loading=\"lazy\" src=\"\/\/www.youtube.com\/embed\/7YNl3--aoAg\" frameborder=\"0\" width=\"560\" height=\"315\"><\/iframe><\/p>\n<h2><strong>FORMACIONES<\/strong><\/h2>\n<p><strong>River Plate:<\/strong>\u00a0Marcelo Barovero; Gabriel Mercado, Jonathan Maidana, Ramiro Funes Mori y Leonel Vangioni; Carlos S\u00e1nchez, Mat\u00edas Kranevitter y Ariel Rojas; Leonardo Pisculichi; Rodrigo Mora y Te\u00f3filo Guti\u00e9rrez. DT: Marcelo Gallardo.<\/p>\n<p><strong>Boca Juniors:<\/strong>\u00a0Guillermo Sara; Jos\u00e9 Fuenzalida, Claudio P\u00e9rez, Guillermo Burdisso y Nicol\u00e1s Colazo; Pablo P\u00e9rez, Adri\u00e1n Cubas y Franco Cristaldo; Cristian Pav\u00f3n, Emmanuel Gigliotti y Federico Carrizo. DT: Rodolfo Arruabarrena.<\/p>\n<div class='epvc-post-count'><span class='epvc-eye'><\/span>  <span class=\"epvc-count\"> 1.153<\/span><span class='epvc-label'> veces le\u00edda<\/span><\/div>\n<div class=\"jwsharethis\">\nShare this: \n<br \/>\n<a href=\"mailto:?subject=Boca%20se%20llev%C3%B3%20el%20primer%20supercl%C3%A1sico%20del%20a%C3%B1o&amp;body=http%3A%2F%2Flabestiadeportiva.com%2Flbd%2Fboca-se-llevo-el-primer-superclasico-del-ano%2F\">\n<img src=\"http:\/\/labestiadeportiva.com\/lbd\/wp-content\/plugins\/jw-share-this\/email.png\" alt=\"Share this page via Email\" \/>\n<\/a>\n<a target=\"_blank\" href=\"http:\/\/www.stumbleupon.com\/submit?url=http%3A%2F%2Flabestiadeportiva.com%2Flbd%2Fboca-se-llevo-el-primer-superclasico-del-ano%2F&amp;title=Boca+se+llev%C3%B3+el+primer+supercl%C3%A1sico+del+a%C3%B1o\">\n<img src=\"http:\/\/labestiadeportiva.com\/lbd\/wp-content\/plugins\/jw-share-this\/su.png\" alt=\"Share this page via Stumble Upon\" \/>\n<\/a>\n<a target=\"_blank\" href=\"http:\/\/digg.com\/submit?url=http%3A%2F%2Flabestiadeportiva.com%2Flbd%2Fboca-se-llevo-el-primer-superclasico-del-ano%2F&amp;title=Boca+se+llev%C3%B3+el+primer+supercl%C3%A1sico+del+a%C3%B1o\">\n<img src=\"http:\/\/labestiadeportiva.com\/lbd\/wp-content\/plugins\/jw-share-this\/digg.png\" alt=\"Share this page via Digg this\" \/>\n<\/a>\n<a target=\"_blank\" href=\"http:\/\/www.facebook.com\/sharer.php?u=http%3A%2F%2Flabestiadeportiva.com%2Flbd%2Fboca-se-llevo-el-primer-superclasico-del-ano%2F&amp;t=Boca+se+llev%C3%B3+el+primer+supercl%C3%A1sico+del+a%C3%B1o\">\n<img src=\"http:\/\/labestiadeportiva.com\/lbd\/wp-content\/plugins\/jw-share-this\/fb.png\" alt=\"Share this page via Facebook\" \/>\n<\/a>\n<a target=\"_blank\" href=\"http:\/\/twitter.com\/intent\/tweet?text=I+like+http%3A%2F%2Flabestiadeportiva.com%2Flbd%2Fboca-se-llevo-el-primer-superclasico-del-ano%2F&amp;title=Boca+se+llev%C3%B3+el+primer+supercl%C3%A1sico+del+a%C3%B1o\">\n<img src=\"http:\/\/labestiadeportiva.com\/lbd\/wp-content\/plugins\/jw-share-this\/twitter.png\" alt=\"Share this page via Twitter\" \/>\n<\/a>\n<\/div>\n","protected":false},"excerpt":{"rendered":"<p>Por Mart\u00edn Velasco (Corresponsal LBD en C\u00f3rdoba) Con suplentes, el equipo de Arruabarrena super\u00f3 1-0 a River y cort\u00f3 una racha de ocho partidos sin poder ganarle. El \u00fanico gol lo anot\u00f3 el juvenil Cristaldo. Cubas, Vangioni y Maidana fueron expulsados por Pitana. El Jos\u00e9 Mar\u00eda Minella fue la sede para el primer supercl\u00e1sico del &hellip; <a href=\"http:\/\/labestiadeportiva.com\/lbd\/boca-se-llevo-el-primer-superclasico-del-ano\/\" class=\"more-link\">Seguir leyendo <span class=\"screen-reader-text\">Boca se llev\u00f3 el primer supercl\u00e1sico del a\u00f1o<\/span> <span class=\"meta-nav\">&rarr;<\/span><\/a><\/p>\n","protected":false},"author":1,"featured_media":14323,"comment_status":"open","ping_status":"open","sticky":false,"template":"","format":"standard","meta":[],"categories":[6,418,1],"tags":[1950,1188,1783,1216],"_links":{"self":[{"href":"http:\/\/labestiadeportiva.com\/lbd\/wp-json\/wp\/v2\/posts\/14322"}],"collection":[{"href":"http:\/\/labestiadeportiva.com\/lbd\/wp-json\/wp\/v2\/posts"}],"about":[{"href":"http:\/\/labestiadeportiva.com\/lbd\/wp-json\/wp\/v2\/types\/post"}],"author":[{"embeddable":true,"href":"http:\/\/labestiadeportiva.com\/lbd\/wp-json\/wp\/v2\/users\/1"}],"replies":[{"embeddable":true,"href":"http:\/\/labestiadeportiva.com\/lbd\/wp-json\/wp\/v2\/comments?post=14322"}],"version-history":[{"count":4,"href":"http:\/\/labestiadeportiva.com\/lbd\/wp-json\/wp\/v2\/posts\/14322\/revisions"}],"predecessor-version":[{"id":14327,"href":"http:\/\/labestiadeportiva.com\/lbd\/wp-json\/wp\/v2\/posts\/14322\/revisions\/14327"}],"wp:featuredmedia":[{"embeddable":true,"href":"http:\/\/labestiadeportiva.com\/lbd\/wp-json\/wp\/v2\/media\/14323"}],"wp:attachment":[{"href":"http:\/\/labestiadeportiva.com\/lbd\/wp-json\/wp\/v2\/media?parent=14322"}],"wp:term":[{"taxonomy":"category","embeddable":true,"href":"http:\/\/labestiadeportiva.com\/lbd\/wp-json\/wp\/v2\/categories?post=14322"},{"taxonomy":"post_tag","embeddable":true,"href":"http:\/\/labestiadeportiva.com\/lbd\/wp-json\/wp\/v2\/tags?post=14322"}],"curies":[{"name":"wp","href":"https:\/\/api.w.org\/{rel}","templated":true}]}}