{"id":14436,"date":"2015-02-10T02:15:45","date_gmt":"2015-02-10T02:15:45","guid":{"rendered":"http:\/\/labestiadeportiva.com\/lbd\/?p=14436"},"modified":"2015-02-10T02:15:45","modified_gmt":"2015-02-10T02:15:45","slug":"el-atletico-dueno-de-madrid","status":"publish","type":"post","link":"http:\/\/labestiadeportiva.com\/lbd\/el-atletico-dueno-de-madrid\/","title":{"rendered":"El Atl\u00e9tico due\u00f1o de Madrid"},"content":{"rendered":"<p>Por Daniel Campos (Corresponsal LBD en Palma de Mallorca, Espa\u00f1a)<\/p>\n<p><a href=\"http:\/\/labestiadeportiva.com\/lbd\/wp-content\/uploads\/2015\/02\/atmderby.jpg\"><img loading=\"lazy\" class=\"alignleft size-medium wp-image-14437\" title=\"atmderby\" src=\"http:\/\/labestiadeportiva.com\/lbd\/wp-content\/uploads\/2015\/02\/atmderby-300x261.jpg\" alt=\"\" width=\"300\" height=\"261\" srcset=\"http:\/\/labestiadeportiva.com\/lbd\/wp-content\/uploads\/2015\/02\/atmderby-300x261.jpg 300w, http:\/\/labestiadeportiva.com\/lbd\/wp-content\/uploads\/2015\/02\/atmderby.jpg 630w\" sizes=\"(max-width: 300px) 100vw, 300px\" \/><\/a>El cl\u00e1sico de la capital de Espa\u00f1a fue para el Atl\u00e9tico de Madrid por 4 goles a 0 ante un irreconocible Real Madrid. Este traspi\u00e9 del conjunto blanco fue aprovechado por Barcelona, que gole\u00f3 en Bilbao, para ponerse en la lucha por el t\u00edtulo, vamos con el resumen de este fin de semana. La foto es gentileza de la agencia Reuters.<\/p>\n<p>En el encuentro del viernes que abri\u00f3 la jornada n\u00famero 22, el Deportivo La Coru\u00f1a gan\u00f3 al Eibar, por 2 a 0, con goles de Lucas P\u00e9rez y Cavaleiro. Al d\u00eda siguiente, la actividad se reanud\u00f3 con el derby madrile\u00f1o.<!--more--><\/p>\n<p>En el Vicente Calder\u00f3n, el conjunto rojiblanco recibi\u00f3 al eterno rival con su once de gala y desde el minuto cero fue el claro dominador del encuentro. El equipo de Ancelotti se pase\u00f3 sobre el campo de juego sin ideas y resto f\u00edsico, mientras los de Simeone controlaban el bal\u00f3n.<\/p>\n<p>El primer tanto lleg\u00f3 por un disparo fuerte de Tiago que bati\u00f3 a Casillas, el bal\u00f3n se le col\u00f3 entre la rodilla y la mano. Pero los colchoneros sufrieron una baja importante al lesionarse Koke que permiti\u00f3 el ingreso de Sa\u00fal y cambi\u00f3 el curso de los acontecimientos. En apenas unos minutos, el reci\u00e9n ingresado, de chilena anot\u00f3 el 2 a 0.<\/p>\n<p>El match segu\u00eda en manos del due\u00f1o de casa, mientras el Real Madrid segu\u00eda sin aparecer en escena. Ya en la segunda parte m\u00e1s de lo mismo, el t\u00e9cnico madridista intent\u00f3 un par de cambios pero las cosas no mejoraron.<\/p>\n<p>Volvi\u00f3 a marcar el Atl\u00e9tico esta vez Griezmann tras un pase de Sa\u00fal y en el minuto 67 el marcador era de 3 a 0. Pero a\u00fan faltaba la estocada final y cuando el partido mor\u00eda, un centro de Torres lo conect\u00f3 de cabeza Mandzukic, dejando el conteo en 4 a 0 para los del Manzanares.<\/p>\n<p>En el Madrigal nueva victoria del Villarreal para confirmarlo en la sexta plaza de la clasificaci\u00f3n general al vencer por 2 a 0 al Granada. Los goles amarillos, Musacchio y Gerard. \u00a0El Ciutat de Valencia fue testigo de la goleada del Levante por 4 a 1 al M\u00e1laga, donde empez\u00f3 ganando el equipo visitante con un tanto de Juanmi, pero que respondi\u00f3 el equipo levantino con un triplete de Barral y otro gol de Uche.<\/p>\n<p>La noche del s\u00e1bado se cerr\u00f3 con un empate 1 a 1, entre la Real Sociedad y el Celta de Vigo, con Agirretxe y Nolito como autores de los dos tantos. Al d\u00eda siguiente, domingo por la ma\u00f1ana, en el Estadio El Arc\u00e1ngel,\u00a0 el C\u00f3rdoba perdi\u00f3 ante el Almer\u00eda por 2 a 1.<\/p>\n<p>En este cl\u00e1sico andaluz, el C\u00f3rdoba empez\u00f3 bien y de mano del argentino \u201cFede\u201d Cartabia abri\u00f3 la cuenta. Luego los almerienses dieron vuelta la situaci\u00f3n con dos\u00a0 goles de Michel. Alegr\u00eda en el sur de Madrid para los hombres de Quique S\u00e1nchez Flores, donde el Getafe gan\u00f3 al Sevilla por 2 a 1.<\/p>\n<p>El conjunto azul\u00f3n se puso al frente con un gol de \u00c1lvaro V\u00e1zquez luego igual\u00f3 Crychowiac para los andaluces y a cinco minutos del final, Pedro Le\u00f3n firm\u00f3 el 2 a 1. En Barcelona, el Espanyol \u00a0cay\u00f3 ante el Valencia por 2 a 1.<\/p>\n<p>El equipo de Nuno encarril\u00f3 la victoria en el Power 8 Stadium con gol de Piatti. Luego en un tiro libre que ejecutara Parejo, el bal\u00f3n dio en la espalda del portero espa\u00f1olista Pau L\u00f3pez y dej\u00f3 el marcador 2, descont\u00f3 para los catalanes Sergio Garc\u00eda.<\/p>\n<p>En el nuevo San Mam\u00e9s, el Barcelona gan\u00f3 con contundencia y claridad por 5 a 2 al Athletic de Bilbao. Con goles de Messi y Luis Su\u00e1rez, mandaban los cul\u00e9s en la primera parte. Luego en la segunda parte descont\u00f3 Mikel Rico, pero un gol contra de De Marco complic\u00f3 las cosas para los leones, se sumaron a la fiesta Neymar y Pedro, complet\u00f3 el marcador final Aduriz. Este lunes cierran la jornada, Elche y Rayo Vallecano.<\/p>\n<div class='epvc-post-count'><span class='epvc-eye'><\/span>  <span class=\"epvc-count\"> 1.068<\/span><span class='epvc-label'> veces le\u00edda<\/span><\/div>\n<div class=\"jwsharethis\">\nShare this: \n<br \/>\n<a href=\"mailto:?subject=El%20Atl%C3%A9tico%20due%C3%B1o%20de%20Madrid&amp;body=http%3A%2F%2Flabestiadeportiva.com%2Flbd%2Fel-atletico-dueno-de-madrid%2F\">\n<img src=\"http:\/\/labestiadeportiva.com\/lbd\/wp-content\/plugins\/jw-share-this\/email.png\" alt=\"Share this page via Email\" \/>\n<\/a>\n<a target=\"_blank\" href=\"http:\/\/www.stumbleupon.com\/submit?url=http%3A%2F%2Flabestiadeportiva.com%2Flbd%2Fel-atletico-dueno-de-madrid%2F&amp;title=El+Atl%C3%A9tico+due%C3%B1o+de+Madrid\">\n<img src=\"http:\/\/labestiadeportiva.com\/lbd\/wp-content\/plugins\/jw-share-this\/su.png\" alt=\"Share this page via Stumble Upon\" \/>\n<\/a>\n<a target=\"_blank\" href=\"http:\/\/digg.com\/submit?url=http%3A%2F%2Flabestiadeportiva.com%2Flbd%2Fel-atletico-dueno-de-madrid%2F&amp;title=El+Atl%C3%A9tico+due%C3%B1o+de+Madrid\">\n<img src=\"http:\/\/labestiadeportiva.com\/lbd\/wp-content\/plugins\/jw-share-this\/digg.png\" alt=\"Share this page via Digg this\" \/>\n<\/a>\n<a target=\"_blank\" href=\"http:\/\/www.facebook.com\/sharer.php?u=http%3A%2F%2Flabestiadeportiva.com%2Flbd%2Fel-atletico-dueno-de-madrid%2F&amp;t=El+Atl%C3%A9tico+due%C3%B1o+de+Madrid\">\n<img src=\"http:\/\/labestiadeportiva.com\/lbd\/wp-content\/plugins\/jw-share-this\/fb.png\" alt=\"Share this page via Facebook\" \/>\n<\/a>\n<a target=\"_blank\" href=\"http:\/\/twitter.com\/intent\/tweet?text=I+like+http%3A%2F%2Flabestiadeportiva.com%2Flbd%2Fel-atletico-dueno-de-madrid%2F&amp;title=El+Atl%C3%A9tico+due%C3%B1o+de+Madrid\">\n<img src=\"http:\/\/labestiadeportiva.com\/lbd\/wp-content\/plugins\/jw-share-this\/twitter.png\" alt=\"Share this page via Twitter\" \/>\n<\/a>\n<\/div>\n","protected":false},"excerpt":{"rendered":"<p>Por Daniel Campos (Corresponsal LBD en Palma de Mallorca, Espa\u00f1a) El cl\u00e1sico de la capital de Espa\u00f1a fue para el Atl\u00e9tico de Madrid por 4 goles a 0 ante un irreconocible Real Madrid. Este traspi\u00e9 del conjunto blanco fue aprovechado por Barcelona, que gole\u00f3 en Bilbao, para ponerse en la lucha por el t\u00edtulo, vamos &hellip; <a href=\"http:\/\/labestiadeportiva.com\/lbd\/el-atletico-dueno-de-madrid\/\" class=\"more-link\">Seguir leyendo <span class=\"screen-reader-text\">El Atl\u00e9tico due\u00f1o de Madrid<\/span> <span class=\"meta-nav\">&rarr;<\/span><\/a><\/p>\n","protected":false},"author":1,"featured_media":14437,"comment_status":"open","ping_status":"open","sticky":false,"template":"","format":"standard","meta":[],"categories":[4,14,1],"tags":[1973,4830,35],"_links":{"self":[{"href":"http:\/\/labestiadeportiva.com\/lbd\/wp-json\/wp\/v2\/posts\/14436"}],"collection":[{"href":"http:\/\/labestiadeportiva.com\/lbd\/wp-json\/wp\/v2\/posts"}],"about":[{"href":"http:\/\/labestiadeportiva.com\/lbd\/wp-json\/wp\/v2\/types\/post"}],"author":[{"embeddable":true,"href":"http:\/\/labestiadeportiva.com\/lbd\/wp-json\/wp\/v2\/users\/1"}],"replies":[{"embeddable":true,"href":"http:\/\/labestiadeportiva.com\/lbd\/wp-json\/wp\/v2\/comments?post=14436"}],"version-history":[{"count":1,"href":"http:\/\/labestiadeportiva.com\/lbd\/wp-json\/wp\/v2\/posts\/14436\/revisions"}],"predecessor-version":[{"id":14438,"href":"http:\/\/labestiadeportiva.com\/lbd\/wp-json\/wp\/v2\/posts\/14436\/revisions\/14438"}],"wp:featuredmedia":[{"embeddable":true,"href":"http:\/\/labestiadeportiva.com\/lbd\/wp-json\/wp\/v2\/media\/14437"}],"wp:attachment":[{"href":"http:\/\/labestiadeportiva.com\/lbd\/wp-json\/wp\/v2\/media?parent=14436"}],"wp:term":[{"taxonomy":"category","embeddable":true,"href":"http:\/\/labestiadeportiva.com\/lbd\/wp-json\/wp\/v2\/categories?post=14436"},{"taxonomy":"post_tag","embeddable":true,"href":"http:\/\/labestiadeportiva.com\/lbd\/wp-json\/wp\/v2\/tags?post=14436"}],"curies":[{"name":"wp","href":"https:\/\/api.w.org\/{rel}","templated":true}]}}