{"id":14439,"date":"2015-02-10T19:04:46","date_gmt":"2015-02-10T19:04:46","guid":{"rendered":"http:\/\/labestiadeportiva.com\/lbd\/?p=14439"},"modified":"2015-02-10T22:18:16","modified_gmt":"2015-02-10T22:18:16","slug":"gano-y-se-prendio","status":"publish","type":"post","link":"http:\/\/labestiadeportiva.com\/lbd\/gano-y-se-prendio\/","title":{"rendered":"Gan\u00f3 y se prendi\u00f3"},"content":{"rendered":"<p><a href=\"http:\/\/labestiadeportiva.com\/lbd\/wp-content\/uploads\/2015\/02\/MG_5563.jpg\"><img loading=\"lazy\" class=\"alignleft size-medium wp-image-14440\" title=\"_MG_5563\" src=\"http:\/\/labestiadeportiva.com\/lbd\/wp-content\/uploads\/2015\/02\/MG_5563-300x160.jpg\" alt=\"\" width=\"300\" height=\"160\" srcset=\"http:\/\/labestiadeportiva.com\/lbd\/wp-content\/uploads\/2015\/02\/MG_5563-300x160.jpg 300w, http:\/\/labestiadeportiva.com\/lbd\/wp-content\/uploads\/2015\/02\/MG_5563-1024x546.jpg 1024w, http:\/\/labestiadeportiva.com\/lbd\/wp-content\/uploads\/2015\/02\/MG_5563.jpg 1869w\" sizes=\"(max-width: 300px) 100vw, 300px\" \/><\/a>El domingo se disput\u00f3 en Ushuaia el partido correspondiente a la 3\u00b0 fecha del Torneo Federal \u201cC\u201d de f\u00fatbol dentro de su zona 1 que enfrent\u00f3 a Mercantil con Deportivo Victoria. Triunfo del local por 3 a 1. Los tantos fueron marcados por Horacio \u201cVasco\u201d Bigurrarena, Luciano \u201cLuchi\u201d Nicollielo, Dar\u00edo Gonz\u00e1lez y Maximiliano Llancafil. El equipo conducido por Ra\u00fal Ralinqueo ocupa el segundo lugar del grupo con 4 unidades. En R\u00edo Grande Camioneros igual\u00f3 sin goles ante Lasserre FC. El pr\u00f3ximo domingo a las 17 la revancha entre los equipos locales.<!--more--><\/p>\n<p>Promedia la primera fase de la competencia nacional. Luego de m\u00e1s de medio d\u00eda de lluvia en la capital provincial, la precipitaci\u00f3n comenz\u00f3 en la noche del s\u00e1bado continuando durante la ma\u00f1ana y mediod\u00eda del domingo, a la hora del partido las condiciones clim\u00e1ticas mejoraron con la l\u00f3gica baja de temperatura.<\/p>\n<p>Lo comentado anteriormente hac\u00eda prever un campo de juego r\u00e1pido donde todos los protagonistas deber\u00edan estar muy atentos para no sufrir sobresaltos. A la hora se\u00f1alada el \u00e1rbitro del encuentro, Denis Villagr\u00e1n, puso en marcha el partido que marc\u00f3 la primera visita del riograndense Deportivo Victoria a la capital provincial.<\/p>\n<p><a href=\"http:\/\/labestiadeportiva.com\/lbd\/wp-content\/uploads\/2015\/02\/MG_5564.jpg\"><img loading=\"lazy\" class=\"aligncenter size-medium wp-image-14441\" title=\"_MG_5564\" src=\"http:\/\/labestiadeportiva.com\/lbd\/wp-content\/uploads\/2015\/02\/MG_5564-300x158.jpg\" alt=\"\" width=\"300\" height=\"158\" srcset=\"http:\/\/labestiadeportiva.com\/lbd\/wp-content\/uploads\/2015\/02\/MG_5564-300x158.jpg 300w, http:\/\/labestiadeportiva.com\/lbd\/wp-content\/uploads\/2015\/02\/MG_5564.jpg 800w\" sizes=\"(max-width: 300px) 100vw, 300px\" \/><\/a>Primeros minutos de estudio para ambos clubes quienes r\u00e1pidamente intentaron marcar territorio sobre el sint\u00e9tico Municipal. La zona del medio juego a\u00fan no ten\u00eda un due\u00f1o, un lugar clave para la definici\u00f3n de cualquier partido.<\/p>\n<p>Por el lado de la visita Garibotto y Retamales se hac\u00edan fuertes en el fondo lanzando pelotazos hacia los delanteros Bigurrarena y Arguello. Algunas caras nuevas en el necesitado conjunto de Ralinqueo, regresos como los de Ortega y Llancafil debut de Canum\u00e1n en el mediocampo y Daniel Rivero haciendo dupla central con Colarte, el resto del equipo igual al de los compromisos anteriores.<\/p>\n<p>De a poco Mercantil comenz\u00f3 a controlar la pelota aunque hasta por lo menos los treinta minutos de la primera parte Ortega y P\u00e9rez no sufrieron grandes sobresaltos.<\/p>\n<p>A los 34 llegar\u00eda el blooper. Jugada de ataque para Victoria que finaliza en forma intrascendente, la pelota que parec\u00eda llegar mansa a las manos de Javier Ortega. Con la intensi\u00f3n de ver a quien habilitar en la salida la pierde de vista, pica mal le pega en la rodilla y se va para adelante all\u00ed entre en escena el \u201cVasco\u201d Bigurrarena quien al borde del \u00e1rea chica solo tiene que empujar la pelota para abrir el marcador.<\/p>\n<p><a href=\"http:\/\/labestiadeportiva.com\/lbd\/wp-content\/uploads\/2015\/02\/MG_5574.jpg\"><img loading=\"lazy\" class=\"aligncenter size-medium wp-image-14442\" title=\"_MG_5574\" src=\"http:\/\/labestiadeportiva.com\/lbd\/wp-content\/uploads\/2015\/02\/MG_5574-300x156.jpg\" alt=\"\" width=\"300\" height=\"156\" srcset=\"http:\/\/labestiadeportiva.com\/lbd\/wp-content\/uploads\/2015\/02\/MG_5574-300x156.jpg 300w, http:\/\/labestiadeportiva.com\/lbd\/wp-content\/uploads\/2015\/02\/MG_5574.jpg 800w\" sizes=\"(max-width: 300px) 100vw, 300px\" \/><\/a>Un verdadero mazazo para Ortega y sus compa\u00f1eros, abajo sin merecerlo en un partido donde solo serv\u00eda ganar. Pero antes del final de la primera etapa llegar\u00eda el \u201cregalito\u201d de Villagr\u00e1n.<\/p>\n<p>Pelotazo desde el fondo de Ortega buscando a Vis\u00f1uk, Dante que guapea y se mete en el \u00e1rea cierre de uno de los centrales visitantes que necesito tambi\u00e9n la intervenci\u00f3n del arquero. El delantero llega antes que todos y define ancho al segundo palo. Luego de esto en segunda jugada\u00a0 chocan inevitablemente dentro del \u00e1rea P\u00e9rez y Vis\u00f1uk y todos al suelo, de ninguna manera fue falta solo la l\u00f3gica terminaci\u00f3n de una acci\u00f3n donde tres jugadores buscan en velocidad un mismo bal\u00f3n. Incre\u00edblemente Villagr\u00e1n cobra la pena m\u00e1xima permitiendo que Mercantil iguale las acciones antes del descanso.<\/p>\n<p>Toda la jerarqu\u00eda de \u201cLuchi\u201d Nicollielo para enga\u00f1ar a Sebasti\u00e1n P\u00e9rez que eligi\u00f3 mal el palo donde arrojarse, cierre de la primera mitad, un tanto para cada equipo y a preparar el complemento.<\/p>\n<p>Los \u00faltimos cuarenta y cinco minutos de juego fueron un poco m\u00e1s entretenidos. Los arqueros tuvieron bastante trabajo, principalmente el visitante. Justamente P\u00e9rez le sac\u00f3 un mano a mano a Vis\u00f1uk, Arguello la tiro por arriba del travesa\u00f1o ante el achique de Ortega, las situaciones se repet\u00edan pero perd\u00edan peligrosidad en los \u00faltimos metros.<\/p>\n<p><a href=\"http:\/\/labestiadeportiva.com\/lbd\/wp-content\/uploads\/2015\/02\/MG_5577.jpg\"><img loading=\"lazy\" class=\"aligncenter size-medium wp-image-14443\" title=\"_MG_5577\" src=\"http:\/\/labestiadeportiva.com\/lbd\/wp-content\/uploads\/2015\/02\/MG_5577-300x153.jpg\" alt=\"\" width=\"300\" height=\"153\" srcset=\"http:\/\/labestiadeportiva.com\/lbd\/wp-content\/uploads\/2015\/02\/MG_5577-300x153.jpg 300w, http:\/\/labestiadeportiva.com\/lbd\/wp-content\/uploads\/2015\/02\/MG_5577.jpg 800w\" sizes=\"(max-width: 300px) 100vw, 300px\" \/><\/a>Llegaron los cambios, Cordova mando a la cancha a Quiroga por Aguirre y Rionda por Garibotto mientras que Ralinqueo sustituy\u00f3 a Bottino por Gonz\u00e1lez sumando a Ferreyra quien reemplaz\u00f3 a Ibarra.<\/p>\n<p>El primer cambio local iba a rendir sus frutos, corr\u00edan 32 del complemento, robo de Sergio G\u00f3mez en mitad de la cancha perfecta habilitaci\u00f3n por izquierda para Vis\u00f1uk quien llega al fondo y manda el centro al segundo palo. Aparici\u00f3n de Dar\u00edo Gonz\u00e1lez que define de manual cabezazo abajo de pique y nada para hacer por parte de P\u00e9rez.<\/p>\n<p>Festejo local por el 2 a 1 a favor, antes de que la visita pudiera reanudar el juego se va expulsado G\u00f3mez, hasta donde pudimos saber por alg\u00fan exceso verbal. Una verdadera irresponsabilidad del buen volante quien ganando dej\u00f3 a su equipo con un hombre menos durante un festejo propio y se retir\u00f3 haci\u00e9ndole gestos a la tribuna visitante.<\/p>\n<p>Pero habr\u00eda m\u00e1s, desesperaci\u00f3n de la visita que ve\u00eda que se le escapaba el partido. Se fue arriba con m\u00e1s ganas que f\u00fatbol y orden. Otro quite en la mitad de la cancha, esta vez de Canum\u00e1n, pase a Vis\u00f1uk que es derribado sobre el sector izquierdo de la mitad de la cancha el \u00e1rbitro con muy buen criterio deja seguir porque el local continuaba con el bal\u00f3n dos, tres toques al borde del \u00e1rea para que Llancafil defina arriba al primer palo de P\u00e9rez y pleito concluido.<\/p>\n<p><a href=\"http:\/\/labestiadeportiva.com\/lbd\/wp-content\/uploads\/2015\/02\/MG_5572.jpg\"><img loading=\"lazy\" class=\"aligncenter size-medium wp-image-14444\" title=\"_MG_5572\" src=\"http:\/\/labestiadeportiva.com\/lbd\/wp-content\/uploads\/2015\/02\/MG_5572-300x172.jpg\" alt=\"\" width=\"300\" height=\"172\" srcset=\"http:\/\/labestiadeportiva.com\/lbd\/wp-content\/uploads\/2015\/02\/MG_5572-300x172.jpg 300w, http:\/\/labestiadeportiva.com\/lbd\/wp-content\/uploads\/2015\/02\/MG_5572.jpg 800w\" sizes=\"(max-width: 300px) 100vw, 300px\" \/><\/a>Los \u00faltimos minutos estuvieron de m\u00e1s asimismo se adicionaron cinco, pero nada se modific\u00f3, 3 a 1 para los due\u00f1os de casa. Mercantil lograba el triunfo cuando m\u00e1s lo necesitaba, se mete en la pelea mientras que Victoria regresa al norte de la isla con las manos vac\u00edas. Preocupaci\u00f3n para los de C\u00f3rdova que el pr\u00f3ximo domingo se jugar\u00e1n sus \u00faltimas chances ante el l\u00edder del grupo.<\/p>\n<p>En tan solo cinco d\u00edas en el sint\u00e9tico municipal volver\u00e1n a verse las caras los clubes locales. Mercantil y Lasserre llegar\u00e1n al choque luego de conseguir resultados positivos, solo nos resta preguntarnos \u00bfPodr\u00e1n ganarse esta vez?<\/p>\n<p><span style=\"color: #0000ff;\">S\u00edntesis<\/span><\/p>\n<p><span style=\"color: #ff0000;\">Mercantil (3)<\/span> 21 Javier Ortega, 6 Daniel Colarte, 4 Emanuel Korol, 13 Daniel Rivero, 3 Francisco Bottino, 16 Sergio G\u00f3mez, 5 Andr\u00e9s \u201cChuza\u201d Canum\u00e1n (C), 8 Maximiliano Llancafil, 10 Luciano Nicollielo, 9 Dante Vis\u00f1uk y 11 Joaqu\u00edn Ibarra.<br \/>\nDT: Ra\u00fal Ralinqueo.<br \/>\n<span style=\"color: #ff0000;\">Deportivo Victoria (1)<\/span> 1 Sebasti\u00e1n P\u00e9rez, 2 Alejandro Garibotto, 4 Lucas Vera, 6 Maximiliano Retamales, 14 Fernando Su\u00e1rez, 5 Pablo Ver\u00f3n, 8 Mauricio Aguirre, 11 Alejandro Pe\u00f1a, 10 Cristian Carrasco, 7 Horacio \u201cVasco\u201d Bigurrarena (C) y 9 Jorge Arguello.<br \/>\nDT: Alfredo C\u00f3rdova.<br \/>\nGoles: 34\u00b4PT Bigurrarena (V) 42\u00b4PT Nicollielo (M) (Penal), 32\u00b4ST Gonz\u00e1lez (M), 38\u00b4ST Llancafil (M)<br \/>\nCambios: Gonz\u00e1lez x Bottino, Ferreyra x Ibarra (M), Quiroga x Aguirre, Rionda x Garibotto (DV)<br \/>\nSuplentes: 7 Molina, 18 Luna y 19 Espinoza (M), 12 Bogado, 16 Gonz\u00e1lez y 15 Jara (DV)<br \/>\nExpulsado: Sergio G\u00f3mez (M)<br \/>\n\u00c1rbitro: Denis Villagr\u00e1n (RG) (Regular)<br \/>\nAsistentes: Dar\u00edo Alderete y Ricardo Far\u00edas (USH)<br \/>\nCancha: Sint\u00e9tico Municipal \u201cHugo Lumbreras\u201d<\/p>\n<div class='epvc-post-count'><span class='epvc-eye'><\/span>  <span class=\"epvc-count\"> 1.277<\/span><span class='epvc-label'> veces le\u00edda<\/span><\/div>\n<div class=\"jwsharethis\">\nShare this: \n<br \/>\n<a href=\"mailto:?subject=Gan%C3%B3%20y%20se%20prendi%C3%B3&amp;body=http%3A%2F%2Flabestiadeportiva.com%2Flbd%2Fgano-y-se-prendio%2F\">\n<img src=\"http:\/\/labestiadeportiva.com\/lbd\/wp-content\/plugins\/jw-share-this\/email.png\" alt=\"Share this page via Email\" \/>\n<\/a>\n<a target=\"_blank\" href=\"http:\/\/www.stumbleupon.com\/submit?url=http%3A%2F%2Flabestiadeportiva.com%2Flbd%2Fgano-y-se-prendio%2F&amp;title=Gan%C3%B3+y+se+prendi%C3%B3\">\n<img src=\"http:\/\/labestiadeportiva.com\/lbd\/wp-content\/plugins\/jw-share-this\/su.png\" alt=\"Share this page via Stumble Upon\" \/>\n<\/a>\n<a target=\"_blank\" href=\"http:\/\/digg.com\/submit?url=http%3A%2F%2Flabestiadeportiva.com%2Flbd%2Fgano-y-se-prendio%2F&amp;title=Gan%C3%B3+y+se+prendi%C3%B3\">\n<img src=\"http:\/\/labestiadeportiva.com\/lbd\/wp-content\/plugins\/jw-share-this\/digg.png\" alt=\"Share this page via Digg this\" \/>\n<\/a>\n<a target=\"_blank\" href=\"http:\/\/www.facebook.com\/sharer.php?u=http%3A%2F%2Flabestiadeportiva.com%2Flbd%2Fgano-y-se-prendio%2F&amp;t=Gan%C3%B3+y+se+prendi%C3%B3\">\n<img src=\"http:\/\/labestiadeportiva.com\/lbd\/wp-content\/plugins\/jw-share-this\/fb.png\" alt=\"Share this page via Facebook\" \/>\n<\/a>\n<a target=\"_blank\" href=\"http:\/\/twitter.com\/intent\/tweet?text=I+like+http%3A%2F%2Flabestiadeportiva.com%2Flbd%2Fgano-y-se-prendio%2F&amp;title=Gan%C3%B3+y+se+prendi%C3%B3\">\n<img src=\"http:\/\/labestiadeportiva.com\/lbd\/wp-content\/plugins\/jw-share-this\/twitter.png\" alt=\"Share this page via Twitter\" \/>\n<\/a>\n<\/div>\n","protected":false},"excerpt":{"rendered":"<p>El domingo se disput\u00f3 en Ushuaia el partido correspondiente a la 3\u00b0 fecha del Torneo Federal \u201cC\u201d de f\u00fatbol dentro de su zona 1 que enfrent\u00f3 a Mercantil con Deportivo Victoria. Triunfo del local por 3 a 1. Los tantos fueron marcados por Horacio \u201cVasco\u201d Bigurrarena, Luciano \u201cLuchi\u201d Nicollielo, Dar\u00edo Gonz\u00e1lez y Maximiliano Llancafil. El &hellip; <a href=\"http:\/\/labestiadeportiva.com\/lbd\/gano-y-se-prendio\/\" class=\"more-link\">Seguir leyendo <span class=\"screen-reader-text\">Gan\u00f3 y se prendi\u00f3<\/span> <span class=\"meta-nav\">&rarr;<\/span><\/a><\/p>\n","protected":false},"author":1,"featured_media":14440,"comment_status":"open","ping_status":"open","sticky":false,"template":"","format":"standard","meta":[],"categories":[5,6,1],"tags":[428,17,1972,1926,1223],"_links":{"self":[{"href":"http:\/\/labestiadeportiva.com\/lbd\/wp-json\/wp\/v2\/posts\/14439"}],"collection":[{"href":"http:\/\/labestiadeportiva.com\/lbd\/wp-json\/wp\/v2\/posts"}],"about":[{"href":"http:\/\/labestiadeportiva.com\/lbd\/wp-json\/wp\/v2\/types\/post"}],"author":[{"embeddable":true,"href":"http:\/\/labestiadeportiva.com\/lbd\/wp-json\/wp\/v2\/users\/1"}],"replies":[{"embeddable":true,"href":"http:\/\/labestiadeportiva.com\/lbd\/wp-json\/wp\/v2\/comments?post=14439"}],"version-history":[{"count":3,"href":"http:\/\/labestiadeportiva.com\/lbd\/wp-json\/wp\/v2\/posts\/14439\/revisions"}],"predecessor-version":[{"id":14450,"href":"http:\/\/labestiadeportiva.com\/lbd\/wp-json\/wp\/v2\/posts\/14439\/revisions\/14450"}],"wp:featuredmedia":[{"embeddable":true,"href":"http:\/\/labestiadeportiva.com\/lbd\/wp-json\/wp\/v2\/media\/14440"}],"wp:attachment":[{"href":"http:\/\/labestiadeportiva.com\/lbd\/wp-json\/wp\/v2\/media?parent=14439"}],"wp:term":[{"taxonomy":"category","embeddable":true,"href":"http:\/\/labestiadeportiva.com\/lbd\/wp-json\/wp\/v2\/categories?post=14439"},{"taxonomy":"post_tag","embeddable":true,"href":"http:\/\/labestiadeportiva.com\/lbd\/wp-json\/wp\/v2\/tags?post=14439"}],"curies":[{"name":"wp","href":"https:\/\/api.w.org\/{rel}","templated":true}]}}