{"id":14466,"date":"2015-02-12T13:58:50","date_gmt":"2015-02-12T13:58:50","guid":{"rendered":"http:\/\/labestiadeportiva.com\/lbd\/?p=14466"},"modified":"2015-02-12T13:58:50","modified_gmt":"2015-02-12T13:58:50","slug":"lasserre-sumo-contra-el-puntero","status":"publish","type":"post","link":"http:\/\/labestiadeportiva.com\/lbd\/lasserre-sumo-contra-el-puntero\/","title":{"rendered":"Lasserre sum\u00f3 contra el puntero"},"content":{"rendered":"<p><a href=\"http:\/\/labestiadeportiva.com\/lbd\/wp-content\/uploads\/2015\/02\/d620_w048751co0iki5oou8oqgw.jpg\"><img loading=\"lazy\" src=\"http:\/\/labestiadeportiva.com\/lbd\/wp-content\/uploads\/2015\/02\/d620_w048751co0iki5oou8oqgw-300x198.jpg\" alt=\"\" title=\"d620_w048751co0iki5oou8oqgw\" width=\"300\" height=\"198\" class=\"alignleft size-medium wp-image-14467\" srcset=\"http:\/\/labestiadeportiva.com\/lbd\/wp-content\/uploads\/2015\/02\/d620_w048751co0iki5oou8oqgw-300x198.jpg 300w, http:\/\/labestiadeportiva.com\/lbd\/wp-content\/uploads\/2015\/02\/d620_w048751co0iki5oou8oqgw.jpg 620w\" sizes=\"(max-width: 300px) 100vw, 300px\" \/><\/a>El juvenil conjunto de Ushuaia igual\u00f3 sin tantos ante Camioneros RG en el norte de la isla. Por primera vez fue dirigido por su t\u00e9cnico Ra\u00fal Portillo. Hasta el momento suma dos unidades cerrando la zona 1. El pr\u00f3ximo domingo volver\u00e1 a presentarse en el sint\u00e9tico municipal para jugar la revancha ante Mercantil. En el conjunto transportista se fueron expulsados V\u00edcto Ver\u00f3n y Jonatan Torres. La foto principal el gentileza de El Sure\u00f1o.<!--more--><\/p>\n<p>Decir que las condiciones para jugar al f\u00fatbol en la cancha del Centro Deportivo Municipal riograndense no son las ideales es ser redundante. Esta vez le toc\u00f3 padecerlas a Camioneros RG y el juvenil equipo de Lasserre FC.<\/p>\n<p>Una vez m\u00e1s al horrible estado del campo se sum\u00f3 el clima, fr\u00edo y lluvia que por momentos fue intensa principalmente en el complemento. A pesar de este panorama ambos equipos intentaron jugar durante el primer tiempo sucumbiendo en la parte final donde el diluvio ca\u00eddo hizo casi imposible hilvanar jugadas.<\/p>\n<p>Arranc\u00f3 mejor la visita que se hizo del bal\u00f3n y lleg\u00f3 sobre el arco defendido esta vez por Alejandro Godoy. El dominio inicial de Lasserre no pudo plasmarse en el marcador debido que a pesar de tener el control del bal\u00f3n solo llegaba a trav\u00e9s de la media distancia y sus disparos nunca preocuparon al arquero local.<\/p>\n<p>La primera llegada de Camioneros fue a fondo. Cuando se jugaban algo m\u00e1s de 15 minutos Stessens qued\u00f3 en posici\u00f3n ideal para definir, lo hizo cruzado pero apareci\u00f3 el arquero capitalino G\u00f3mez para ahogar el grito algo que suceder\u00eda en varias oportunidades.<\/p>\n<p>Cerca de los treinta lo tuvo Lasserre. C\u00e9sar Tomas se fue por izquierda y tiro un centro que fue capitalizado por Vanderdorp su disparo pegar\u00eda en el palo cuando el arco transportista estaba pr\u00e1cticamente vencido.<\/p>\n<p>R\u00e1pidamente la oportunidad fue para los due\u00f1os de casa. Desborde de Salazar que termina en centro para Jonatan Torres quien no pudo conectar correctamente de volea y su disparo se fue desviado.<\/p>\n<p>Antes del final del cierre de los primeros 45 minutos llegar\u00eda la primera expulsi\u00f3n. Dura entrada de V\u00edctor Ver\u00f3n sobre la humanidad de Leandro \u201cIguana\u201d Cruz y roja directa. A falta de un minuto para cumplir el tiempo reglamentario Jonatan Torres tuvo una inmejorable situaci\u00f3n para abrir el marcador pero una vez m\u00e1s G\u00f3mez con una tremenda reacci\u00f3n evit\u00f3 el gol transportista.<\/p>\n<p>En el complemento y a pesar del hombre menos el local par\u00f3 tres en el fondo e hizo ingresar a Bustos por Vidal aunque esto no dio los resultados esperados. Antes de los diez minutos Camioneros perder\u00eda su segundo hombre, Jonatan Torres ingres\u00f3 al \u00e1rea simul\u00f3 el penal y Barrera lo pen\u00f3 con amarilla, la segunda y m\u00e1s complicaciones para el due\u00f1o de casa.<\/p>\n<p>Con dos hombres de m\u00e1s Lasserre adelant\u00f3 un poco sus l\u00edneas, se lesion\u00f3 Godoy siendo reemplazado por Silva un jugador m\u00e1s ofensivo. A pesar de esto la visita no pudo hilvanar juego en la mitad de la cancha y por ende nunca lleg\u00f3 con real peligro al arco defendido por Alejandro Godoy.<\/p>\n<p>Ante de los 30 lleg\u00f3 la m\u00e1s clara de Lasserre, gran recuperaci\u00f3n de Maximiliano Acu\u00f1a quien env\u00eda el centro al \u00e1rea, la peina Silva y se la deja a Lorenzo quien define pero una gran reacci\u00f3n de Godoy volando contra un palo evita la ca\u00edda.<\/p>\n<p>En los \u00faltimos instantes la lesi\u00f3n de Cristian Oroz dej\u00f3 a Camioneros con tan solo 8 hombres en cancha pues ya hab\u00eda realizado las tres variantes posibles, se dedic\u00f3 a aguantar y esperar el final de un partido que inicialmente ser\u00eda para consolidar su posici\u00f3n de l\u00edder con un triunfo y de a poco se fue complicando no solo por el rival \u00a0y las condiciones del clima y el campo sino tambi\u00e9n por sus propia falta de ideas.<\/p>\n<p>Si vamos a hablar de figuras lo producido por Italo G\u00f3mez en el arco fue enorme tapando todo lo que le tiro Camioneros, por el lado de los transportistas el desempe\u00f1o de Juan Barrientos en la mitad de la cancha se destac\u00f3 claramente del resto en la marca y recuperaci\u00f3n.<\/p>\n<p>El pr\u00f3ximo domingo llegar\u00e1n las revanchas entre los equipos locales, Lasserre FC y Deportivo Victoria saben que a partir de aqu\u00ed el empate deja de ser un resultado positivo.<\/p>\n<p><a href=\"http:\/\/labestiadeportiva.com\/lbd\/wp-content\/uploads\/2015\/02\/MG_5417.jpg\"><img loading=\"lazy\" src=\"http:\/\/labestiadeportiva.com\/lbd\/wp-content\/uploads\/2015\/02\/MG_5417-300x112.jpg\" alt=\"\" title=\"_MG_5417\" width=\"300\" height=\"112\" class=\"aligncenter size-medium wp-image-14468\" srcset=\"http:\/\/labestiadeportiva.com\/lbd\/wp-content\/uploads\/2015\/02\/MG_5417-300x112.jpg 300w, http:\/\/labestiadeportiva.com\/lbd\/wp-content\/uploads\/2015\/02\/MG_5417.jpg 800w\" sizes=\"(max-width: 300px) 100vw, 300px\" \/><\/a><\/p>\n<p><span style=\"color: #00ff00;\">S\u00edntesis<\/span><br \/>\n<span style=\"color: #0000ff;\">Camioneros RG (0)<\/span> 12 Alejandro Godoy, 2 Germ\u00e1n C\u00f3rdoba, 14 V\u00edctor Ver\u00f3n, 3 Jonat\u00e1n Vidal, 4 Davis Pedrozo, 5 Juan Barrientos, 15 Jonatan Salazar, 13 Cristian Oroz, 10 Carlos \u201cNegri\u201d Torres (C), 16 Luca Stessens y 9 Jonatan Torres.<br \/>\nDT: Cel\u00edn Montesino.<br \/>\n<span style=\"color: #0000ff;\">Lasserre FC (0)<\/span> 1 Italo G\u00f3mez, 4 Mat\u00edas Vanderdorp, 2 Gustavo Godoy, 6 Gabriel D\u00b4annuncio, 3 Maximiliano Su\u00e1rez, 8 Javier Lorenzo, 5 Walter Sawer, 11 Lucas Morilla, 10 Maximiliano Acu\u00f1a, 7 Leandro \u201cIguana\u201d Cruz y 9 C\u00e9sar Tomas.<br \/>\nDT: Ra\u00fal Portillo.<br \/>\nCambios: Bustos x Vidal, Sea Corpus x Stessens, N. Ver\u00f3n x C. Torres (C) Romero x Morilla, Silva por Godoy, Portillo x Cruz (L)<br \/>\nSuplentes: Flores y Brites (C) Romero y Vel\u00e1zquez (L)<br \/>\nExpulsados: V\u00edctor Ver\u00f3n (Roja directa) Jonatan Torres (Doble amarilla) (C)<br \/>\n\u00c1rbitro: Walter Barrera (USH)<br \/>\nAsistentes: Sergio Machuca y Jorge Wayar (RG)<br \/>\nCancha: Centro Deportivo Municipal (RG) (Mala)<\/p>\n<p><span style=\"color: #0000ff;\">Posiciones Actualizadas<\/span><br \/>\nZona 1 TDF<br \/>\nEquipos PJ Pts.<br \/>\n<span style=\"color: #ff0000;\">Camioneros RG 3 7<\/span><br \/>\nMercantil 3 4<br \/>\nDeportivo Victoria 3 3<br \/>\nLasserre FC 3 2<\/p>\n<div class='epvc-post-count'><span class='epvc-eye'><\/span>  <span class=\"epvc-count\"> 1.161<\/span><span class='epvc-label'> veces le\u00edda<\/span><\/div>\n<div class=\"jwsharethis\">\nShare this: \n<br \/>\n<a href=\"mailto:?subject=Lasserre%20sum%C3%B3%20contra%20el%20puntero&amp;body=http%3A%2F%2Flabestiadeportiva.com%2Flbd%2Flasserre-sumo-contra-el-puntero%2F\">\n<img src=\"http:\/\/labestiadeportiva.com\/lbd\/wp-content\/plugins\/jw-share-this\/email.png\" alt=\"Share this page via Email\" \/>\n<\/a>\n<a target=\"_blank\" href=\"http:\/\/www.stumbleupon.com\/submit?url=http%3A%2F%2Flabestiadeportiva.com%2Flbd%2Flasserre-sumo-contra-el-puntero%2F&amp;title=Lasserre+sum%C3%B3+contra+el+puntero\">\n<img src=\"http:\/\/labestiadeportiva.com\/lbd\/wp-content\/plugins\/jw-share-this\/su.png\" alt=\"Share this page via Stumble Upon\" \/>\n<\/a>\n<a target=\"_blank\" href=\"http:\/\/digg.com\/submit?url=http%3A%2F%2Flabestiadeportiva.com%2Flbd%2Flasserre-sumo-contra-el-puntero%2F&amp;title=Lasserre+sum%C3%B3+contra+el+puntero\">\n<img src=\"http:\/\/labestiadeportiva.com\/lbd\/wp-content\/plugins\/jw-share-this\/digg.png\" alt=\"Share this page via Digg this\" \/>\n<\/a>\n<a target=\"_blank\" href=\"http:\/\/www.facebook.com\/sharer.php?u=http%3A%2F%2Flabestiadeportiva.com%2Flbd%2Flasserre-sumo-contra-el-puntero%2F&amp;t=Lasserre+sum%C3%B3+contra+el+puntero\">\n<img src=\"http:\/\/labestiadeportiva.com\/lbd\/wp-content\/plugins\/jw-share-this\/fb.png\" alt=\"Share this page via Facebook\" \/>\n<\/a>\n<a target=\"_blank\" href=\"http:\/\/twitter.com\/intent\/tweet?text=I+like+http%3A%2F%2Flabestiadeportiva.com%2Flbd%2Flasserre-sumo-contra-el-puntero%2F&amp;title=Lasserre+sum%C3%B3+contra+el+puntero\">\n<img src=\"http:\/\/labestiadeportiva.com\/lbd\/wp-content\/plugins\/jw-share-this\/twitter.png\" alt=\"Share this page via Twitter\" \/>\n<\/a>\n<\/div>\n","protected":false},"excerpt":{"rendered":"<p>El juvenil conjunto de Ushuaia igual\u00f3 sin tantos ante Camioneros RG en el norte de la isla. Por primera vez fue dirigido por su t\u00e9cnico Ra\u00fal Portillo. Hasta el momento suma dos unidades cerrando la zona 1. El pr\u00f3ximo domingo volver\u00e1 a presentarse en el sint\u00e9tico municipal para jugar la revancha ante Mercantil. En el &hellip; <a href=\"http:\/\/labestiadeportiva.com\/lbd\/lasserre-sumo-contra-el-puntero\/\" class=\"more-link\">Seguir leyendo <span class=\"screen-reader-text\">Lasserre sum\u00f3 contra el puntero<\/span> <span class=\"meta-nav\">&rarr;<\/span><\/a><\/p>\n","protected":false},"author":1,"featured_media":14467,"comment_status":"open","ping_status":"open","sticky":false,"template":"","format":"standard","meta":[],"categories":[5,6,1],"tags":[428,1978,17,1926,1223],"_links":{"self":[{"href":"http:\/\/labestiadeportiva.com\/lbd\/wp-json\/wp\/v2\/posts\/14466"}],"collection":[{"href":"http:\/\/labestiadeportiva.com\/lbd\/wp-json\/wp\/v2\/posts"}],"about":[{"href":"http:\/\/labestiadeportiva.com\/lbd\/wp-json\/wp\/v2\/types\/post"}],"author":[{"embeddable":true,"href":"http:\/\/labestiadeportiva.com\/lbd\/wp-json\/wp\/v2\/users\/1"}],"replies":[{"embeddable":true,"href":"http:\/\/labestiadeportiva.com\/lbd\/wp-json\/wp\/v2\/comments?post=14466"}],"version-history":[{"count":1,"href":"http:\/\/labestiadeportiva.com\/lbd\/wp-json\/wp\/v2\/posts\/14466\/revisions"}],"predecessor-version":[{"id":14469,"href":"http:\/\/labestiadeportiva.com\/lbd\/wp-json\/wp\/v2\/posts\/14466\/revisions\/14469"}],"wp:featuredmedia":[{"embeddable":true,"href":"http:\/\/labestiadeportiva.com\/lbd\/wp-json\/wp\/v2\/media\/14467"}],"wp:attachment":[{"href":"http:\/\/labestiadeportiva.com\/lbd\/wp-json\/wp\/v2\/media?parent=14466"}],"wp:term":[{"taxonomy":"category","embeddable":true,"href":"http:\/\/labestiadeportiva.com\/lbd\/wp-json\/wp\/v2\/categories?post=14466"},{"taxonomy":"post_tag","embeddable":true,"href":"http:\/\/labestiadeportiva.com\/lbd\/wp-json\/wp\/v2\/tags?post=14466"}],"curies":[{"name":"wp","href":"https:\/\/api.w.org\/{rel}","templated":true}]}}