{"id":14476,"date":"2015-02-13T02:32:33","date_gmt":"2015-02-13T02:32:33","guid":{"rendered":"http:\/\/labestiadeportiva.com\/lbd\/?p=14476"},"modified":"2015-02-13T02:32:33","modified_gmt":"2015-02-13T02:32:33","slug":"denuncia-desestimada","status":"publish","type":"post","link":"http:\/\/labestiadeportiva.com\/lbd\/denuncia-desestimada\/","title":{"rendered":"Denuncia Desestimada"},"content":{"rendered":"<p><a href=\"http:\/\/labestiadeportiva.com\/lbd\/wp-content\/uploads\/2015\/02\/IMG-20150212-WA0004.jpg\"><img loading=\"lazy\" class=\"alignleft size-medium wp-image-14477\" title=\"IMG-20150212-WA0004\" src=\"http:\/\/labestiadeportiva.com\/lbd\/wp-content\/uploads\/2015\/02\/IMG-20150212-WA0004-300x256.jpg\" alt=\"\" width=\"300\" height=\"256\" srcset=\"http:\/\/labestiadeportiva.com\/lbd\/wp-content\/uploads\/2015\/02\/IMG-20150212-WA0004-300x256.jpg 300w, http:\/\/labestiadeportiva.com\/lbd\/wp-content\/uploads\/2015\/02\/IMG-20150212-WA0004.jpg 720w\" sizes=\"(max-width: 300px) 100vw, 300px\" \/><\/a>Luego de la denuncia y pedido de puntos realizado por el club riograndense Deportivo Victoria al t\u00e9rmino del encuentro que cayera por 3 a 1 frente a Mercantil en Ushuaia y posterior descargo del conjunto capitalino el Concejo Federal de AFA se expidi\u00f3 hace instantes. El ente que regula el f\u00fatbol del interior afiliado a la Asociaci\u00f3n del F\u00fatbol Argentino desestim\u00f3 el reclamo de la instituci\u00f3n del norte de la isla por no cumplir con lo normado en el art\u00edculo 13 de R.P.T. Desde LBD te damos a conocer todos los detalles del Expediente N\u00b0 2814\/15 y su resoluci\u00f3n publicado en la p\u00e1gina Ascenso del Interior.<!--more--><\/p>\n<p><span style=\"color: #0000ff;\">EXPEDIENTE N\u00ba 2814\/15 &#8211; TORNEO FEDERAL \u201cC\u201d 2015<\/span><br \/>\nDep. Victoria de R\u00edo Grande s\/ Protesta de partido.<br \/>\nBuenos Aires, 12 de febrero de 2015.<br \/>\nAutos, Vistos y Considerando:<\/p>\n<p>1\u00b0) Se inicia la presente causa por el reclamo de partido, v\u00eda recurso de<br \/>\nprotesta, presentado por el Club Social y Deportivo Victoria de R\u00edo<br \/>\nGrande contra su similar, el Club Mercantil de Ushuaia, por el partido<br \/>\nque ambos disputaron en el marco del Torneo Federal \u201cC\u201d el d\u00eda 9\/2\/15.<br \/>\nEl quejoso reclama que su rival tiene inscriptos varios jugadores<br \/>\nIndebidamente y por ello encontrar\u00edan inhabilitados.<br \/>\nSe\u00f1ala que el jugador Rivero est\u00e1 inscripto como propiedad del club<br \/>\nCuando en realidad deb\u00eda haber tramitado pase interligas pues<br \/>\npertenec\u00eda a Club Real Madrid de R\u00edo Grande; del mismo modo se\u00f1ala<br \/>\nque el jugador Espinoza pertenecer\u00eda a un club de la Liga Mendocina y<br \/>\nfigura como perteneciente al Club.<br \/>\nAgregan que los jugadores Ortega; Colarte; Vis\u00f1uk; G\u00f3mez; Molina y<br \/>\nLuna como inhabilitados y solicitan se le d\u00e9 por ganado el partido.<br \/>\nEl Tribunal dio traslado de la protesta al Club Mercantil para que<br \/>\nefect\u00fae su descargo.<br \/>\n2\u00b0) La protesta como toda demanda, en este caso deportiva de<br \/>\nadjudicaci\u00f3n de partido, debe contener una descripci\u00f3n del hecho del<br \/>\nque se agravia el quejoso y las pruebas en la que se funda.<br \/>\nAs\u00ed el art\u00edculo 13 del R.T.P. establece que \u201cel club que se considere<br \/>\ncon derecho para impugnar la validez de un partido puede protestarlo<br \/>\nante el Tribunal de Penas, presentando un escrito por duplicado, antes<br \/>\nde la hora de cierre de la Secretar\u00eda Administrativa\u2026. El escrito debe<br \/>\ncontener:<br \/>\na) La explicaci\u00f3n clara de los hechos en que se funda.<br \/>\nb) La petici\u00f3n en t\u00e9rminos precisos.<br \/>\nc) La firma del Presidente y del Secretario del club.<br \/>\nLos jugadores Rivero y Espinoza que s\u00ed se indic\u00f3 cual era el motivo de<br \/>\nsu agravio no surge de la planilla de juego que una hubieran<br \/>\nparticipado del encuentro uno por no integrar la planilla y el otro pues<br \/>\nfigura como suplente y no se acompa\u00f1\u00f3 ni invoc\u00f3 que hubiera jugado.<br \/>\nEsto es que ambos jugadores activamente hubieran intervenido en el<br \/>\ndesarrollo del partido.<br \/>\nEl resto de los jugadores se\u00f1alados como posiblemente inhabilitados<br \/>\nno fueron indicados los motivos de esa impugnaci\u00f3n y prohibici\u00f3n; por<br \/>\nende la protesta no puede prosperar.<br \/>\nEl Tribunal se avocar\u00e1 a las presentaciones que re\u00fanan a\u00fan<br \/>\nm\u00ednimamente los requisitos que exige el art. 13 del R.T.P. y este no es<br \/>\nel caso.<br \/>\nNo deber\u00eda presentarse una demanda se\u00f1alando gen\u00e9ricamente que<br \/>\nEspinoza pertenecer\u00eda a un Club de Mendoza, sin explicar cual, y otros<br \/>\nde jugadores s\u00f3lo se indica su nombre sin invocar la raz\u00f3n que los<br \/>\ninhabilitar\u00eda.<br \/>\nEs as\u00ed que por no haberse cumplido debidamente los requisitos que<br \/>\nEstablece el Art. 13 del R.T.P. y por lo normado en el Art. 15 del mismo<br \/>\nplexo, que dispone \u201cel Tribunal no dar\u00e1 curso a las protestas en los<br \/>\nsiguientes casos: Cuando se hubiere omitido cualquiera de los<br \/>\nrequisitos establecidos en los dos art\u00edculos anteriores\u201d se rechazar\u00e1 la<br \/>\nprotesta presentada por el Club Victoria de R\u00edo Grande sin m\u00e1s tr\u00e1mite.<br \/>\nPor ello el Tribunal<\/p>\n<p><span style=\"color: #0000ff;\">RESUELVE:<\/span><br \/>\n<span style=\"color: #ff0000;\">1\u00b0) No hacer lugar a la presentaci\u00f3n del Club Victoria de R\u00edo<\/span><br \/>\n<span style=\"color: #ff0000;\"> Grande por no cumplir con lo normado en el Art. 13 del R.T.P.<\/span><br \/>\n<span style=\"color: #ff0000;\"> 2\u00b0) Dest\u00ednese el importe depositado a la cuenta gastos de<\/span><br \/>\n<span style=\"color: #ff0000;\"> Administraci\u00f3n (Art. 21 del R.T.P.).<\/span><br \/>\n<span style=\"color: #ff0000;\"> 3\u00b0) Publ\u00edquese y arch\u00edvese.<\/span><\/p>\n<p>MIEMBROS PRESENTES: Esc. Carlos E. De Giacomi; Dr. Antonio Carbone; Dr. Miguel Rossi; Dr. Edgardo Moroni y Dr. Roberto Torti.-<\/p>\n<p>Jueves 12 de febrero de 2015, 23:35.<\/p>\n<div class='epvc-post-count'><span class='epvc-eye'><\/span>  <span class=\"epvc-count\"> 1.293<\/span><span class='epvc-label'> veces le\u00edda<\/span><\/div>\n<div class=\"jwsharethis\">\nShare this: \n<br \/>\n<a href=\"mailto:?subject=Denuncia%20Desestimada&amp;body=http%3A%2F%2Flabestiadeportiva.com%2Flbd%2Fdenuncia-desestimada%2F\">\n<img src=\"http:\/\/labestiadeportiva.com\/lbd\/wp-content\/plugins\/jw-share-this\/email.png\" alt=\"Share this page via Email\" \/>\n<\/a>\n<a target=\"_blank\" href=\"http:\/\/www.stumbleupon.com\/submit?url=http%3A%2F%2Flabestiadeportiva.com%2Flbd%2Fdenuncia-desestimada%2F&amp;title=Denuncia+Desestimada\">\n<img src=\"http:\/\/labestiadeportiva.com\/lbd\/wp-content\/plugins\/jw-share-this\/su.png\" alt=\"Share this page via Stumble Upon\" \/>\n<\/a>\n<a target=\"_blank\" href=\"http:\/\/digg.com\/submit?url=http%3A%2F%2Flabestiadeportiva.com%2Flbd%2Fdenuncia-desestimada%2F&amp;title=Denuncia+Desestimada\">\n<img src=\"http:\/\/labestiadeportiva.com\/lbd\/wp-content\/plugins\/jw-share-this\/digg.png\" alt=\"Share this page via Digg this\" \/>\n<\/a>\n<a target=\"_blank\" href=\"http:\/\/www.facebook.com\/sharer.php?u=http%3A%2F%2Flabestiadeportiva.com%2Flbd%2Fdenuncia-desestimada%2F&amp;t=Denuncia+Desestimada\">\n<img src=\"http:\/\/labestiadeportiva.com\/lbd\/wp-content\/plugins\/jw-share-this\/fb.png\" alt=\"Share this page via Facebook\" \/>\n<\/a>\n<a target=\"_blank\" href=\"http:\/\/twitter.com\/intent\/tweet?text=I+like+http%3A%2F%2Flabestiadeportiva.com%2Flbd%2Fdenuncia-desestimada%2F&amp;title=Denuncia+Desestimada\">\n<img src=\"http:\/\/labestiadeportiva.com\/lbd\/wp-content\/plugins\/jw-share-this\/twitter.png\" alt=\"Share this page via Twitter\" \/>\n<\/a>\n<\/div>\n","protected":false},"excerpt":{"rendered":"<p>Luego de la denuncia y pedido de puntos realizado por el club riograndense Deportivo Victoria al t\u00e9rmino del encuentro que cayera por 3 a 1 frente a Mercantil en Ushuaia y posterior descargo del conjunto capitalino el Concejo Federal de AFA se expidi\u00f3 hace instantes. El ente que regula el f\u00fatbol del interior afiliado a &hellip; <a href=\"http:\/\/labestiadeportiva.com\/lbd\/denuncia-desestimada\/\" class=\"more-link\">Seguir leyendo <span class=\"screen-reader-text\">Denuncia Desestimada<\/span> <span class=\"meta-nav\">&rarr;<\/span><\/a><\/p>\n","protected":false},"author":1,"featured_media":14477,"comment_status":"open","ping_status":"open","sticky":false,"template":"","format":"standard","meta":[],"categories":[5,6,1],"tags":[428,1981,17,1972,1926,1223],"_links":{"self":[{"href":"http:\/\/labestiadeportiva.com\/lbd\/wp-json\/wp\/v2\/posts\/14476"}],"collection":[{"href":"http:\/\/labestiadeportiva.com\/lbd\/wp-json\/wp\/v2\/posts"}],"about":[{"href":"http:\/\/labestiadeportiva.com\/lbd\/wp-json\/wp\/v2\/types\/post"}],"author":[{"embeddable":true,"href":"http:\/\/labestiadeportiva.com\/lbd\/wp-json\/wp\/v2\/users\/1"}],"replies":[{"embeddable":true,"href":"http:\/\/labestiadeportiva.com\/lbd\/wp-json\/wp\/v2\/comments?post=14476"}],"version-history":[{"count":1,"href":"http:\/\/labestiadeportiva.com\/lbd\/wp-json\/wp\/v2\/posts\/14476\/revisions"}],"predecessor-version":[{"id":14478,"href":"http:\/\/labestiadeportiva.com\/lbd\/wp-json\/wp\/v2\/posts\/14476\/revisions\/14478"}],"wp:featuredmedia":[{"embeddable":true,"href":"http:\/\/labestiadeportiva.com\/lbd\/wp-json\/wp\/v2\/media\/14477"}],"wp:attachment":[{"href":"http:\/\/labestiadeportiva.com\/lbd\/wp-json\/wp\/v2\/media?parent=14476"}],"wp:term":[{"taxonomy":"category","embeddable":true,"href":"http:\/\/labestiadeportiva.com\/lbd\/wp-json\/wp\/v2\/categories?post=14476"},{"taxonomy":"post_tag","embeddable":true,"href":"http:\/\/labestiadeportiva.com\/lbd\/wp-json\/wp\/v2\/tags?post=14476"}],"curies":[{"name":"wp","href":"https:\/\/api.w.org\/{rel}","templated":true}]}}