{"id":14535,"date":"2015-02-18T19:10:42","date_gmt":"2015-02-18T22:10:42","guid":{"rendered":"http:\/\/labestiadeportiva.com\/lbd\/?p=14535"},"modified":"2015-02-18T19:10:42","modified_gmt":"2015-02-18T22:10:42","slug":"el-penal-y-gol-del-domingo-video","status":"publish","type":"post","link":"http:\/\/labestiadeportiva.com\/lbd\/el-penal-y-gol-del-domingo-video\/","title":{"rendered":"El penal y gol del domingo (Video)"},"content":{"rendered":"<p><a href=\"http:\/\/labestiadeportiva.com\/lbd\/wp-content\/uploads\/2015\/02\/IMG_8919.jpg\"><img loading=\"lazy\" src=\"http:\/\/labestiadeportiva.com\/lbd\/wp-content\/uploads\/2015\/02\/IMG_8919-300x165.jpg\" alt=\"IMG_8919\" width=\"300\" height=\"165\" class=\"alignleft size-medium wp-image-14536\" srcset=\"http:\/\/labestiadeportiva.com\/lbd\/wp-content\/uploads\/2015\/02\/IMG_8919-300x165.jpg 300w, http:\/\/labestiadeportiva.com\/lbd\/wp-content\/uploads\/2015\/02\/IMG_8919-1024x563.jpg 1024w, http:\/\/labestiadeportiva.com\/lbd\/wp-content\/uploads\/2015\/02\/IMG_8919.jpg 1941w\" sizes=\"(max-width: 300px) 100vw, 300px\" \/><\/a>Durante el pasado fin de semana se disput\u00f3 la 4\u00b0 fecha del Torneo Federal. Revancha para los clubes locales. Lasserre FC venci\u00f3 a Mercantil por 1 a 0 con gol de Karin Acu\u00f1a de penal. Fueron expulsados Emanuel Korol, Dante Vis\u00f1uk y Maximiliano Su\u00e1rez. El vencedor es el \u00fanico escolta del l\u00edder del grupo Camioneros RG. La foto es gentileza del colega Esteban Parovel.<!--more--><\/p>\n<p><iframe loading=\"lazy\" width=\"420\" height=\"315\" src=\"https:\/\/www.youtube.com\/embed\/N8SH_6WIK6I\" frameborder=\"0\" allowfullscreen><\/iframe><\/p>\n<div class='epvc-post-count'><span class='epvc-eye'><\/span>  <span class=\"epvc-count\"> 1.166<\/span><span class='epvc-label'> veces le\u00edda<\/span><\/div>\n<div class=\"jwsharethis\">\nShare this: \n<br \/>\n<a href=\"mailto:?subject=El%20penal%20y%20gol%20del%20domingo%20%28Video%29&amp;body=http%3A%2F%2Flabestiadeportiva.com%2Flbd%2Fel-penal-y-gol-del-domingo-video%2F\">\n<img src=\"http:\/\/labestiadeportiva.com\/lbd\/wp-content\/plugins\/jw-share-this\/email.png\" alt=\"Share this page via Email\" \/>\n<\/a>\n<a target=\"_blank\" href=\"http:\/\/www.stumbleupon.com\/submit?url=http%3A%2F%2Flabestiadeportiva.com%2Flbd%2Fel-penal-y-gol-del-domingo-video%2F&amp;title=El+penal+y+gol+del+domingo+%28Video%29\">\n<img src=\"http:\/\/labestiadeportiva.com\/lbd\/wp-content\/plugins\/jw-share-this\/su.png\" alt=\"Share this page via Stumble Upon\" \/>\n<\/a>\n<a target=\"_blank\" href=\"http:\/\/digg.com\/submit?url=http%3A%2F%2Flabestiadeportiva.com%2Flbd%2Fel-penal-y-gol-del-domingo-video%2F&amp;title=El+penal+y+gol+del+domingo+%28Video%29\">\n<img src=\"http:\/\/labestiadeportiva.com\/lbd\/wp-content\/plugins\/jw-share-this\/digg.png\" alt=\"Share this page via Digg this\" \/>\n<\/a>\n<a target=\"_blank\" href=\"http:\/\/www.facebook.com\/sharer.php?u=http%3A%2F%2Flabestiadeportiva.com%2Flbd%2Fel-penal-y-gol-del-domingo-video%2F&amp;t=El+penal+y+gol+del+domingo+%28Video%29\">\n<img src=\"http:\/\/labestiadeportiva.com\/lbd\/wp-content\/plugins\/jw-share-this\/fb.png\" alt=\"Share this page via Facebook\" \/>\n<\/a>\n<a target=\"_blank\" href=\"http:\/\/twitter.com\/intent\/tweet?text=I+like+http%3A%2F%2Flabestiadeportiva.com%2Flbd%2Fel-penal-y-gol-del-domingo-video%2F&amp;title=El+penal+y+gol+del+domingo+%28Video%29\">\n<img src=\"http:\/\/labestiadeportiva.com\/lbd\/wp-content\/plugins\/jw-share-this\/twitter.png\" alt=\"Share this page via Twitter\" \/>\n<\/a>\n<\/div>\n","protected":false},"excerpt":{"rendered":"<p>Durante el pasado fin de semana se disput\u00f3 la 4\u00b0 fecha del Torneo Federal. Revancha para los clubes locales. Lasserre FC venci\u00f3 a Mercantil por 1 a 0 con gol de Karin Acu\u00f1a de penal. Fueron expulsados Emanuel Korol, Dante Vis\u00f1uk y Maximiliano Su\u00e1rez. El vencedor es el \u00fanico escolta del l\u00edder del grupo Camioneros &hellip; <a href=\"http:\/\/labestiadeportiva.com\/lbd\/el-penal-y-gol-del-domingo-video\/\" class=\"more-link\">Seguir leyendo <span class=\"screen-reader-text\">El penal y gol del domingo (Video)<\/span> <span class=\"meta-nav\">&rarr;<\/span><\/a><\/p>\n","protected":false},"author":1,"featured_media":14536,"comment_status":"open","ping_status":"open","sticky":false,"template":"","format":"standard","meta":[],"categories":[1],"tags":[445,17,1986,1926,1223],"_links":{"self":[{"href":"http:\/\/labestiadeportiva.com\/lbd\/wp-json\/wp\/v2\/posts\/14535"}],"collection":[{"href":"http:\/\/labestiadeportiva.com\/lbd\/wp-json\/wp\/v2\/posts"}],"about":[{"href":"http:\/\/labestiadeportiva.com\/lbd\/wp-json\/wp\/v2\/types\/post"}],"author":[{"embeddable":true,"href":"http:\/\/labestiadeportiva.com\/lbd\/wp-json\/wp\/v2\/users\/1"}],"replies":[{"embeddable":true,"href":"http:\/\/labestiadeportiva.com\/lbd\/wp-json\/wp\/v2\/comments?post=14535"}],"version-history":[{"count":1,"href":"http:\/\/labestiadeportiva.com\/lbd\/wp-json\/wp\/v2\/posts\/14535\/revisions"}],"predecessor-version":[{"id":14537,"href":"http:\/\/labestiadeportiva.com\/lbd\/wp-json\/wp\/v2\/posts\/14535\/revisions\/14537"}],"wp:featuredmedia":[{"embeddable":true,"href":"http:\/\/labestiadeportiva.com\/lbd\/wp-json\/wp\/v2\/media\/14536"}],"wp:attachment":[{"href":"http:\/\/labestiadeportiva.com\/lbd\/wp-json\/wp\/v2\/media?parent=14535"}],"wp:term":[{"taxonomy":"category","embeddable":true,"href":"http:\/\/labestiadeportiva.com\/lbd\/wp-json\/wp\/v2\/categories?post=14535"},{"taxonomy":"post_tag","embeddable":true,"href":"http:\/\/labestiadeportiva.com\/lbd\/wp-json\/wp\/v2\/tags?post=14535"}],"curies":[{"name":"wp","href":"https:\/\/api.w.org\/{rel}","templated":true}]}}