{"id":14555,"date":"2015-02-20T13:25:04","date_gmt":"2015-02-20T16:25:04","guid":{"rendered":"http:\/\/labestiadeportiva.com\/lbd\/?p=14555"},"modified":"2015-02-20T13:25:31","modified_gmt":"2015-02-20T16:25:31","slug":"grandes-parciales-en-el-primer-contacto-con-la-pista","status":"publish","type":"post","link":"http:\/\/labestiadeportiva.com\/lbd\/grandes-parciales-en-el-primer-contacto-con-la-pista\/","title":{"rendered":"Grandes parciales en el primer contacto con la pista"},"content":{"rendered":"<p><a href=\"http:\/\/labestiadeportiva.com\/lbd\/wp-content\/uploads\/2015\/02\/101_3784.jpg\"><img loading=\"lazy\" class=\"alignleft size-medium wp-image-14556\" src=\"http:\/\/labestiadeportiva.com\/lbd\/wp-content\/uploads\/2015\/02\/101_3784-300x225.jpg\" alt=\"101_3784\" width=\"300\" height=\"225\" srcset=\"http:\/\/labestiadeportiva.com\/lbd\/wp-content\/uploads\/2015\/02\/101_3784-300x225.jpg 300w, http:\/\/labestiadeportiva.com\/lbd\/wp-content\/uploads\/2015\/02\/101_3784.jpg 800w\" sizes=\"(max-width: 300px) 100vw, 300px\" \/><\/a>Comenz\u00f3 la fecha inicial de la temporada dentro de la Clase Tres del Turismo Pista para el ushuaiense Lucas Yerobi, quien form\u00f3 parte de la primera jornada de pruebas previo a lo que ser\u00e1 el inicio de la actividad oficial en el trazado N\u00b0 8 del aut\u00f3dromo \u201cOscar y Juan G\u00e1lvez\u201d. La foto es gentileza de Prensa Yerobi Racing.<\/p>\n<p>La jornada dio comienzo en horas de la ma\u00f1ana extendi\u00e9ndose durante toda la tarde y, desde un primer momento, Lucas Yerobi se sinti\u00f3 a gusto con lo realizado sobre el auto que atiende Lucas Benincasa y motoriza Sebasti\u00e1n Colombo, logrando tiempos ampliamente l\u00f3gicos y por encima de sus propias expectativas, sumado ello a diversos retoques que se fueron realizando sobre el auto para poder seguir progresando en su funcionamiento y acerc\u00e1ndose al ideal buscado para encarar el primer fin de semana de la temporada.<\/p>\n<p>Una vez culminada la jornada, el tiempo alcanzado por el piloto de Tierra del Fuego fue de 1\u00b432\u00b4\u00b42, consiguiendo la marca con un juego de gomas nuevas y sabiendo que dicho rendimiento podr\u00e1 permitirle acercarse a los primeros lugares de cara a la clasificaci\u00f3n de este d\u00eda viernes.<\/p>\n<p><span style=\"color: #0000ff;\">\u201cEl auto es muy r\u00e1pido y funciona perfecto, lo comprobamos desde la primera salida a pista y despu\u00e9s fuimos realizando distintos retoques para mejorar un poco m\u00e1s. Apostamos a estar entre los protagonistas y comenzamos de la mejor manera posible, esperemos seguir por ese camino ma\u00f1ana que ser\u00e1 una clasificaci\u00f3n clave para la continuidad del fin de semana\u201d<\/span> Indic\u00f3 Lucas una vez culminada la jornada.<\/p>\n<p>La actividad seguir\u00e1 este viernes desde las 10.35 con un breve reconocimiento de pista para darle lugar a otras dos tandas de pruebas y la posterior clasificaci\u00f3n, prevista para las 16.55, en lo que ser\u00e1 el punto culmine del viernes.<\/p>\n<p>Lucas Yerobi agradece el apoyo brindado a \u201cGr\u00faas Delta, Agua Jony, Hertz, Orange Car Wash, Seinco Servicios y Log\u00edstica, VM Repuestos, Municipalidad de Ushuaia, El Diario Del Fin del mundo, Pizza Bely, La 97 Radio Fueguina, Escale Andina y Argentina Publicidad, John Foos, La Cien.1, Azzurra, El Gran Corsini, Almar Construcciones, Club del Pastor Blanco Suizo\u201d<\/p>\n<p>&nbsp;<\/p>\n<div class='epvc-post-count'><span class='epvc-eye'><\/span>  <span class=\"epvc-count\"> 1.542<\/span><span class='epvc-label'> veces le\u00edda<\/span><\/div>\n<div class=\"jwsharethis\">\nShare this: \n<br \/>\n<a href=\"mailto:?subject=Grandes%20parciales%20en%20el%20primer%20contacto%20con%20la%20pista&amp;body=http%3A%2F%2Flabestiadeportiva.com%2Flbd%2Fgrandes-parciales-en-el-primer-contacto-con-la-pista%2F\">\n<img src=\"http:\/\/labestiadeportiva.com\/lbd\/wp-content\/plugins\/jw-share-this\/email.png\" alt=\"Share this page via Email\" \/>\n<\/a>\n<a target=\"_blank\" href=\"http:\/\/www.stumbleupon.com\/submit?url=http%3A%2F%2Flabestiadeportiva.com%2Flbd%2Fgrandes-parciales-en-el-primer-contacto-con-la-pista%2F&amp;title=Grandes+parciales+en+el+primer+contacto+con+la+pista\">\n<img src=\"http:\/\/labestiadeportiva.com\/lbd\/wp-content\/plugins\/jw-share-this\/su.png\" alt=\"Share this page via Stumble Upon\" \/>\n<\/a>\n<a target=\"_blank\" href=\"http:\/\/digg.com\/submit?url=http%3A%2F%2Flabestiadeportiva.com%2Flbd%2Fgrandes-parciales-en-el-primer-contacto-con-la-pista%2F&amp;title=Grandes+parciales+en+el+primer+contacto+con+la+pista\">\n<img src=\"http:\/\/labestiadeportiva.com\/lbd\/wp-content\/plugins\/jw-share-this\/digg.png\" alt=\"Share this page via Digg this\" \/>\n<\/a>\n<a target=\"_blank\" href=\"http:\/\/www.facebook.com\/sharer.php?u=http%3A%2F%2Flabestiadeportiva.com%2Flbd%2Fgrandes-parciales-en-el-primer-contacto-con-la-pista%2F&amp;t=Grandes+parciales+en+el+primer+contacto+con+la+pista\">\n<img src=\"http:\/\/labestiadeportiva.com\/lbd\/wp-content\/plugins\/jw-share-this\/fb.png\" alt=\"Share this page via Facebook\" \/>\n<\/a>\n<a target=\"_blank\" href=\"http:\/\/twitter.com\/intent\/tweet?text=I+like+http%3A%2F%2Flabestiadeportiva.com%2Flbd%2Fgrandes-parciales-en-el-primer-contacto-con-la-pista%2F&amp;title=Grandes+parciales+en+el+primer+contacto+con+la+pista\">\n<img src=\"http:\/\/labestiadeportiva.com\/lbd\/wp-content\/plugins\/jw-share-this\/twitter.png\" alt=\"Share this page via Twitter\" \/>\n<\/a>\n<\/div>\n","protected":false},"excerpt":{"rendered":"<p>Comenz\u00f3 la fecha inicial de la temporada dentro de la Clase Tres del Turismo Pista para el ushuaiense Lucas Yerobi, quien form\u00f3 parte de la primera jornada de pruebas previo a lo que ser\u00e1 el inicio de la actividad oficial en el trazado N\u00b0 8 del aut\u00f3dromo \u201cOscar y Juan G\u00e1lvez\u201d. La foto es gentileza &hellip; <a href=\"http:\/\/labestiadeportiva.com\/lbd\/grandes-parciales-en-el-primer-contacto-con-la-pista\/\" class=\"more-link\">Seguir leyendo <span class=\"screen-reader-text\">Grandes parciales en el primer contacto con la pista<\/span> <span class=\"meta-nav\">&rarr;<\/span><\/a><\/p>\n","protected":false},"author":1,"featured_media":14556,"comment_status":"open","ping_status":"open","sticky":false,"template":"","format":"standard","meta":[],"categories":[5,6,1],"tags":[389,86,152,808],"_links":{"self":[{"href":"http:\/\/labestiadeportiva.com\/lbd\/wp-json\/wp\/v2\/posts\/14555"}],"collection":[{"href":"http:\/\/labestiadeportiva.com\/lbd\/wp-json\/wp\/v2\/posts"}],"about":[{"href":"http:\/\/labestiadeportiva.com\/lbd\/wp-json\/wp\/v2\/types\/post"}],"author":[{"embeddable":true,"href":"http:\/\/labestiadeportiva.com\/lbd\/wp-json\/wp\/v2\/users\/1"}],"replies":[{"embeddable":true,"href":"http:\/\/labestiadeportiva.com\/lbd\/wp-json\/wp\/v2\/comments?post=14555"}],"version-history":[{"count":1,"href":"http:\/\/labestiadeportiva.com\/lbd\/wp-json\/wp\/v2\/posts\/14555\/revisions"}],"predecessor-version":[{"id":14557,"href":"http:\/\/labestiadeportiva.com\/lbd\/wp-json\/wp\/v2\/posts\/14555\/revisions\/14557"}],"wp:featuredmedia":[{"embeddable":true,"href":"http:\/\/labestiadeportiva.com\/lbd\/wp-json\/wp\/v2\/media\/14556"}],"wp:attachment":[{"href":"http:\/\/labestiadeportiva.com\/lbd\/wp-json\/wp\/v2\/media?parent=14555"}],"wp:term":[{"taxonomy":"category","embeddable":true,"href":"http:\/\/labestiadeportiva.com\/lbd\/wp-json\/wp\/v2\/categories?post=14555"},{"taxonomy":"post_tag","embeddable":true,"href":"http:\/\/labestiadeportiva.com\/lbd\/wp-json\/wp\/v2\/tags?post=14555"}],"curies":[{"name":"wp","href":"https:\/\/api.w.org\/{rel}","templated":true}]}}