{"id":14619,"date":"2015-02-26T14:17:26","date_gmt":"2015-02-26T17:17:26","guid":{"rendered":"http:\/\/labestiadeportiva.com\/lbd\/?p=14619"},"modified":"2015-02-26T20:00:28","modified_gmt":"2015-02-26T23:00:28","slug":"los-15-fueguinos-del-edv-2015","status":"publish","type":"post","link":"http:\/\/labestiadeportiva.com\/lbd\/los-15-fueguinos-del-edv-2015\/","title":{"rendered":"15 fueguinos en el EDV 2015"},"content":{"rendered":"<p>Por Mauricio Zentner Lavori (Especial para LBD desde Villa Gesell)<\/p>\n<p><a href=\"http:\/\/labestiadeportiva.com\/lbd\/wp-content\/uploads\/2015\/02\/11017682_10203936049905833_168774151512100270_n.jpg\"><img loading=\"lazy\" class=\"alignleft size-medium wp-image-14620\" src=\"http:\/\/labestiadeportiva.com\/lbd\/wp-content\/uploads\/2015\/02\/11017682_10203936049905833_168774151512100270_n-300x200.jpg\" alt=\"11017682_10203936049905833_168774151512100270_n\" width=\"300\" height=\"200\" srcset=\"http:\/\/labestiadeportiva.com\/lbd\/wp-content\/uploads\/2015\/02\/11017682_10203936049905833_168774151512100270_n-300x200.jpg 300w, http:\/\/labestiadeportiva.com\/lbd\/wp-content\/uploads\/2015\/02\/11017682_10203936049905833_168774151512100270_n.jpg 1024w\" sizes=\"(max-width: 300px) 100vw, 300px\" \/><\/a>Ya es historia una nueva edici\u00f3n del Enduro del Verano donde fueron 15 los pilotos fueguinos que se trasladaron desde el conf\u00edn del mundo hacia las c\u00e1lidas arenas de Villa Gesell con el objetivo de ser part\u00edcipes de la carrera m\u00e1s grande del mundo con 1208 m\u00e1quinas en l\u00ednea de largada.<!--more--><\/p>\n<p>Por primera vez desde 1993, cuando el eterno Pablo Onyszczuk abri\u00f3 el camino para las representaciones provinciales con su 1\u00ba lugar en las Motos 4T hasta 350cc, el Instituto Fueguino de Turismo particip\u00f3 activamente colaborando con los distintos aventureros que llegaron al circuito de la Ruta 11. Con un stand oficial, sumado a la carpa compartida con el Alpes Racing, el INFUETUR fue part\u00edcipe de los logros obtenidos en esta 22\u00ba edici\u00f3n del EDV.<\/p>\n<p>Todo comenz\u00f3 el viernes con la disputa de las competencias para los m\u00e1s chicos, donde Fernando Hidalgo fue de la partida en el marco del segmento para Mini-Quads, sumando una experiencia que jam\u00e1s podr\u00e1 olvidar. Cabe recordar que el pionero en esta categor\u00eda fue el tolhuinense &#8216;Pipi&#8217; Veliz hace un par de a\u00f1os, cuando fue de la partida con su Honda TRX 90.<\/p>\n<p>Posteriormente lleg\u00f3 el turno para Tom\u00e1s Fern\u00e1ndez, und\u00e9cimo en el Super ATV Challenge 2014, qui\u00e9n sac\u00f3 a relucir todas sus cualidades en el dif\u00edcil superprime alcanzando un 4to puesto en la manga clasificatoria y el 9no en la final, meti\u00e9ndose dentro del selecto grupo Top Ten, rodeado por nombres como los de Vitu Cazenave, Jeffrey Rastrelli, Jeremie Warnia, Jeremie Forestier, Nicol\u00e1s Cavigliasso, Pablo Vera y Federico Vieytes, entre otros.<\/p>\n<p>Ya el domingo, todo quedaba reservado para el Main Event, donde absolutamente la legi\u00f3n completa fue de la partida. Y vaya si los resultados han sido alentadores porque, batiendo el r\u00e9cord que ostentaban Santiago Zentner Lavori (3\u00ba en 2011), Tom\u00e1s Fern\u00e1ndez (3\u00ba en 2012) e Iv\u00e1n Miskulin (3\u00ba en 2014), el ushuaiense Juan Cruz Guzm\u00e1n se meti\u00f3 como escolta en ATV Promocional.<\/p>\n<p><span style=\"color: #0000ff;\">\u00abAl principio estaba algo nervioso porque era la primera vez que iba largar una carrera tan grande como es el EDV, pero una vez que largu\u00e9 ya me sent\u00ed c\u00f3modo y pude acelerar. El f\u00edsico lo pude llevar bien hasta la tercera vuelta sin cansarme, pero la \u00faltima se hizo larga y cansadora. Me sorprendi\u00f3 el momento de la largada ya que es un momento donde la adrenalina llega al m\u00e1ximo y solo queres acelerar\u00bb<\/span>, comenz\u00f3 diciendo en una entrevista exclusiva con nosotros.<\/p>\n<p>A lo que agreg\u00f3: <span style=\"color: #0000ff;\">\u00abLos objetivos para este a\u00f1o son tener un buen campeonato en la Pro B y correr algunas fechas del Quad Pro. Ojal\u00e1 podamos concretarlo. Dejame agradecer m\u00e1s que nada a mi viejo que hace de mec\u00e1nico y me deja el cuatri siempre 10 puntos, a toda mi familia que acompa\u00f1\u00f3 toda la carrera, a los amigos, a Fede Prado que nos dio una mano enorme durante todo el finde y al INFUETUR por su apoyo para esta edici\u00f3n\u00bb.<\/span><\/p>\n<p>Pero no s\u00f3lo fue Juan Cruz quien pudo meterse en el Top Ten de su categor\u00eda ya que el interminable Jos\u00e9 De Pablo clav\u00f3 la sexta ubicaci\u00f3n en ATV Master C, dejando a Tierra del Fuego posicionada de excelente forma. Asimismo fue para destacar lo hecho por Federico Nielsen hasta su abandono, lo de Tom\u00e1s Fern\u00e1ndez llegando 16to en la Amateur A y lo del resto de la camada que represent\u00f3 con orgullo a nuestra provincia.<\/p>\n<p><span style=\"color: #00ff00;\">A continuaci\u00f3n repasamos todos los resultados!<\/span><\/p>\n<p>Enduro del Verano 2015<br \/>\nMoto Amateur \u00a0Federico Nielsen (Rio Grande) Abandono<br \/>\nMoto Master B H\u00e9ctor Giudici (Rio Grande) 47\u00ba<br \/>\nMoto Master B Daniel Medina (Ushuaia) 51\u00ba<br \/>\nMoto Master C Pablo Onyszczuk (Ushuaia) 27\u00ba<br \/>\nMoto Master C Antonio Godoy (Ushuaia) 40\u00ba<br \/>\nATV Open Libre Pro Daniel C\u00e1rdenas (Ushuaia) 71\u00ba<br \/>\nATV Open Libre Amateur Tom\u00e1s Fern\u00e1ndez (Ushuaia) 16\u00ba<br \/>\nATV Master A Iv\u00e1n Bora (Ushuaia) 36\u00ba<br \/>\nATV Master B Gustavo Guzm\u00e1n (Ushuaia) 24\u00ba<br \/>\nATV Master B Leandro Del Giudice (Ushuaia) 25\u00ba<br \/>\nATV Master C Jos\u00e9 De Pablo (Ushuaia) 6\u00ba<br \/>\nATV Master C Jos\u00e9 Imaray (Ushuaia) 43\u00ba<br \/>\nATV Promocional Juan Cruz Guzm\u00e1n (Ushuaia) 2\u00ba<br \/>\nATV Mini Quad Fernando Hidalgo (R\u00edo Grande)<\/p>\n<p><a href=\"http:\/\/labestiadeportiva.com\/lbd\/wp-content\/uploads\/2015\/02\/11026365_10206064936641996_444388631_n1.jpg\"><img loading=\"lazy\" class=\"aligncenter size-medium wp-image-14625\" src=\"http:\/\/labestiadeportiva.com\/lbd\/wp-content\/uploads\/2015\/02\/11026365_10206064936641996_444388631_n1-300x198.jpg\" alt=\"11026365_10206064936641996_444388631_n\" width=\"300\" height=\"198\" srcset=\"http:\/\/labestiadeportiva.com\/lbd\/wp-content\/uploads\/2015\/02\/11026365_10206064936641996_444388631_n1-300x198.jpg 300w, http:\/\/labestiadeportiva.com\/lbd\/wp-content\/uploads\/2015\/02\/11026365_10206064936641996_444388631_n1.jpg 1024w\" sizes=\"(max-width: 300px) 100vw, 300px\" \/><\/a><\/p>\n<p>&nbsp;<\/p>\n<div class='epvc-post-count'><span class='epvc-eye'><\/span>  <span class=\"epvc-count\"> 1.166<\/span><span class='epvc-label'> veces le\u00edda<\/span><\/div>\n<div class=\"jwsharethis\">\nShare this: \n<br \/>\n<a href=\"mailto:?subject=15%20fueguinos%20en%20el%20EDV%202015&amp;body=http%3A%2F%2Flabestiadeportiva.com%2Flbd%2Flos-15-fueguinos-del-edv-2015%2F\">\n<img src=\"http:\/\/labestiadeportiva.com\/lbd\/wp-content\/plugins\/jw-share-this\/email.png\" alt=\"Share this page via Email\" \/>\n<\/a>\n<a target=\"_blank\" href=\"http:\/\/www.stumbleupon.com\/submit?url=http%3A%2F%2Flabestiadeportiva.com%2Flbd%2Flos-15-fueguinos-del-edv-2015%2F&amp;title=15+fueguinos+en+el+EDV+2015\">\n<img src=\"http:\/\/labestiadeportiva.com\/lbd\/wp-content\/plugins\/jw-share-this\/su.png\" alt=\"Share this page via Stumble Upon\" \/>\n<\/a>\n<a target=\"_blank\" href=\"http:\/\/digg.com\/submit?url=http%3A%2F%2Flabestiadeportiva.com%2Flbd%2Flos-15-fueguinos-del-edv-2015%2F&amp;title=15+fueguinos+en+el+EDV+2015\">\n<img src=\"http:\/\/labestiadeportiva.com\/lbd\/wp-content\/plugins\/jw-share-this\/digg.png\" alt=\"Share this page via Digg this\" \/>\n<\/a>\n<a target=\"_blank\" href=\"http:\/\/www.facebook.com\/sharer.php?u=http%3A%2F%2Flabestiadeportiva.com%2Flbd%2Flos-15-fueguinos-del-edv-2015%2F&amp;t=15+fueguinos+en+el+EDV+2015\">\n<img src=\"http:\/\/labestiadeportiva.com\/lbd\/wp-content\/plugins\/jw-share-this\/fb.png\" alt=\"Share this page via Facebook\" \/>\n<\/a>\n<a target=\"_blank\" href=\"http:\/\/twitter.com\/intent\/tweet?text=I+like+http%3A%2F%2Flabestiadeportiva.com%2Flbd%2Flos-15-fueguinos-del-edv-2015%2F&amp;title=15+fueguinos+en+el+EDV+2015\">\n<img src=\"http:\/\/labestiadeportiva.com\/lbd\/wp-content\/plugins\/jw-share-this\/twitter.png\" alt=\"Share this page via Twitter\" \/>\n<\/a>\n<\/div>\n","protected":false},"excerpt":{"rendered":"<p>Por Mauricio Zentner Lavori (Especial para LBD desde Villa Gesell) Ya es historia una nueva edici\u00f3n del Enduro del Verano donde fueron 15 los pilotos fueguinos que se trasladaron desde el conf\u00edn del mundo hacia las c\u00e1lidas arenas de Villa Gesell con el objetivo de ser part\u00edcipes de la carrera m\u00e1s grande del mundo con &hellip; <a href=\"http:\/\/labestiadeportiva.com\/lbd\/los-15-fueguinos-del-edv-2015\/\" class=\"more-link\">Seguir leyendo <span class=\"screen-reader-text\">15 fueguinos en el EDV 2015<\/span> <span class=\"meta-nav\">&rarr;<\/span><\/a><\/p>\n","protected":false},"author":1,"featured_media":14620,"comment_status":"open","ping_status":"open","sticky":false,"template":"","format":"standard","meta":[],"categories":[5,6,1],"tags":[300,71,462],"_links":{"self":[{"href":"http:\/\/labestiadeportiva.com\/lbd\/wp-json\/wp\/v2\/posts\/14619"}],"collection":[{"href":"http:\/\/labestiadeportiva.com\/lbd\/wp-json\/wp\/v2\/posts"}],"about":[{"href":"http:\/\/labestiadeportiva.com\/lbd\/wp-json\/wp\/v2\/types\/post"}],"author":[{"embeddable":true,"href":"http:\/\/labestiadeportiva.com\/lbd\/wp-json\/wp\/v2\/users\/1"}],"replies":[{"embeddable":true,"href":"http:\/\/labestiadeportiva.com\/lbd\/wp-json\/wp\/v2\/comments?post=14619"}],"version-history":[{"count":5,"href":"http:\/\/labestiadeportiva.com\/lbd\/wp-json\/wp\/v2\/posts\/14619\/revisions"}],"predecessor-version":[{"id":14627,"href":"http:\/\/labestiadeportiva.com\/lbd\/wp-json\/wp\/v2\/posts\/14619\/revisions\/14627"}],"wp:featuredmedia":[{"embeddable":true,"href":"http:\/\/labestiadeportiva.com\/lbd\/wp-json\/wp\/v2\/media\/14620"}],"wp:attachment":[{"href":"http:\/\/labestiadeportiva.com\/lbd\/wp-json\/wp\/v2\/media?parent=14619"}],"wp:term":[{"taxonomy":"category","embeddable":true,"href":"http:\/\/labestiadeportiva.com\/lbd\/wp-json\/wp\/v2\/categories?post=14619"},{"taxonomy":"post_tag","embeddable":true,"href":"http:\/\/labestiadeportiva.com\/lbd\/wp-json\/wp\/v2\/tags?post=14619"}],"curies":[{"name":"wp","href":"https:\/\/api.w.org\/{rel}","templated":true}]}}