{"id":15064,"date":"2015-03-31T17:49:10","date_gmt":"2015-03-31T20:49:10","guid":{"rendered":"http:\/\/labestiadeportiva.com\/lbd\/?p=15064"},"modified":"2015-03-31T17:49:10","modified_gmt":"2015-03-31T20:49:10","slug":"se-volaron-los-cuervos-la-b-al-rojo-vivo","status":"publish","type":"post","link":"http:\/\/labestiadeportiva.com\/lbd\/se-volaron-los-cuervos-la-b-al-rojo-vivo\/","title":{"rendered":"Se volaron Los Cuervos, la \u201cB\u201d al rojo vivo"},"content":{"rendered":"<p><a href=\"http:\/\/labestiadeportiva.com\/lbd\/wp-content\/uploads\/2015\/03\/MG_6381.jpg\"><img loading=\"lazy\" class=\"alignleft size-medium wp-image-15065\" src=\"http:\/\/labestiadeportiva.com\/lbd\/wp-content\/uploads\/2015\/03\/MG_6381-300x177.jpg\" alt=\"_MG_6381\" width=\"300\" height=\"177\" srcset=\"http:\/\/labestiadeportiva.com\/lbd\/wp-content\/uploads\/2015\/03\/MG_6381-300x177.jpg 300w, http:\/\/labestiadeportiva.com\/lbd\/wp-content\/uploads\/2015\/03\/MG_6381.jpg 800w\" sizes=\"(max-width: 300px) 100vw, 300px\" \/><\/a>De viernes a domingo se disputaron encuentros de los torneos oficiales de primera divisi\u00f3n \u201cA\u201d y \u201cB\u201d organizados por la Liga Ushuaiense. Triunfos de Lasserre FC, Los Andes Jrs., Andes del Sur, Mercantil, Los Cuervos FDM y CAEF. En la principal categor\u00eda el conjunto de Mat\u00edas Aducci es l\u00edder invicto, en la \u201cB\u201d Andes del Sur es el nuevo puntero. Incidentes en El Fort\u00edn (3) El Duende (2) que fue suspendido a minutos del final.<!--more--><\/p>\n<p>Todo comenz\u00f3 el viernes por la noche con la goleada del juvenil conjunto de Lasserre FC ante el \u00faltimo de la tabla Fundaci\u00f3n Deportiva K\u00b4Mal por 7 a 0.<\/p>\n<p>Clara demostraci\u00f3n del actual nivel de ambos, los hombres de las camisetas fluorescentes de vuelta luego de su participaci\u00f3n nacional mientras que el discreto equipo de Fundaci\u00f3n, recientemente ascendido, es el colista del grupo sin unidades en seis presentaciones.<\/p>\n<p><a href=\"http:\/\/labestiadeportiva.com\/lbd\/wp-content\/uploads\/2015\/03\/MG_6387.jpg\"><img loading=\"lazy\" class=\"aligncenter size-medium wp-image-15066\" src=\"http:\/\/labestiadeportiva.com\/lbd\/wp-content\/uploads\/2015\/03\/MG_6387-300x164.jpg\" alt=\"_MG_6387\" width=\"300\" height=\"164\" srcset=\"http:\/\/labestiadeportiva.com\/lbd\/wp-content\/uploads\/2015\/03\/MG_6387-300x164.jpg 300w, http:\/\/labestiadeportiva.com\/lbd\/wp-content\/uploads\/2015\/03\/MG_6387.jpg 800w\" sizes=\"(max-width: 300px) 100vw, 300px\" \/><\/a>Accidentado comienzo de s\u00e1bado pues el partido entre El Fort\u00edn (3) El Duende (2) fue suspendido a minutos del final por agresiones entre los jugadores que culmin\u00f3 con un futbolista de El Fort\u00edn hospitalizado por precauci\u00f3n el cual fue dado de alta en algunas horas.<\/p>\n<p>Seguramente luego del informe del \u00e1rbitro del partido el Tribunal de Disciplina informar\u00e1 resultado final y sanciones.<\/p>\n<p>En otro interesante partido de la categor\u00eda inmediata inferior Los Andes Jrs. consigui\u00f3 una importante victoria por 1 a 0 sobre Guemes que le permite consolidarse en una posici\u00f3n expectante junto a El Fort\u00edn y por debajo de Andes del Sur y La UOM.<\/p>\n<p>Con esta derrota Los gendarmes se alejan de las principales posiciones quedando a mitad de tabla.<\/p>\n<p><a href=\"http:\/\/labestiadeportiva.com\/lbd\/wp-content\/uploads\/2015\/03\/MG_6383.jpg\"><img loading=\"lazy\" class=\"aligncenter size-medium wp-image-15067\" src=\"http:\/\/labestiadeportiva.com\/lbd\/wp-content\/uploads\/2015\/03\/MG_6383-300x200.jpg\" alt=\"_MG_6383\" width=\"300\" height=\"200\" srcset=\"http:\/\/labestiadeportiva.com\/lbd\/wp-content\/uploads\/2015\/03\/MG_6383-300x200.jpg 300w, http:\/\/labestiadeportiva.com\/lbd\/wp-content\/uploads\/2015\/03\/MG_6383.jpg 800w\" sizes=\"(max-width: 300px) 100vw, 300px\" \/><\/a>El cierre de la jornada sabatina fue para el entretenido partido entre Centro Galicia y Filial Ferro. Podr\u00eda decirse un tiempo para cada uno, el juvenil equipo \u201cverdolaga\u201d tom\u00f3 la delantera y hasta ampli\u00f3 su ventaja.<\/p>\n<p>En el complemento los gallegos pusieron toda su experiencia, descontaron de penal para luego conseguir la igualdad en dos tantos que se mantendr\u00eda hasta el final.<\/p>\n<p>El d\u00eda domingo se jugaron cuatro partidos, Andes del Sur super\u00f3 hasta ese momento al l\u00edder de la \u201cB\u201d La UOM por 2 A 1 rob\u00e1ndole la condici\u00f3n de puntero.<\/p>\n<p>Luego de ello Mercantil super\u00f3 a Mutual BTF por 6 a 3 en un partido lleno de goles, los mercantiles pasaron por un par de momentos de zozobra pero superaron claramente a los bancarios que siguen sin levantar cabeza.<\/p>\n<p><a href=\"http:\/\/labestiadeportiva.com\/lbd\/wp-content\/uploads\/2015\/03\/MG_6385.jpg\"><img loading=\"lazy\" class=\"aligncenter size-medium wp-image-15068\" src=\"http:\/\/labestiadeportiva.com\/lbd\/wp-content\/uploads\/2015\/03\/MG_6385-300x143.jpg\" alt=\"_MG_6385\" width=\"300\" height=\"143\" srcset=\"http:\/\/labestiadeportiva.com\/lbd\/wp-content\/uploads\/2015\/03\/MG_6385-300x143.jpg 300w, http:\/\/labestiadeportiva.com\/lbd\/wp-content\/uploads\/2015\/03\/MG_6385-720x340.jpg 720w, http:\/\/labestiadeportiva.com\/lbd\/wp-content\/uploads\/2015\/03\/MG_6385.jpg 800w\" sizes=\"(max-width: 300px) 100vw, 300px\" \/><\/a>Inmediatamente despu\u00e9s lleg\u00f3 el turno del puntero e invicto de la principal categor\u00eda quien dio cuenta de Campolter por un categ\u00f3rico 4 a 0. Los azulgranas retoman el camino construido durante los \u00faltimos a\u00f1os sacando una luz de ventaja sobre el resto que si bien a esta altura no es determinante marca una clara tendencia.<\/p>\n<p>Si bien hasta el momento lo separan siete unidades con su inmediato perseguidor en breve podr\u00eda achicarse a cuatro y ser Mercantil el nuevo escolta.<\/p>\n<p>Interesante igualdad en un tanto entre Arturo Prat y Lasserre. El equipo de la colectividad chilena volvi\u00f3 a sumar luego de varios traspi\u00e9s mientras que los muchachos de Portillo jugaron viernes y domingo con la intensi\u00f3n de ponerse r\u00e1pidamente al d\u00eda en el orden local cosechando cuatro unidades de seis posibles.<\/p>\n<p>Finalmente y a modo de cierre el CAEF se acord\u00f3 de ganar y gole\u00f3 a Camioneros por 4 a 1. El vencedor intenta salir de las posiciones del fondo aunque a\u00fan marcha noveno.<\/p>\n<p>Por el lado de los transportistas la campa\u00f1a es solo discreta, pero es oportuno aclarar que sus principales valores como Flores, Moreno, Lemul y Nelli est\u00e1n reforzando a la versi\u00f3n riograndense en la competencia federal.<\/p>\n<p><span style=\"color: #0000ff;\">Resultados<\/span><br \/>\nLasserre FC 7 Fundaci\u00f3n Deportiva K\u00b4Mal 0<br \/>\nEl Fort\u00edn 3 El Duende 2*<br \/>\nGuemes 0 Los Andes Jrs. 1<br \/>\nCentro Galicia 2 Filial Ferro 2<br \/>\nLa UOM 1 Andes del Sur 2<br \/>\nMutual BTF 3 Mercantil 6<br \/>\nLos Cuervos FDM 4 Campolter 0<br \/>\nArturo Prat 1 Lasserre FC 1<br \/>\nCAEF 4 Camioneros 1<br \/>\n*Partidos suspendido a los 87\u00b4<\/p>\n<p><span style=\"color: #0000ff;\"><a href=\"http:\/\/labestiadeportiva.com\/lbd\/wp-content\/uploads\/2015\/03\/MG_6390.jpg\"><img loading=\"lazy\" class=\"aligncenter size-medium wp-image-15069\" src=\"http:\/\/labestiadeportiva.com\/lbd\/wp-content\/uploads\/2015\/03\/MG_6390-300x111.jpg\" alt=\"_MG_6390\" width=\"300\" height=\"111\" srcset=\"http:\/\/labestiadeportiva.com\/lbd\/wp-content\/uploads\/2015\/03\/MG_6390-300x111.jpg 300w, http:\/\/labestiadeportiva.com\/lbd\/wp-content\/uploads\/2015\/03\/MG_6390.jpg 800w\" sizes=\"(max-width: 300px) 100vw, 300px\" \/><\/a>Posiciones Actualizadas<\/span><br \/>\n1\u00b0 \u201cA\u201d<br \/>\nEquipos PJ Pts.<br \/>\n<span style=\"color: #ff0000;\">Los Cuervos FDM 6 18<\/span><br \/>\nMercantil 5 11*<br \/>\nCampolter 7 11<br \/>\nArturo Prat 6 10*<br \/>\nLasserre FC 5 9<br \/>\nCentro Galicia 6 9<br \/>\nCamioneros 6 8<br \/>\nMutual BTF 7 6<br \/>\nCAEF 6 5<br \/>\nFilial Ferro 6 3<br \/>\nFundaci\u00f3n Deportiva K\u00b4Mal 6 0<br \/>\n*Partido suspendido x agresi\u00f3n al \u00e1rbitro Mercantil (2) Arturo Prat (1), se espera definici\u00f3n del Tribunal de Disciplina.<br \/>\n1\u00b0 \u201cB\u201d<br \/>\n<span style=\"color: #ff0000;\">Andes del Sur 6 15<\/span><br \/>\nLa UOM 6 13<br \/>\nEl Fort\u00edn 5 11<br \/>\nLos Andes Jrs. 6 11<br \/>\nGuemes 6 8<br \/>\nEl Duende 5 4<br \/>\nAATEDYC 6 3<\/p>\n<div class='epvc-post-count'><span class='epvc-eye'><\/span>  <span class=\"epvc-count\"> 1.368<\/span><span class='epvc-label'> veces le\u00edda<\/span><\/div>\n<div class=\"jwsharethis\">\nShare this: \n<br \/>\n<a href=\"mailto:?subject=Se%20volaron%20Los%20Cuervos%2C%20la%20%E2%80%9CB%E2%80%9D%20al%20rojo%20vivo&amp;body=http%3A%2F%2Flabestiadeportiva.com%2Flbd%2Fse-volaron-los-cuervos-la-b-al-rojo-vivo%2F\">\n<img src=\"http:\/\/labestiadeportiva.com\/lbd\/wp-content\/plugins\/jw-share-this\/email.png\" alt=\"Share this page via Email\" \/>\n<\/a>\n<a target=\"_blank\" href=\"http:\/\/www.stumbleupon.com\/submit?url=http%3A%2F%2Flabestiadeportiva.com%2Flbd%2Fse-volaron-los-cuervos-la-b-al-rojo-vivo%2F&amp;title=Se+volaron+Los+Cuervos%2C+la+%E2%80%9CB%E2%80%9D+al+rojo+vivo\">\n<img src=\"http:\/\/labestiadeportiva.com\/lbd\/wp-content\/plugins\/jw-share-this\/su.png\" alt=\"Share this page via Stumble Upon\" \/>\n<\/a>\n<a target=\"_blank\" href=\"http:\/\/digg.com\/submit?url=http%3A%2F%2Flabestiadeportiva.com%2Flbd%2Fse-volaron-los-cuervos-la-b-al-rojo-vivo%2F&amp;title=Se+volaron+Los+Cuervos%2C+la+%E2%80%9CB%E2%80%9D+al+rojo+vivo\">\n<img src=\"http:\/\/labestiadeportiva.com\/lbd\/wp-content\/plugins\/jw-share-this\/digg.png\" alt=\"Share this page via Digg this\" \/>\n<\/a>\n<a target=\"_blank\" href=\"http:\/\/www.facebook.com\/sharer.php?u=http%3A%2F%2Flabestiadeportiva.com%2Flbd%2Fse-volaron-los-cuervos-la-b-al-rojo-vivo%2F&amp;t=Se+volaron+Los+Cuervos%2C+la+%E2%80%9CB%E2%80%9D+al+rojo+vivo\">\n<img src=\"http:\/\/labestiadeportiva.com\/lbd\/wp-content\/plugins\/jw-share-this\/fb.png\" alt=\"Share this page via Facebook\" \/>\n<\/a>\n<a target=\"_blank\" href=\"http:\/\/twitter.com\/intent\/tweet?text=I+like+http%3A%2F%2Flabestiadeportiva.com%2Flbd%2Fse-volaron-los-cuervos-la-b-al-rojo-vivo%2F&amp;title=Se+volaron+Los+Cuervos%2C+la+%E2%80%9CB%E2%80%9D+al+rojo+vivo\">\n<img src=\"http:\/\/labestiadeportiva.com\/lbd\/wp-content\/plugins\/jw-share-this\/twitter.png\" alt=\"Share this page via Twitter\" \/>\n<\/a>\n<\/div>\n","protected":false},"excerpt":{"rendered":"<p>De viernes a domingo se disputaron encuentros de los torneos oficiales de primera divisi\u00f3n \u201cA\u201d y \u201cB\u201d organizados por la Liga Ushuaiense. Triunfos de Lasserre FC, Los Andes Jrs., Andes del Sur, Mercantil, Los Cuervos FDM y CAEF. En la principal categor\u00eda el conjunto de Mat\u00edas Aducci es l\u00edder invicto, en la \u201cB\u201d Andes del &hellip; <a href=\"http:\/\/labestiadeportiva.com\/lbd\/se-volaron-los-cuervos-la-b-al-rojo-vivo\/\" class=\"more-link\">Seguir leyendo <span class=\"screen-reader-text\">Se volaron Los Cuervos, la \u201cB\u201d al rojo vivo<\/span> <span class=\"meta-nav\">&rarr;<\/span><\/a><\/p>\n","protected":false},"author":1,"featured_media":15067,"comment_status":"open","ping_status":"open","sticky":false,"template":"","format":"standard","meta":[],"categories":[5,1],"tags":[251,17,48,451],"_links":{"self":[{"href":"http:\/\/labestiadeportiva.com\/lbd\/wp-json\/wp\/v2\/posts\/15064"}],"collection":[{"href":"http:\/\/labestiadeportiva.com\/lbd\/wp-json\/wp\/v2\/posts"}],"about":[{"href":"http:\/\/labestiadeportiva.com\/lbd\/wp-json\/wp\/v2\/types\/post"}],"author":[{"embeddable":true,"href":"http:\/\/labestiadeportiva.com\/lbd\/wp-json\/wp\/v2\/users\/1"}],"replies":[{"embeddable":true,"href":"http:\/\/labestiadeportiva.com\/lbd\/wp-json\/wp\/v2\/comments?post=15064"}],"version-history":[{"count":1,"href":"http:\/\/labestiadeportiva.com\/lbd\/wp-json\/wp\/v2\/posts\/15064\/revisions"}],"predecessor-version":[{"id":15070,"href":"http:\/\/labestiadeportiva.com\/lbd\/wp-json\/wp\/v2\/posts\/15064\/revisions\/15070"}],"wp:featuredmedia":[{"embeddable":true,"href":"http:\/\/labestiadeportiva.com\/lbd\/wp-json\/wp\/v2\/media\/15067"}],"wp:attachment":[{"href":"http:\/\/labestiadeportiva.com\/lbd\/wp-json\/wp\/v2\/media?parent=15064"}],"wp:term":[{"taxonomy":"category","embeddable":true,"href":"http:\/\/labestiadeportiva.com\/lbd\/wp-json\/wp\/v2\/categories?post=15064"},{"taxonomy":"post_tag","embeddable":true,"href":"http:\/\/labestiadeportiva.com\/lbd\/wp-json\/wp\/v2\/tags?post=15064"}],"curies":[{"name":"wp","href":"https:\/\/api.w.org\/{rel}","templated":true}]}}