{"id":15243,"date":"2015-04-15T15:23:19","date_gmt":"2015-04-15T18:23:19","guid":{"rendered":"http:\/\/labestiadeportiva.com\/lbd\/?p=15243"},"modified":"2015-04-15T15:24:43","modified_gmt":"2015-04-15T18:24:43","slug":"repetir-victoria-la-meta-de-lucas","status":"publish","type":"post","link":"http:\/\/labestiadeportiva.com\/lbd\/repetir-victoria-la-meta-de-lucas\/","title":{"rendered":"Repetir victoria, la meta de Lucas  \u00a0"},"content":{"rendered":"<p><a href=\"http:\/\/labestiadeportiva.com\/lbd\/wp-content\/uploads\/2015\/04\/101_4348.jpg\"><img loading=\"lazy\" class=\"alignleft size-medium wp-image-15244\" src=\"http:\/\/labestiadeportiva.com\/lbd\/wp-content\/uploads\/2015\/04\/101_4348-300x225.jpg\" alt=\"101_4348\" width=\"300\" height=\"225\" srcset=\"http:\/\/labestiadeportiva.com\/lbd\/wp-content\/uploads\/2015\/04\/101_4348-300x225.jpg 300w, http:\/\/labestiadeportiva.com\/lbd\/wp-content\/uploads\/2015\/04\/101_4348.jpg 800w\" sizes=\"(max-width: 300px) 100vw, 300px\" \/><\/a>El piloto ushuaiense, Lucas Yerobi, se presentar\u00e1 en el aut\u00f3dromo \u201cCiudad de Concordia\u201d, escenario que lo vio ganador en su la \u00faltima visita de la categor\u00eda. Ser\u00e1 en el marco de la 3\u00b0 fecha de la clase mayor del Turismo Pista. Fuente y foto prensa Lucas Yerobi.<!--more--><\/p>\n<p>El aut\u00f3dromo entrerriano ser\u00e1 la pr\u00f3xima meta deportiva del fueguino quien intentar\u00e1 repetir el triunfo alcanzado durante el a\u00f1o 2014, sabiendo que el medio mec\u00e1nico viene respondiendo del modo esperado y el resultado puede llegar a la brevedad.<\/p>\n<p>Como viene ocurriendo desde comienzo de temporada, el piloto de Tierra del Fuego llega con atenci\u00f3n de Lucas Benincasa y motores de Sebasti\u00e1n Colombo sobre su VW Gol Trend, con el cual pretende seguir siendo uno de los principales animadores del campeonato tal como lo viene consiguiendo hasta el momento, ocupando la tercera ubicaci\u00f3n del mismo y con la tranquilidad de haber demostrado en las dos primeras competencias que el rendimiento de su auto se mantiene con un constante ascenso que intentar\u00e1 seguir plasmando el fin de semana en el trazado entrerriano.<\/p>\n<p>De la mano de su equipo de trabajo, el VW Gol Trend ha pasado por un repaso general y contar\u00e1 con nuevos elementos en lo que respecta al chasis del auto N\u00b0 6, sumado a algunas mejoras que se realizaron sobre el motor y que resultar\u00e1n fundamentales teniendo en cuenta las caracter\u00edsticas del trazado de Concordia, en donde Lucas buscar\u00e1 hacerse de su primer triunfo del a\u00f1o.<\/p>\n<p><span style=\"color: #0000ff;\">\u201cLlegamos con un auto que viene siendo muy rendidor y siendo protagonistas del campeonato. La intenci\u00f3n ser\u00e1 conseguir otro gran resultado para poder acercarnos al primer lugar y seguir adelante con el buen a\u00f1o que venimos teniendo dentro de la Clase Tres. El hecho de visitar Concordia me trae grandes recuerdos por el triunfo conseguido el a\u00f1o pasado y apuesto a poder repetir este a\u00f1o, ojal\u00e1 pueda conseguirse\u201d<\/span> indic\u00f3 el ushuaiense en la previa del fin de semana.<\/p>\n<p>Lucas Yerobi agradece el apoyo brindado a \u201cGr\u00faas Delta, Agua Jony, Hertz, Orange Car Wash, Seinco Servicios y Log\u00edstica, VM Repuestos, Municipalidad de Ushuaia, El Diario Del Fin Del Mundo, Pizza Bely, La 97 Radio Fueguina, Escale Andina, Argentina Publicidad, John Foos, La Cien.1, Azzurra, El Gran Corsini, Almar Construcciones y Club Del Pastor Blanco Suizo\u201d<\/p>\n<div class='epvc-post-count'><span class='epvc-eye'><\/span>  <span class=\"epvc-count\"> 1.068<\/span><span class='epvc-label'> veces le\u00edda<\/span><\/div>\n<div class=\"jwsharethis\">\nShare this: \n<br \/>\n<a href=\"mailto:?subject=Repetir%20victoria%2C%20la%20meta%20de%20Lucas%20%20%C2%A0&amp;body=http%3A%2F%2Flabestiadeportiva.com%2Flbd%2Frepetir-victoria-la-meta-de-lucas%2F\">\n<img src=\"http:\/\/labestiadeportiva.com\/lbd\/wp-content\/plugins\/jw-share-this\/email.png\" alt=\"Share this page via Email\" \/>\n<\/a>\n<a target=\"_blank\" href=\"http:\/\/www.stumbleupon.com\/submit?url=http%3A%2F%2Flabestiadeportiva.com%2Flbd%2Frepetir-victoria-la-meta-de-lucas%2F&amp;title=Repetir+victoria%2C+la+meta+de+Lucas++%C2%A0\">\n<img src=\"http:\/\/labestiadeportiva.com\/lbd\/wp-content\/plugins\/jw-share-this\/su.png\" alt=\"Share this page via Stumble Upon\" \/>\n<\/a>\n<a target=\"_blank\" href=\"http:\/\/digg.com\/submit?url=http%3A%2F%2Flabestiadeportiva.com%2Flbd%2Frepetir-victoria-la-meta-de-lucas%2F&amp;title=Repetir+victoria%2C+la+meta+de+Lucas++%C2%A0\">\n<img src=\"http:\/\/labestiadeportiva.com\/lbd\/wp-content\/plugins\/jw-share-this\/digg.png\" alt=\"Share this page via Digg this\" \/>\n<\/a>\n<a target=\"_blank\" href=\"http:\/\/www.facebook.com\/sharer.php?u=http%3A%2F%2Flabestiadeportiva.com%2Flbd%2Frepetir-victoria-la-meta-de-lucas%2F&amp;t=Repetir+victoria%2C+la+meta+de+Lucas++%C2%A0\">\n<img src=\"http:\/\/labestiadeportiva.com\/lbd\/wp-content\/plugins\/jw-share-this\/fb.png\" alt=\"Share this page via Facebook\" \/>\n<\/a>\n<a target=\"_blank\" href=\"http:\/\/twitter.com\/intent\/tweet?text=I+like+http%3A%2F%2Flabestiadeportiva.com%2Flbd%2Frepetir-victoria-la-meta-de-lucas%2F&amp;title=Repetir+victoria%2C+la+meta+de+Lucas++%C2%A0\">\n<img src=\"http:\/\/labestiadeportiva.com\/lbd\/wp-content\/plugins\/jw-share-this\/twitter.png\" alt=\"Share this page via Twitter\" \/>\n<\/a>\n<\/div>\n","protected":false},"excerpt":{"rendered":"<p>El piloto ushuaiense, Lucas Yerobi, se presentar\u00e1 en el aut\u00f3dromo \u201cCiudad de Concordia\u201d, escenario que lo vio ganador en su la \u00faltima visita de la categor\u00eda. Ser\u00e1 en el marco de la 3\u00b0 fecha de la clase mayor del Turismo Pista. Fuente y foto prensa Lucas Yerobi. 1.068 veces le\u00edda Share this:<\/p>\n","protected":false},"author":1,"featured_media":15244,"comment_status":"open","ping_status":"open","sticky":false,"template":"","format":"standard","meta":[],"categories":[5,6,1],"tags":[524,152,808],"_links":{"self":[{"href":"http:\/\/labestiadeportiva.com\/lbd\/wp-json\/wp\/v2\/posts\/15243"}],"collection":[{"href":"http:\/\/labestiadeportiva.com\/lbd\/wp-json\/wp\/v2\/posts"}],"about":[{"href":"http:\/\/labestiadeportiva.com\/lbd\/wp-json\/wp\/v2\/types\/post"}],"author":[{"embeddable":true,"href":"http:\/\/labestiadeportiva.com\/lbd\/wp-json\/wp\/v2\/users\/1"}],"replies":[{"embeddable":true,"href":"http:\/\/labestiadeportiva.com\/lbd\/wp-json\/wp\/v2\/comments?post=15243"}],"version-history":[{"count":1,"href":"http:\/\/labestiadeportiva.com\/lbd\/wp-json\/wp\/v2\/posts\/15243\/revisions"}],"predecessor-version":[{"id":15245,"href":"http:\/\/labestiadeportiva.com\/lbd\/wp-json\/wp\/v2\/posts\/15243\/revisions\/15245"}],"wp:featuredmedia":[{"embeddable":true,"href":"http:\/\/labestiadeportiva.com\/lbd\/wp-json\/wp\/v2\/media\/15244"}],"wp:attachment":[{"href":"http:\/\/labestiadeportiva.com\/lbd\/wp-json\/wp\/v2\/media?parent=15243"}],"wp:term":[{"taxonomy":"category","embeddable":true,"href":"http:\/\/labestiadeportiva.com\/lbd\/wp-json\/wp\/v2\/categories?post=15243"},{"taxonomy":"post_tag","embeddable":true,"href":"http:\/\/labestiadeportiva.com\/lbd\/wp-json\/wp\/v2\/tags?post=15243"}],"curies":[{"name":"wp","href":"https:\/\/api.w.org\/{rel}","templated":true}]}}