{"id":15399,"date":"2015-04-28T01:42:15","date_gmt":"2015-04-28T04:42:15","guid":{"rendered":"http:\/\/labestiadeportiva.com\/lbd\/?p=15399"},"modified":"2015-04-28T01:42:15","modified_gmt":"2015-04-28T04:42:15","slug":"el-rojo-sobre-el-azul-por-la-minima","status":"publish","type":"post","link":"http:\/\/labestiadeportiva.com\/lbd\/el-rojo-sobre-el-azul-por-la-minima\/","title":{"rendered":"El Rojo sobre el Azul, por la m\u00ednima"},"content":{"rendered":"<p>Por Gabriel Torres (Hockey para LBD)<\/p>\n<p><a href=\"http:\/\/labestiadeportiva.com\/lbd\/wp-content\/uploads\/2015\/04\/ZDF_6182-1.jpg\"><img loading=\"lazy\" class=\"alignleft size-medium wp-image-15403\" src=\"http:\/\/labestiadeportiva.com\/lbd\/wp-content\/uploads\/2015\/04\/ZDF_6182-1-300x169.jpg\" alt=\"ZDF_6182 (1)\" width=\"300\" height=\"169\" srcset=\"http:\/\/labestiadeportiva.com\/lbd\/wp-content\/uploads\/2015\/04\/ZDF_6182-1-300x169.jpg 300w, http:\/\/labestiadeportiva.com\/lbd\/wp-content\/uploads\/2015\/04\/ZDF_6182-1.jpg 800w\" sizes=\"(max-width: 300px) 100vw, 300px\" \/><\/a>Culmin\u00f3 el domingo el segundo Torneo de Mami hockey organizado por la Polic\u00eda Provincial en instalaciones de su gimnasio \u201cSargento 1\u00b0 Ignacio Molina\u201d. Nueve equipos fueron de la partida. La competencia se jug\u00f3 en tres jornadas. La definici\u00f3n de la competencia fue entre los dos equipos del URC donde el combinado rojo se impuso al azul por 1 a 0. El tercer escal\u00f3n del podio le correspondi\u00f3 al conjunto de Las \u00c1guilas.<!--more--><\/p>\n<p><a href=\"http:\/\/labestiadeportiva.com\/lbd\/wp-content\/uploads\/2015\/04\/MG_6701.jpg\"><img loading=\"lazy\" class=\"aligncenter size-medium wp-image-15401\" src=\"http:\/\/labestiadeportiva.com\/lbd\/wp-content\/uploads\/2015\/04\/MG_6701-300x185.jpg\" alt=\"_MG_6701\" width=\"300\" height=\"185\" srcset=\"http:\/\/labestiadeportiva.com\/lbd\/wp-content\/uploads\/2015\/04\/MG_6701-300x185.jpg 300w, http:\/\/labestiadeportiva.com\/lbd\/wp-content\/uploads\/2015\/04\/MG_6701.jpg 800w\" sizes=\"(max-width: 300px) 100vw, 300px\" \/><\/a>Con la participaci\u00f3n de nueve equipos en la divisional mami hockey, con 40 partidos que se jugaron desde el viernes 24 al domingo 26 y con una excelente organizaci\u00f3n por parte de los generadores de esta buena idea, las damas tuvieron su torneo en el cual fueron las principales atracciones de las extensas jornadas deportivas del fin de semana.<\/p>\n<p>Cada partido se jugaba con el alma, a veces los errores t\u00e9cnicos se cubr\u00edan con el esp\u00edritu y la acci\u00f3n de pelear cada pelota como si fuera la \u00faltima y cuando llegaba el gol, era la dicha m\u00e1xima de haber conseguido estar en las puertas del Olimpo.<\/p>\n<p><a href=\"http:\/\/labestiadeportiva.com\/lbd\/wp-content\/uploads\/2015\/04\/MG_6718.jpg\"><img loading=\"lazy\" class=\"aligncenter size-medium wp-image-15402\" src=\"http:\/\/labestiadeportiva.com\/lbd\/wp-content\/uploads\/2015\/04\/MG_6718-300x182.jpg\" alt=\"_MG_6718\" width=\"300\" height=\"182\" srcset=\"http:\/\/labestiadeportiva.com\/lbd\/wp-content\/uploads\/2015\/04\/MG_6718-300x182.jpg 300w, http:\/\/labestiadeportiva.com\/lbd\/wp-content\/uploads\/2015\/04\/MG_6718.jpg 800w\" sizes=\"(max-width: 300px) 100vw, 300px\" \/><\/a>Si bien en Tierra del Fuego no se puede establecer un reglamento espec\u00edfico para la divisional, las edades fueron desde los 25 a\u00f1os en adelante. Pero todos los equipos demostraron estar en el nivel de juego por lo que se vieron partidos muy interesantes y llenos de emoci\u00f3n.<\/p>\n<p>Los que pudieron llegar a las semifinales fueron Ateneo, URC con sus equipos Rojo y Azul y el Club Las \u00c1guilas.<\/p>\n<p>En la primera semifinal se vieron las caras el primer equipo clasificado que fue Ateneo que jug\u00f3 con Ushuaia Rugby Club que hab\u00eda salido tercero.<\/p>\n<p><a href=\"http:\/\/labestiadeportiva.com\/lbd\/wp-content\/uploads\/2015\/04\/MG_6717.jpg\"><img loading=\"lazy\" class=\"aligncenter size-medium wp-image-15400\" src=\"http:\/\/labestiadeportiva.com\/lbd\/wp-content\/uploads\/2015\/04\/MG_6717-300x180.jpg\" alt=\"_MG_6717\" width=\"300\" height=\"180\" srcset=\"http:\/\/labestiadeportiva.com\/lbd\/wp-content\/uploads\/2015\/04\/MG_6717-300x180.jpg 300w, http:\/\/labestiadeportiva.com\/lbd\/wp-content\/uploads\/2015\/04\/MG_6717.jpg 800w\" sizes=\"(max-width: 300px) 100vw, 300px\" \/><\/a>Triunfo para el tricolor por dos tantos a cero que lo depositaba en la final, dejando fuera de esta al equipo que le hab\u00eda ganado la final de este mismo torneo en el 2014.<\/p>\n<p>En la segunda semifinal, jugaron URC equipo Azul que hab\u00eda quedado segundo en la clasificaci\u00f3n ante Club Las \u00c1guilas. Fue triunfo para URC por la m\u00ednima diferencia y de esta manera el Ushuaia Rugby Club se consagr\u00f3 campe\u00f3n del torneo al dejar a sus dos equipos en la final de la Copa 130 Aniversario.<\/p>\n<p>Por el tercer puesto, el Club Las \u00c1guilas se impuso a Club Ateneo y quedo en el podio. Luego vino la final que la jugaron los dos equipos del \u201cTricolor\u201d donde el URC Rojo se impuso al Azul por uno a cero.<\/p>\n<p><span style=\"color: #0000ff;\"><a href=\"http:\/\/labestiadeportiva.com\/lbd\/wp-content\/uploads\/2015\/04\/MG_6702.jpg\"><img loading=\"lazy\" class=\"aligncenter size-medium wp-image-15404\" src=\"http:\/\/labestiadeportiva.com\/lbd\/wp-content\/uploads\/2015\/04\/MG_6702-300x140.jpg\" alt=\"_MG_6702\" width=\"300\" height=\"140\" srcset=\"http:\/\/labestiadeportiva.com\/lbd\/wp-content\/uploads\/2015\/04\/MG_6702-300x140.jpg 300w, http:\/\/labestiadeportiva.com\/lbd\/wp-content\/uploads\/2015\/04\/MG_6702-520x245.jpg 520w, http:\/\/labestiadeportiva.com\/lbd\/wp-content\/uploads\/2015\/04\/MG_6702.jpg 800w\" sizes=\"(max-width: 300px) 100vw, 300px\" \/><\/a>Principales Posiciones Finales<\/span><\/p>\n<p><span style=\"color: #ff0000;\">1\u00b0 URC Rojo<\/span><\/p>\n<p>2\u00b0 URC Azul<\/p>\n<p>3\u00b0 Las \u00c1guilas<\/p>\n<p>4\u00b0 Ateneo<\/p>\n<p>Valla menos vencida: Marinela Barrios (URC)<\/p>\n<p>Jugadora destacada: Patricia Mu\u00f1iz (URC)<\/p>\n<p>Ten\u00eda raz\u00f3n el gran Ricardo Arjona con su canci\u00f3n \u00a8Se\u00f1ora de las cuatro d\u00e9cadas\u00a8<\/p>\n<p>\u00a8Se\u00f1ora de las cuatro d\u00e9cadas<\/p>\n<p>Y pisadas de fuego al andar<\/p>\n<p>Su figura ya no es la de los quince<\/p>\n<p>Pero el tiempo no sabe marchitar<\/p>\n<p>Se\u00f1ora<\/p>\n<p>No le quite a\u00f1os a su vida<\/p>\n<p>P\u00f3ngale vida a los a\u00f1os que es mejor\u00a8<\/p>\n<div class='epvc-post-count'><span class='epvc-eye'><\/span>  <span class=\"epvc-count\"> 1.421<\/span><span class='epvc-label'> veces le\u00edda<\/span><\/div>\n<div class=\"jwsharethis\">\nShare this: \n<br \/>\n<a href=\"mailto:?subject=El%20Rojo%20sobre%20el%20Azul%2C%20por%20la%20m%C3%ADnima&amp;body=http%3A%2F%2Flabestiadeportiva.com%2Flbd%2Fel-rojo-sobre-el-azul-por-la-minima%2F\">\n<img src=\"http:\/\/labestiadeportiva.com\/lbd\/wp-content\/plugins\/jw-share-this\/email.png\" alt=\"Share this page via Email\" \/>\n<\/a>\n<a target=\"_blank\" href=\"http:\/\/www.stumbleupon.com\/submit?url=http%3A%2F%2Flabestiadeportiva.com%2Flbd%2Fel-rojo-sobre-el-azul-por-la-minima%2F&amp;title=El+Rojo+sobre+el+Azul%2C+por+la+m%C3%ADnima\">\n<img src=\"http:\/\/labestiadeportiva.com\/lbd\/wp-content\/plugins\/jw-share-this\/su.png\" alt=\"Share this page via Stumble Upon\" \/>\n<\/a>\n<a target=\"_blank\" href=\"http:\/\/digg.com\/submit?url=http%3A%2F%2Flabestiadeportiva.com%2Flbd%2Fel-rojo-sobre-el-azul-por-la-minima%2F&amp;title=El+Rojo+sobre+el+Azul%2C+por+la+m%C3%ADnima\">\n<img src=\"http:\/\/labestiadeportiva.com\/lbd\/wp-content\/plugins\/jw-share-this\/digg.png\" alt=\"Share this page via Digg this\" \/>\n<\/a>\n<a target=\"_blank\" href=\"http:\/\/www.facebook.com\/sharer.php?u=http%3A%2F%2Flabestiadeportiva.com%2Flbd%2Fel-rojo-sobre-el-azul-por-la-minima%2F&amp;t=El+Rojo+sobre+el+Azul%2C+por+la+m%C3%ADnima\">\n<img src=\"http:\/\/labestiadeportiva.com\/lbd\/wp-content\/plugins\/jw-share-this\/fb.png\" alt=\"Share this page via Facebook\" \/>\n<\/a>\n<a target=\"_blank\" href=\"http:\/\/twitter.com\/intent\/tweet?text=I+like+http%3A%2F%2Flabestiadeportiva.com%2Flbd%2Fel-rojo-sobre-el-azul-por-la-minima%2F&amp;title=El+Rojo+sobre+el+Azul%2C+por+la+m%C3%ADnima\">\n<img src=\"http:\/\/labestiadeportiva.com\/lbd\/wp-content\/plugins\/jw-share-this\/twitter.png\" alt=\"Share this page via Twitter\" \/>\n<\/a>\n<\/div>\n","protected":false},"excerpt":{"rendered":"<p>Por Gabriel Torres (Hockey para LBD) Culmin\u00f3 el domingo el segundo Torneo de Mami hockey organizado por la Polic\u00eda Provincial en instalaciones de su gimnasio \u201cSargento 1\u00b0 Ignacio Molina\u201d. Nueve equipos fueron de la partida. La competencia se jug\u00f3 en tres jornadas. La definici\u00f3n de la competencia fue entre los dos equipos del URC donde &hellip; <a href=\"http:\/\/labestiadeportiva.com\/lbd\/el-rojo-sobre-el-azul-por-la-minima\/\" class=\"more-link\">Seguir leyendo <span class=\"screen-reader-text\">El Rojo sobre el Azul, por la m\u00ednima<\/span> <span class=\"meta-nav\">&rarr;<\/span><\/a><\/p>\n","protected":false},"author":1,"featured_media":15403,"comment_status":"open","ping_status":"open","sticky":false,"template":"","format":"standard","meta":[],"categories":[5,1],"tags":[32,1521,2116,2115],"_links":{"self":[{"href":"http:\/\/labestiadeportiva.com\/lbd\/wp-json\/wp\/v2\/posts\/15399"}],"collection":[{"href":"http:\/\/labestiadeportiva.com\/lbd\/wp-json\/wp\/v2\/posts"}],"about":[{"href":"http:\/\/labestiadeportiva.com\/lbd\/wp-json\/wp\/v2\/types\/post"}],"author":[{"embeddable":true,"href":"http:\/\/labestiadeportiva.com\/lbd\/wp-json\/wp\/v2\/users\/1"}],"replies":[{"embeddable":true,"href":"http:\/\/labestiadeportiva.com\/lbd\/wp-json\/wp\/v2\/comments?post=15399"}],"version-history":[{"count":1,"href":"http:\/\/labestiadeportiva.com\/lbd\/wp-json\/wp\/v2\/posts\/15399\/revisions"}],"predecessor-version":[{"id":15405,"href":"http:\/\/labestiadeportiva.com\/lbd\/wp-json\/wp\/v2\/posts\/15399\/revisions\/15405"}],"wp:featuredmedia":[{"embeddable":true,"href":"http:\/\/labestiadeportiva.com\/lbd\/wp-json\/wp\/v2\/media\/15403"}],"wp:attachment":[{"href":"http:\/\/labestiadeportiva.com\/lbd\/wp-json\/wp\/v2\/media?parent=15399"}],"wp:term":[{"taxonomy":"category","embeddable":true,"href":"http:\/\/labestiadeportiva.com\/lbd\/wp-json\/wp\/v2\/categories?post=15399"},{"taxonomy":"post_tag","embeddable":true,"href":"http:\/\/labestiadeportiva.com\/lbd\/wp-json\/wp\/v2\/tags?post=15399"}],"curies":[{"name":"wp","href":"https:\/\/api.w.org\/{rel}","templated":true}]}}