{"id":15415,"date":"2015-04-28T17:54:26","date_gmt":"2015-04-28T20:54:26","guid":{"rendered":"http:\/\/labestiadeportiva.com\/lbd\/?p=15415"},"modified":"2015-04-28T18:02:06","modified_gmt":"2015-04-28T21:02:06","slug":"giustozzi-y-pizzi-con-lbd","status":"publish","type":"post","link":"http:\/\/labestiadeportiva.com\/lbd\/giustozzi-y-pizzi-con-lbd\/","title":{"rendered":"Giustozzi y Pizzi con LBD (Audio)"},"content":{"rendered":"<p><a href=\"http:\/\/labestiadeportiva.com\/lbd\/wp-content\/uploads\/2015\/04\/MG_6687.jpg\"><img loading=\"lazy\" class=\"alignleft size-medium wp-image-15416\" src=\"http:\/\/labestiadeportiva.com\/lbd\/wp-content\/uploads\/2015\/04\/MG_6687-300x268.jpg\" alt=\"_MG_6687\" width=\"300\" height=\"268\" srcset=\"http:\/\/labestiadeportiva.com\/lbd\/wp-content\/uploads\/2015\/04\/MG_6687-300x268.jpg 300w, http:\/\/labestiadeportiva.com\/lbd\/wp-content\/uploads\/2015\/04\/MG_6687.jpg 672w\" sizes=\"(max-width: 300px) 100vw, 300px\" \/><\/a><a href=\"http:\/\/labestiadeportiva.com\/lbd\/wp-content\/uploads\/2015\/04\/MG_6690.jpg\"><img loading=\"lazy\" class=\"aligncenter size-medium wp-image-15417\" src=\"http:\/\/labestiadeportiva.com\/lbd\/wp-content\/uploads\/2015\/04\/MG_6690-300x221.jpg\" alt=\"_MG_6690\" width=\"300\" height=\"221\" srcset=\"http:\/\/labestiadeportiva.com\/lbd\/wp-content\/uploads\/2015\/04\/MG_6690-300x221.jpg 300w, http:\/\/labestiadeportiva.com\/lbd\/wp-content\/uploads\/2015\/04\/MG_6690.jpg 800w\" sizes=\"(max-width: 300px) 100vw, 300px\" \/><\/a>El entrenador y preparador f\u00edsico de la Selecci\u00f3n Argentina de Futsal AFA, Diego Giustozzi y Esteban Pizzi visitaron la capital provincial durante el fin de semana. Capacitaci\u00f3n en el gimnasio de Campolter ante m\u00e1s de 70 asistentes. Desde LBD dialogamos con ambos en busca del balance de los cursos dictados en Ushuaia y R\u00edo Grande como as\u00ed tambi\u00e9n el an\u00e1lisis del presente salonero de nuestro pa\u00eds. <!--more--><\/p>\n<p><iframe loading=\"lazy\" src=\"https:\/\/www.youtube.com\/embed\/AHTQb5mUy1I\" width=\"560\" height=\"315\" frameborder=\"0\" allowfullscreen=\"allowfullscreen\"><\/iframe><\/p>\n<div class='epvc-post-count'><span class='epvc-eye'><\/span>  <span class=\"epvc-count\"> 2.776<\/span><span class='epvc-label'> veces le\u00edda<\/span><\/div>\n<div class=\"jwsharethis\">\nShare this: \n<br \/>\n<a href=\"mailto:?subject=Giustozzi%20y%20Pizzi%20con%20LBD%20%28Audio%29&amp;body=http%3A%2F%2Flabestiadeportiva.com%2Flbd%2Fgiustozzi-y-pizzi-con-lbd%2F\">\n<img src=\"http:\/\/labestiadeportiva.com\/lbd\/wp-content\/plugins\/jw-share-this\/email.png\" alt=\"Share this page via Email\" \/>\n<\/a>\n<a target=\"_blank\" href=\"http:\/\/www.stumbleupon.com\/submit?url=http%3A%2F%2Flabestiadeportiva.com%2Flbd%2Fgiustozzi-y-pizzi-con-lbd%2F&amp;title=Giustozzi+y+Pizzi+con+LBD+%28Audio%29\">\n<img src=\"http:\/\/labestiadeportiva.com\/lbd\/wp-content\/plugins\/jw-share-this\/su.png\" alt=\"Share this page via Stumble Upon\" \/>\n<\/a>\n<a target=\"_blank\" href=\"http:\/\/digg.com\/submit?url=http%3A%2F%2Flabestiadeportiva.com%2Flbd%2Fgiustozzi-y-pizzi-con-lbd%2F&amp;title=Giustozzi+y+Pizzi+con+LBD+%28Audio%29\">\n<img src=\"http:\/\/labestiadeportiva.com\/lbd\/wp-content\/plugins\/jw-share-this\/digg.png\" alt=\"Share this page via Digg this\" \/>\n<\/a>\n<a target=\"_blank\" href=\"http:\/\/www.facebook.com\/sharer.php?u=http%3A%2F%2Flabestiadeportiva.com%2Flbd%2Fgiustozzi-y-pizzi-con-lbd%2F&amp;t=Giustozzi+y+Pizzi+con+LBD+%28Audio%29\">\n<img src=\"http:\/\/labestiadeportiva.com\/lbd\/wp-content\/plugins\/jw-share-this\/fb.png\" alt=\"Share this page via Facebook\" \/>\n<\/a>\n<a target=\"_blank\" href=\"http:\/\/twitter.com\/intent\/tweet?text=I+like+http%3A%2F%2Flabestiadeportiva.com%2Flbd%2Fgiustozzi-y-pizzi-con-lbd%2F&amp;title=Giustozzi+y+Pizzi+con+LBD+%28Audio%29\">\n<img src=\"http:\/\/labestiadeportiva.com\/lbd\/wp-content\/plugins\/jw-share-this\/twitter.png\" alt=\"Share this page via Twitter\" \/>\n<\/a>\n<\/div>\n","protected":false},"excerpt":{"rendered":"<p>El entrenador y preparador f\u00edsico de la Selecci\u00f3n Argentina de Futsal AFA, Diego Giustozzi y Esteban Pizzi visitaron la capital provincial durante el fin de semana. Capacitaci\u00f3n en el gimnasio de Campolter ante m\u00e1s de 70 asistentes. Desde LBD dialogamos con ambos en busca del balance de los cursos dictados en Ushuaia y R\u00edo Grande &hellip; <a href=\"http:\/\/labestiadeportiva.com\/lbd\/giustozzi-y-pizzi-con-lbd\/\" class=\"more-link\">Seguir leyendo <span class=\"screen-reader-text\">Giustozzi y Pizzi con LBD (Audio)<\/span> <span class=\"meta-nav\">&rarr;<\/span><\/a><\/p>\n","protected":false},"author":1,"featured_media":15416,"comment_status":"open","ping_status":"open","sticky":false,"template":"","format":"standard","meta":[],"categories":[5,4,6,60,1],"tags":[941,4838,30,2117,88],"_links":{"self":[{"href":"http:\/\/labestiadeportiva.com\/lbd\/wp-json\/wp\/v2\/posts\/15415"}],"collection":[{"href":"http:\/\/labestiadeportiva.com\/lbd\/wp-json\/wp\/v2\/posts"}],"about":[{"href":"http:\/\/labestiadeportiva.com\/lbd\/wp-json\/wp\/v2\/types\/post"}],"author":[{"embeddable":true,"href":"http:\/\/labestiadeportiva.com\/lbd\/wp-json\/wp\/v2\/users\/1"}],"replies":[{"embeddable":true,"href":"http:\/\/labestiadeportiva.com\/lbd\/wp-json\/wp\/v2\/comments?post=15415"}],"version-history":[{"count":3,"href":"http:\/\/labestiadeportiva.com\/lbd\/wp-json\/wp\/v2\/posts\/15415\/revisions"}],"predecessor-version":[{"id":15420,"href":"http:\/\/labestiadeportiva.com\/lbd\/wp-json\/wp\/v2\/posts\/15415\/revisions\/15420"}],"wp:featuredmedia":[{"embeddable":true,"href":"http:\/\/labestiadeportiva.com\/lbd\/wp-json\/wp\/v2\/media\/15416"}],"wp:attachment":[{"href":"http:\/\/labestiadeportiva.com\/lbd\/wp-json\/wp\/v2\/media?parent=15415"}],"wp:term":[{"taxonomy":"category","embeddable":true,"href":"http:\/\/labestiadeportiva.com\/lbd\/wp-json\/wp\/v2\/categories?post=15415"},{"taxonomy":"post_tag","embeddable":true,"href":"http:\/\/labestiadeportiva.com\/lbd\/wp-json\/wp\/v2\/tags?post=15415"}],"curies":[{"name":"wp","href":"https:\/\/api.w.org\/{rel}","templated":true}]}}