{"id":15421,"date":"2015-04-29T02:10:36","date_gmt":"2015-04-29T05:10:36","guid":{"rendered":"http:\/\/labestiadeportiva.com\/lbd\/?p=15421"},"modified":"2015-04-29T18:04:34","modified_gmt":"2015-04-29T21:04:34","slug":"berti-gomez-y-pavlov-los-duenos-de-la-3","status":"publish","type":"post","link":"http:\/\/labestiadeportiva.com\/lbd\/berti-gomez-y-pavlov-los-duenos-de-la-3\/","title":{"rendered":"Berti, G\u00f3mez y Pavlov los due\u00f1os de la 3\u00b0"},"content":{"rendered":"<p>Por Mauricio Zentner Lavori (Automovilismo para LBD)<\/p>\n<p><a href=\"http:\/\/labestiadeportiva.com\/lbd\/wp-content\/uploads\/2015\/04\/MG_6739.jpg\"><img loading=\"lazy\" class=\"alignleft size-medium wp-image-15422\" src=\"http:\/\/labestiadeportiva.com\/lbd\/wp-content\/uploads\/2015\/04\/MG_6739-300x158.jpg\" alt=\"_MG_6739\" width=\"300\" height=\"158\" srcset=\"http:\/\/labestiadeportiva.com\/lbd\/wp-content\/uploads\/2015\/04\/MG_6739-300x158.jpg 300w, http:\/\/labestiadeportiva.com\/lbd\/wp-content\/uploads\/2015\/04\/MG_6739.jpg 800w\" sizes=\"(max-width: 300px) 100vw, 300px\" \/><\/a>Mucha era la expectativa ante una nueva fecha, la segunda de las tres que marca el calendario debido a la suspensi\u00f3n de la primera por falta de ambulancia. Y con un parque sumamente mejorado respecto a la cita inaugural en Rio Grande a pesar del fr\u00edo clima reinante, pero mejor que la lluvia del norte de la isla, el karting de la APKU 2000 y la AFK vivi\u00f3 otra jornada excelente.<!--more--><\/p>\n<p>Todo comenz\u00f3 alrededor del mediod\u00eda con la disputa de las clasificaciones, como es costumbre, donde Valentino Berti rompi\u00f3 la hegemon\u00eda que hab\u00eda plasmado Jerem\u00edas Dold\u00e1n en las pruebas libres dentro de los m\u00e1s chicos (Stihl). En tanto Luca Garc\u00eda (Zanella Juniors), Exequiel Barr\u00eda (Sudam Seniors) y Emilio Pavlov (Zanella Masters) impusieron el ritmo en los segmentos mayores.<\/p>\n<p><a href=\"http:\/\/labestiadeportiva.com\/lbd\/wp-content\/uploads\/2015\/04\/MG_6735.jpg\"><img loading=\"lazy\" class=\"aligncenter size-medium wp-image-15423\" src=\"http:\/\/labestiadeportiva.com\/lbd\/wp-content\/uploads\/2015\/04\/MG_6735-300x217.jpg\" alt=\"_MG_6735\" width=\"300\" height=\"217\" srcset=\"http:\/\/labestiadeportiva.com\/lbd\/wp-content\/uploads\/2015\/04\/MG_6735-300x217.jpg 300w, http:\/\/labestiadeportiva.com\/lbd\/wp-content\/uploads\/2015\/04\/MG_6735.jpg 800w\" sizes=\"(max-width: 300px) 100vw, 300px\" \/><\/a>A continuaci\u00f3n lleg\u00f3 el turno de las series donde Valentino Berti mantuvo su excelente performance dominando de principio a fin seguido de Thomas \u00c1lvarez mientras que sorprendi\u00f3 el bajo nivel de Jerem\u00edas Dold\u00e1n, el ganador de la primera fecha, arribando cuarto al banderazo a cuadros.<\/p>\n<p>En la Zanella Juniors la experiencia jug\u00f3 un papel fundamental porque el poleman Garc\u00eda, proveniente de la Stihl, mantuvo la posici\u00f3n de privilegio con categor\u00eda hasta los \u00faltimos giros cuando un trompo lo dej\u00f3 con las manos vac\u00edas entregando en manos de Mart\u00edn G\u00f3mez el triunfo secundado de Tom\u00e1s Agnes.<\/p>\n<p><a href=\"http:\/\/labestiadeportiva.com\/lbd\/wp-content\/uploads\/2015\/04\/MG_6730.jpg\"><img loading=\"lazy\" class=\"aligncenter size-medium wp-image-15424\" src=\"http:\/\/labestiadeportiva.com\/lbd\/wp-content\/uploads\/2015\/04\/MG_6730-300x186.jpg\" alt=\"_MG_6730\" width=\"300\" height=\"186\" srcset=\"http:\/\/labestiadeportiva.com\/lbd\/wp-content\/uploads\/2015\/04\/MG_6730-300x186.jpg 300w, http:\/\/labestiadeportiva.com\/lbd\/wp-content\/uploads\/2015\/04\/MG_6730.jpg 800w\" sizes=\"(max-width: 300px) 100vw, 300px\" \/><\/a>Por \u00faltimo, la Zanella Masters tuvo una serie pol\u00e9mica con el campe\u00f3n y ganador de la primera fecha, Emilio Pavlov, picando en punta hasta que fue superado por Alexis Mendoza, quien posteriormente se qued\u00f3 afuera producto de un toque, que tambi\u00e9n ech\u00f3 por tierra las posibilidades de Yair Ruano. Ceferino Satuff rompi\u00f3 motor y con estas alternativas aprovech\u00f3 el &#8216;Paleta&#8217; Lucas Garro para colarse segundo mientras que Nico Loiza complet\u00f3 el podio.<\/p>\n<p><span style=\"color: #0000ff;\"><a href=\"http:\/\/labestiadeportiva.com\/lbd\/wp-content\/uploads\/2015\/04\/MG_6752.jpg\"><img loading=\"lazy\" class=\"aligncenter size-medium wp-image-15425\" src=\"http:\/\/labestiadeportiva.com\/lbd\/wp-content\/uploads\/2015\/04\/MG_6752-300x175.jpg\" alt=\"_MG_6752\" width=\"300\" height=\"175\" srcset=\"http:\/\/labestiadeportiva.com\/lbd\/wp-content\/uploads\/2015\/04\/MG_6752-300x175.jpg 300w, http:\/\/labestiadeportiva.com\/lbd\/wp-content\/uploads\/2015\/04\/MG_6752.jpg 800w\" sizes=\"(max-width: 300px) 100vw, 300px\" \/><\/a>\u00abMe pas\u00f3 bien y lo sal\u00ed a correr hasta que lo pude volver a pasar. Se me tir\u00f3 por adentro y s\u00f3lo sent\u00ed el golpe de la rueda. A mi entender fue un toque de carrera en una curva donde no entran dos coches. Los comisarios luego decidieron que la maniobra era l\u00edcita\u00bb<\/span>, analiz\u00f3 Pavlov en di\u00e1logo exclusivo con nosotros.<\/p>\n<p>La segunda bater\u00eda de la Masters se dio por cancelada debido a que la ambulancia se ausent\u00f3 por un accidente en la segunda manga de la Juniors donde Luca Garc\u00eda volvi\u00f3 a demostrar su superlativo nivel pero un toque cuando le quitaba la vuelta a Arian Yerobi deriv\u00f3, lamentablemente, en un fuera de pista que dej\u00f3 a uno de los banderilleros lesionado. Ante esta situaci\u00f3n gan\u00f3 &#8216;Nacho&#8217; Ateiro seguido de Mart\u00edn G\u00f3mez y Franco Gim\u00e9nez.<\/p>\n<p><a href=\"http:\/\/labestiadeportiva.com\/lbd\/wp-content\/uploads\/2015\/04\/MG_6737.jpg\"><img loading=\"lazy\" class=\"aligncenter size-medium wp-image-15426\" src=\"http:\/\/labestiadeportiva.com\/lbd\/wp-content\/uploads\/2015\/04\/MG_6737-300x125.jpg\" alt=\"_MG_6737\" width=\"300\" height=\"125\" srcset=\"http:\/\/labestiadeportiva.com\/lbd\/wp-content\/uploads\/2015\/04\/MG_6737-300x125.jpg 300w, http:\/\/labestiadeportiva.com\/lbd\/wp-content\/uploads\/2015\/04\/MG_6737.jpg 800w\" sizes=\"(max-width: 300px) 100vw, 300px\" \/><\/a>Dicho esto llegaba el turno de las finales. En la Stihl el dominador se mantuvo, porque Valentino Berti desde el comienzo se separ\u00f3 de sus perseguidores y, beneficiado por la lucha entre Tom\u00e1s Russo y Thomas \u00c1lvarez, no tuvo problemas para adue\u00f1arse de su primera victoria en la temporada en tanto que Russo mostr\u00f3 todo su potencial preservando la colocaci\u00f3n sobre \u00c1lvarez mientras que Dold\u00e1n concluy\u00f3 en cuarto puesto.<\/p>\n<p>Para la Zanella Juniors fue algo parecido. Mart\u00edn G\u00f3mez agarr\u00f3 la punta y no la solt\u00f3 hasta el final, quebrando la mala racha que no le permit\u00eda alzarse con una victoria.<\/p>\n<p>Ignacio Ateiro fue segundo aprovechando la rotura del motor de Tom\u00e1s Agnes que hizo el gran desgaste de la carrera en tanto que el pibe Luca Garc\u00eda cosech\u00f3 un podio que sirvi\u00f3 para apacig\u00fcar la mala fortuna de ambas series cuando ven\u00eda liderando y cometi\u00f3 errores.<\/p>\n<p><a href=\"http:\/\/labestiadeportiva.com\/lbd\/wp-content\/uploads\/2015\/04\/MG_6731.jpg\"><img loading=\"lazy\" class=\"aligncenter size-medium wp-image-15427\" src=\"http:\/\/labestiadeportiva.com\/lbd\/wp-content\/uploads\/2015\/04\/MG_6731-300x233.jpg\" alt=\"_MG_6731\" width=\"300\" height=\"233\" srcset=\"http:\/\/labestiadeportiva.com\/lbd\/wp-content\/uploads\/2015\/04\/MG_6731-300x233.jpg 300w, http:\/\/labestiadeportiva.com\/lbd\/wp-content\/uploads\/2015\/04\/MG_6731.jpg 772w\" sizes=\"(max-width: 300px) 100vw, 300px\" \/><\/a>Y por \u00faltimo, la Zanella Masters repiti\u00f3 ganador porque Emilio Pavlov ahora s\u00ed que no tuvo moros en la costa y se encamin\u00f3 tranquilo hacia la victoria despu\u00e9s de una ajustada maniobra con Lucas Garro en la largada. Sin embargo atr\u00e1s de \u00e9l se suced\u00edan las alternativas, con Loiza en segundo lugar seguido por Mendoza y Garro.<\/p>\n<p>Los dos \u00faltimos lograron superar a Loiza pero en esa encarnizada lucha quien sali\u00f3 perdiendo fue nuestro representante en la Clase 3 del Turismo Pista que, evitando un toque con Mendoza prefiri\u00f3 preservar la m\u00e1quina y termin\u00f3 haciendo un trompo resignando toda posibilidad de entrar al podio.<\/p>\n<p>A fin de cuentas gan\u00f3 Pavlov por siete segundos escoltado por Mendoza y Loiza, que ahora est\u00e1 segundo en el campeonato ante la suspensi\u00f3n que sufri\u00f3 Juan Mar\u00eda Izarra luego de los incidentes protagonizados en Rio Grande. <span style=\"color: #0000ff;\">\u00abSi bien seguimos cargando kilos el karting est\u00e1 en un nivel superlativo y eso da confianza. Ahora tenemos que seguir sumando para mantener la diferencia\u00bb<\/span>, manifest\u00f3 el gran triunfador del fin de semana.<\/p>\n<p>La pr\u00f3xima fecha (4\u00ba) se disputar\u00e1 en Rio Grande entre el 16 y 17 de mayo.<\/p>\n<p><span style=\"color: #0000ff;\"><a href=\"http:\/\/labestiadeportiva.com\/lbd\/wp-content\/uploads\/2015\/04\/MG_6726.jpg\"><img loading=\"lazy\" class=\"aligncenter size-medium wp-image-15428\" src=\"http:\/\/labestiadeportiva.com\/lbd\/wp-content\/uploads\/2015\/04\/MG_6726-300x152.jpg\" alt=\"_MG_6726\" width=\"300\" height=\"152\" srcset=\"http:\/\/labestiadeportiva.com\/lbd\/wp-content\/uploads\/2015\/04\/MG_6726-300x152.jpg 300w, http:\/\/labestiadeportiva.com\/lbd\/wp-content\/uploads\/2015\/04\/MG_6726.jpg 800w\" sizes=\"(max-width: 300px) 100vw, 300px\" \/><\/a>CAMPEONATO<\/span><br \/>\nStihl 60cc<br \/>\n<span style=\"color: #ff0000;\">1 Valentino Berti 43 puntos<\/span><br \/>\n2 Jerem\u00edas Dold\u00e1n 38 puntos<br \/>\nT-3 Tom\u00e1s Russo 28 puntos<br \/>\nT-3 Thomas \u00c1lvarez 28 puntos<br \/>\nT-3 Rafael Buet 28 puntos<br \/>\n6 Benjam\u00edn Vargas 27 puntos<br \/>\n7 Thiago Yerobi 7 puntos<\/p>\n<p>Zanella Juniors 125cc<br \/>\n<span style=\"color: #ff0000;\">1 Ignacio Ateiro 59 puntos<\/span><br \/>\n2 Franco Gim\u00e9nez 43 puntos<br \/>\n3 Tom\u00e1s Agnes 38 puntos<br \/>\n4 Mart\u00edn G\u00f3mez 34 puntos<br \/>\n5 Luca Garc\u00eda 30 puntos<br \/>\n6 Marcos Agnes 20 puntos<br \/>\n7 Arian Yerobi 9 puntos<\/p>\n<p>Zanella Masters 125cc<br \/>\n<span style=\"color: #ff0000;\">1 Emilio Pavlov 63 puntos<\/span><br \/>\n2 Nicol\u00e1s Loiza 34 puntos<br \/>\n3 Pe\u00f1a Mari\u00f1as 32 puntos<br \/>\n4 Alexis Mendoza 29 puntos<br \/>\n5 Juan Mar\u00eda Izarra 21 puntos<br \/>\n6 Pe\u00f1a El Fort\u00edn 14 puntos<br \/>\n7 Mat\u00edas Osorio 11 puntos<br \/>\n8 Claudio Amoros 1 punto<br \/>\nT-9 Yair Ruano 0 puntos<br \/>\nT-9 Ceferino Satuff 0 puntos<br \/>\nT-9 Carlos Maldonado 0 puntos<\/p>\n<div class='epvc-post-count'><span class='epvc-eye'><\/span>  <span class=\"epvc-count\"> 1.207<\/span><span class='epvc-label'> veces le\u00edda<\/span><\/div>\n<div class=\"jwsharethis\">\nShare this: \n<br \/>\n<a href=\"mailto:?subject=Berti%2C%20G%C3%B3mez%20y%20Pavlov%20los%20due%C3%B1os%20de%20la%203%C2%B0&amp;body=http%3A%2F%2Flabestiadeportiva.com%2Flbd%2Fberti-gomez-y-pavlov-los-duenos-de-la-3%2F\">\n<img src=\"http:\/\/labestiadeportiva.com\/lbd\/wp-content\/plugins\/jw-share-this\/email.png\" alt=\"Share this page via Email\" \/>\n<\/a>\n<a target=\"_blank\" href=\"http:\/\/www.stumbleupon.com\/submit?url=http%3A%2F%2Flabestiadeportiva.com%2Flbd%2Fberti-gomez-y-pavlov-los-duenos-de-la-3%2F&amp;title=Berti%2C+G%C3%B3mez+y+Pavlov+los+due%C3%B1os+de+la+3%C2%B0\">\n<img src=\"http:\/\/labestiadeportiva.com\/lbd\/wp-content\/plugins\/jw-share-this\/su.png\" alt=\"Share this page via Stumble Upon\" \/>\n<\/a>\n<a target=\"_blank\" href=\"http:\/\/digg.com\/submit?url=http%3A%2F%2Flabestiadeportiva.com%2Flbd%2Fberti-gomez-y-pavlov-los-duenos-de-la-3%2F&amp;title=Berti%2C+G%C3%B3mez+y+Pavlov+los+due%C3%B1os+de+la+3%C2%B0\">\n<img src=\"http:\/\/labestiadeportiva.com\/lbd\/wp-content\/plugins\/jw-share-this\/digg.png\" alt=\"Share this page via Digg this\" \/>\n<\/a>\n<a target=\"_blank\" href=\"http:\/\/www.facebook.com\/sharer.php?u=http%3A%2F%2Flabestiadeportiva.com%2Flbd%2Fberti-gomez-y-pavlov-los-duenos-de-la-3%2F&amp;t=Berti%2C+G%C3%B3mez+y+Pavlov+los+due%C3%B1os+de+la+3%C2%B0\">\n<img src=\"http:\/\/labestiadeportiva.com\/lbd\/wp-content\/plugins\/jw-share-this\/fb.png\" alt=\"Share this page via Facebook\" \/>\n<\/a>\n<a target=\"_blank\" href=\"http:\/\/twitter.com\/intent\/tweet?text=I+like+http%3A%2F%2Flabestiadeportiva.com%2Flbd%2Fberti-gomez-y-pavlov-los-duenos-de-la-3%2F&amp;title=Berti%2C+G%C3%B3mez+y+Pavlov+los+due%C3%B1os+de+la+3%C2%B0\">\n<img src=\"http:\/\/labestiadeportiva.com\/lbd\/wp-content\/plugins\/jw-share-this\/twitter.png\" alt=\"Share this page via Twitter\" \/>\n<\/a>\n<\/div>\n","protected":false},"excerpt":{"rendered":"<p>Por Mauricio Zentner Lavori (Automovilismo para LBD) Mucha era la expectativa ante una nueva fecha, la segunda de las tres que marca el calendario debido a la suspensi\u00f3n de la primera por falta de ambulancia. Y con un parque sumamente mejorado respecto a la cita inaugural en Rio Grande a pesar del fr\u00edo clima reinante, &hellip; <a href=\"http:\/\/labestiadeportiva.com\/lbd\/berti-gomez-y-pavlov-los-duenos-de-la-3\/\" class=\"more-link\">Seguir leyendo <span class=\"screen-reader-text\">Berti, G\u00f3mez y Pavlov los due\u00f1os de la 3\u00b0<\/span> <span class=\"meta-nav\">&rarr;<\/span><\/a><\/p>\n","protected":false},"author":1,"featured_media":15422,"comment_status":"open","ping_status":"open","sticky":false,"template":"","format":"standard","meta":[],"categories":[5,1],"tags":[428,1048,280,2118],"_links":{"self":[{"href":"http:\/\/labestiadeportiva.com\/lbd\/wp-json\/wp\/v2\/posts\/15421"}],"collection":[{"href":"http:\/\/labestiadeportiva.com\/lbd\/wp-json\/wp\/v2\/posts"}],"about":[{"href":"http:\/\/labestiadeportiva.com\/lbd\/wp-json\/wp\/v2\/types\/post"}],"author":[{"embeddable":true,"href":"http:\/\/labestiadeportiva.com\/lbd\/wp-json\/wp\/v2\/users\/1"}],"replies":[{"embeddable":true,"href":"http:\/\/labestiadeportiva.com\/lbd\/wp-json\/wp\/v2\/comments?post=15421"}],"version-history":[{"count":2,"href":"http:\/\/labestiadeportiva.com\/lbd\/wp-json\/wp\/v2\/posts\/15421\/revisions"}],"predecessor-version":[{"id":15451,"href":"http:\/\/labestiadeportiva.com\/lbd\/wp-json\/wp\/v2\/posts\/15421\/revisions\/15451"}],"wp:featuredmedia":[{"embeddable":true,"href":"http:\/\/labestiadeportiva.com\/lbd\/wp-json\/wp\/v2\/media\/15422"}],"wp:attachment":[{"href":"http:\/\/labestiadeportiva.com\/lbd\/wp-json\/wp\/v2\/media?parent=15421"}],"wp:term":[{"taxonomy":"category","embeddable":true,"href":"http:\/\/labestiadeportiva.com\/lbd\/wp-json\/wp\/v2\/categories?post=15421"},{"taxonomy":"post_tag","embeddable":true,"href":"http:\/\/labestiadeportiva.com\/lbd\/wp-json\/wp\/v2\/tags?post=15421"}],"curies":[{"name":"wp","href":"https:\/\/api.w.org\/{rel}","templated":true}]}}