{"id":15585,"date":"2015-05-09T20:01:20","date_gmt":"2015-05-09T23:01:20","guid":{"rendered":"http:\/\/labestiadeportiva.com\/lbd\/?p=15585"},"modified":"2015-05-09T20:01:20","modified_gmt":"2015-05-09T23:01:20","slug":"triunfo-y-a-la-primera-fila","status":"publish","type":"post","link":"http:\/\/labestiadeportiva.com\/lbd\/triunfo-y-a-la-primera-fila\/","title":{"rendered":"Triunfo y a la primera fila"},"content":{"rendered":"<p><a href=\"http:\/\/labestiadeportiva.com\/lbd\/wp-content\/uploads\/2015\/05\/Yerobi-S\u00e1bado.jpg\"><img loading=\"lazy\" class=\"alignleft size-medium wp-image-15586\" src=\"http:\/\/labestiadeportiva.com\/lbd\/wp-content\/uploads\/2015\/05\/Yerobi-S\u00e1bado-300x249.jpg\" alt=\"Yerobi - S\u00e1bado\" width=\"300\" height=\"249\" srcset=\"http:\/\/labestiadeportiva.com\/lbd\/wp-content\/uploads\/2015\/05\/Yerobi-S\u00e1bado-300x249.jpg 300w, http:\/\/labestiadeportiva.com\/lbd\/wp-content\/uploads\/2015\/05\/Yerobi-S\u00e1bado.jpg 578w\" sizes=\"(max-width: 300px) 100vw, 300px\" \/><\/a>La suerte no ven\u00eda estando del lado del ushuaiense Lucas Yerobi al momento de poder terminar de demostrar el funcionamiento de su VW Trend, el cual recibe atenci\u00f3n por parte de Lucas Benincasa y motores de Sebasti\u00e1n Colombo. Finalmente, esto dej\u00f3 de ocurrir y esta tarde el piloto fueguino logr\u00f3 hacerse del triunfo en su serie, manteniendo grandes chances de protagonismo en la final del domingo en el aut\u00f3dromo \u201cOscar y Ju\u00e1n G\u00e1lvez\u201d. Fuente y foto prensa Lucas Yerobi.<!--more--><\/p>\n<p>Yerobi encaraba la primer aserie en disputa partiendo desde el segundo puesto y el comienzo de la misma no daba ning\u00fan tipo de respiro, ya que r\u00e1pidamente iba en busca de la victoria pero, a su vez, las maniobras que se llevaban a cabo posibilitaban el acercamiento por parte de sus inmediatos seguidores, haciendo que la serie crezca en emotividad r\u00e1pidamente.<\/p>\n<p>Mediando las seis vueltas previstas, y luego de amenazar en reiteradas ocasiones, Lucas entr\u00f3 en contacto con el auto de Leston, quien lideraba, sin ning\u00fan tipo de intenci\u00f3n de toque pero produci\u00e9ndose el mismo y prevaleciendo finalmente el fueguino por sobre su compa\u00f1ero de equipo, comenzando a comandar la serie y sin soltar dicha condici\u00f3n hasta la bandera a cuadros. De este modo, el resultado final lo dejaba victorioso en la serie m\u00e1s lenta de la tarde y ganando el derecho de partir desde la segunda ubicaci\u00f3n en la cuarta final de la temporada.<\/p>\n<p><span style=\"color: #0000ff;\">\u201cFue una serie muy complicada pero donde mantuve siempre la calma gracias al gran auto con el cual cuento. No me gust\u00f3 el modo pero se pudo dar el sobrepaso sobre Diego\u00a0 y as\u00ed cumplir la meta de ir por la victoria. Sin dudas, es un triunfo parcial que merec\u00edan todos los chicos que trabajan sobre el auto, esperemos ma\u00f1ana terminar de redondear sabiendo que la victoria siempre es una circunstancia pero manteniendo la mente puesta en terminar entre los protagonistas y sumar puntos importantes para el campeonato\u201d<\/span> indic\u00f3 el piloto fueguino al respecto.<\/p>\n<p>La competencia final tendr\u00e1 lugar desde las 12.00 y contar\u00e1 con televisaci\u00f3n a trav\u00e9s de la pantalla de Canal 13, en vivo y en directo, junto al equipo period\u00edstico de \u201cCarburando\u201d.<\/p>\n<p>Lucas Yerobi agradece el apoyo brindado a \u201cGr\u00faas Delta, Agua Jony, Hertz, Orange Car Wash, Seinco Servicios y Log\u00edstica, VM Repuestos, Municipalidad de Ushuaia, El Diario Del Fin Del Mundo, Pizza Bely, La 97 Radio Fueguina, Escale Andina, Argentina Publicidad, John Foos, La Cien.1, Azzurra, El Gran Corsini, Almar Construcciones y Club Del Pastor Blanco Suizo\u201d<\/p>\n<p>&nbsp;<\/p>\n<div class='epvc-post-count'><span class='epvc-eye'><\/span>  <span class=\"epvc-count\"> 1.220<\/span><span class='epvc-label'> veces le\u00edda<\/span><\/div>\n<div class=\"jwsharethis\">\nShare this: \n<br \/>\n<a href=\"mailto:?subject=Triunfo%20y%20a%20la%20primera%20fila&amp;body=http%3A%2F%2Flabestiadeportiva.com%2Flbd%2Ftriunfo-y-a-la-primera-fila%2F\">\n<img src=\"http:\/\/labestiadeportiva.com\/lbd\/wp-content\/plugins\/jw-share-this\/email.png\" alt=\"Share this page via Email\" \/>\n<\/a>\n<a target=\"_blank\" href=\"http:\/\/www.stumbleupon.com\/submit?url=http%3A%2F%2Flabestiadeportiva.com%2Flbd%2Ftriunfo-y-a-la-primera-fila%2F&amp;title=Triunfo+y+a+la+primera+fila\">\n<img src=\"http:\/\/labestiadeportiva.com\/lbd\/wp-content\/plugins\/jw-share-this\/su.png\" alt=\"Share this page via Stumble Upon\" \/>\n<\/a>\n<a target=\"_blank\" href=\"http:\/\/digg.com\/submit?url=http%3A%2F%2Flabestiadeportiva.com%2Flbd%2Ftriunfo-y-a-la-primera-fila%2F&amp;title=Triunfo+y+a+la+primera+fila\">\n<img src=\"http:\/\/labestiadeportiva.com\/lbd\/wp-content\/plugins\/jw-share-this\/digg.png\" alt=\"Share this page via Digg this\" \/>\n<\/a>\n<a target=\"_blank\" href=\"http:\/\/www.facebook.com\/sharer.php?u=http%3A%2F%2Flabestiadeportiva.com%2Flbd%2Ftriunfo-y-a-la-primera-fila%2F&amp;t=Triunfo+y+a+la+primera+fila\">\n<img src=\"http:\/\/labestiadeportiva.com\/lbd\/wp-content\/plugins\/jw-share-this\/fb.png\" alt=\"Share this page via Facebook\" \/>\n<\/a>\n<a target=\"_blank\" href=\"http:\/\/twitter.com\/intent\/tweet?text=I+like+http%3A%2F%2Flabestiadeportiva.com%2Flbd%2Ftriunfo-y-a-la-primera-fila%2F&amp;title=Triunfo+y+a+la+primera+fila\">\n<img src=\"http:\/\/labestiadeportiva.com\/lbd\/wp-content\/plugins\/jw-share-this\/twitter.png\" alt=\"Share this page via Twitter\" \/>\n<\/a>\n<\/div>\n","protected":false},"excerpt":{"rendered":"<p>La suerte no ven\u00eda estando del lado del ushuaiense Lucas Yerobi al momento de poder terminar de demostrar el funcionamiento de su VW Trend, el cual recibe atenci\u00f3n por parte de Lucas Benincasa y motores de Sebasti\u00e1n Colombo. Finalmente, esto dej\u00f3 de ocurrir y esta tarde el piloto fueguino logr\u00f3 hacerse del triunfo en su &hellip; <a href=\"http:\/\/labestiadeportiva.com\/lbd\/triunfo-y-a-la-primera-fila\/\" class=\"more-link\">Seguir leyendo <span class=\"screen-reader-text\">Triunfo y a la primera fila<\/span> <span class=\"meta-nav\">&rarr;<\/span><\/a><\/p>\n","protected":false},"author":1,"featured_media":15586,"comment_status":"open","ping_status":"open","sticky":false,"template":"","format":"standard","meta":[],"categories":[2135,5,6,1],"tags":[86,152,808],"_links":{"self":[{"href":"http:\/\/labestiadeportiva.com\/lbd\/wp-json\/wp\/v2\/posts\/15585"}],"collection":[{"href":"http:\/\/labestiadeportiva.com\/lbd\/wp-json\/wp\/v2\/posts"}],"about":[{"href":"http:\/\/labestiadeportiva.com\/lbd\/wp-json\/wp\/v2\/types\/post"}],"author":[{"embeddable":true,"href":"http:\/\/labestiadeportiva.com\/lbd\/wp-json\/wp\/v2\/users\/1"}],"replies":[{"embeddable":true,"href":"http:\/\/labestiadeportiva.com\/lbd\/wp-json\/wp\/v2\/comments?post=15585"}],"version-history":[{"count":1,"href":"http:\/\/labestiadeportiva.com\/lbd\/wp-json\/wp\/v2\/posts\/15585\/revisions"}],"predecessor-version":[{"id":15587,"href":"http:\/\/labestiadeportiva.com\/lbd\/wp-json\/wp\/v2\/posts\/15585\/revisions\/15587"}],"wp:featuredmedia":[{"embeddable":true,"href":"http:\/\/labestiadeportiva.com\/lbd\/wp-json\/wp\/v2\/media\/15586"}],"wp:attachment":[{"href":"http:\/\/labestiadeportiva.com\/lbd\/wp-json\/wp\/v2\/media?parent=15585"}],"wp:term":[{"taxonomy":"category","embeddable":true,"href":"http:\/\/labestiadeportiva.com\/lbd\/wp-json\/wp\/v2\/categories?post=15585"},{"taxonomy":"post_tag","embeddable":true,"href":"http:\/\/labestiadeportiva.com\/lbd\/wp-json\/wp\/v2\/tags?post=15585"}],"curies":[{"name":"wp","href":"https:\/\/api.w.org\/{rel}","templated":true}]}}