{"id":15635,"date":"2015-05-13T11:11:11","date_gmt":"2015-05-13T14:11:11","guid":{"rendered":"http:\/\/labestiadeportiva.com\/lbd\/?p=15635"},"modified":"2015-05-13T11:11:11","modified_gmt":"2015-05-13T14:11:11","slug":"en-franco-crecimiento-2","status":"publish","type":"post","link":"http:\/\/labestiadeportiva.com\/lbd\/en-franco-crecimiento-2\/","title":{"rendered":"En franco crecimiento"},"content":{"rendered":"<p><a href=\"http:\/\/labestiadeportiva.com\/lbd\/wp-content\/uploads\/2015\/05\/MG_6883.jpg\"><img loading=\"lazy\" class=\"alignleft size-medium wp-image-15636\" src=\"http:\/\/labestiadeportiva.com\/lbd\/wp-content\/uploads\/2015\/05\/MG_6883-300x200.jpg\" alt=\"_MG_6883\" width=\"300\" height=\"200\" srcset=\"http:\/\/labestiadeportiva.com\/lbd\/wp-content\/uploads\/2015\/05\/MG_6883-300x200.jpg 300w, http:\/\/labestiadeportiva.com\/lbd\/wp-content\/uploads\/2015\/05\/MG_6883.jpg 800w\" sizes=\"(max-width: 300px) 100vw, 300px\" \/><\/a>El pasado domingo se disput\u00f3 la 2\u00b0 fecha del presente campeonato de Bicicletas de Descenso organizado por ACME. 38 inscriptos que arrojaron 35 corredores presentes en l\u00ednea de largada en un renovado e interesante circuito de casi un kil\u00f3metro de extensi\u00f3n preparado para la ocasi\u00f3n en el \u201cNelson Place\u201d del barrio Kaik\u00e9n. Franco Grini, Lucas Carrera, David Mendero, Guilermo App y Marinana Pablon ganaron sus segmentos. Ya se habla de la pr\u00f3xima para el mes de agosto con lugar a confirmar.<!--more--><\/p>\n<p>Con el condimento de la lluvia ca\u00edda previamente y durante la carrera que hizo a\u00fan m\u00e1s dif\u00edcil el trazado se realiz\u00f3 la segunda cita oficial de la Asociaci\u00f3n Mountain Bike Extremo de la temporada.<br \/>\nGran n\u00famero de participantes y p\u00fablico en el circuito del barrio Kaik\u00e9n para disfrutar de las dos bajadas que se pusieron en marcha poco despu\u00e9s de la una de la tarde.<\/p>\n<p><a href=\"http:\/\/labestiadeportiva.com\/lbd\/wp-content\/uploads\/2015\/05\/MG_6901.jpg\"><img loading=\"lazy\" class=\"aligncenter size-medium wp-image-15637\" src=\"http:\/\/labestiadeportiva.com\/lbd\/wp-content\/uploads\/2015\/05\/MG_6901-300x200.jpg\" alt=\"_MG_6901\" width=\"300\" height=\"200\" srcset=\"http:\/\/labestiadeportiva.com\/lbd\/wp-content\/uploads\/2015\/05\/MG_6901-300x200.jpg 300w, http:\/\/labestiadeportiva.com\/lbd\/wp-content\/uploads\/2015\/05\/MG_6901.jpg 800w\" sizes=\"(max-width: 300px) 100vw, 300px\" \/><\/a>ACME present\u00f3 un r\u00e1pido y t\u00e9cnico circuito de 990 metros de extensi\u00f3n con dificultades de todo tipo donde los participantes tuvieron que agudizar sus capacidades al m\u00e1ximo, a pesar de esto los \u201cpalos\u201d estuvieron al orden del d\u00eda principalmente debido a lo resbaladizo del piso.<\/p>\n<p>Semirr\u00edgido menor fue dominado por Guillermo App quien logr\u00f3 un interesante mejor tiempo de 3\u00b405\u00b4\u00b458 escoltado por Luca Medina y Facundo Kefren.<\/p>\n<p>En semirr\u00edgido mayor el triunfo qued\u00f3 en manos de David Mendero el que clav\u00f3 en los relojes 3\u00b409\u00b4\u00b461 siendo Franco Uriona y Eric Cos los que completaron el podio.<\/p>\n<p><a href=\"http:\/\/labestiadeportiva.com\/lbd\/wp-content\/uploads\/2015\/05\/MG_6863.jpg\"><img loading=\"lazy\" class=\"aligncenter size-medium wp-image-15638\" src=\"http:\/\/labestiadeportiva.com\/lbd\/wp-content\/uploads\/2015\/05\/MG_6863-300x202.jpg\" alt=\"_MG_6863\" width=\"300\" height=\"202\" srcset=\"http:\/\/labestiadeportiva.com\/lbd\/wp-content\/uploads\/2015\/05\/MG_6863-300x202.jpg 300w, http:\/\/labestiadeportiva.com\/lbd\/wp-content\/uploads\/2015\/05\/MG_6863.jpg 800w\" sizes=\"(max-width: 300px) 100vw, 300px\" \/><\/a>Las damas volvieron a hacerse presente como al comienzo de la temporada. La mejor en esta oportunidad fue Mariana Pablon con 6\u00b434\u00b4\u00b473 seguida de Gisella Vilte.<\/p>\n<p>Doble Suspensi\u00f3n Promocional fue ganada por Franco Grini quien vol\u00f3 en 2\u00b442\u00b4\u00b479, completaron el podio Miguel Snaider y Ulices Celis.<\/p>\n<p>El m\u00e1s r\u00e1pido de la tarde fue Lucas Carrera quien gan\u00f3 en Doble Suspensi\u00f3n Elite en 2\u00b438\u00b4\u00b406 acompa\u00f1ado por el siempre veloz \u201cPitu\u201d Cuello y Manuel Alejandro.<\/p>\n<p><a href=\"http:\/\/labestiadeportiva.com\/lbd\/wp-content\/uploads\/2015\/05\/MG_6884.jpg\"><img loading=\"lazy\" class=\"aligncenter size-medium wp-image-15639\" src=\"http:\/\/labestiadeportiva.com\/lbd\/wp-content\/uploads\/2015\/05\/MG_6884-300x242.jpg\" alt=\"_MG_6884\" width=\"300\" height=\"242\" srcset=\"http:\/\/labestiadeportiva.com\/lbd\/wp-content\/uploads\/2015\/05\/MG_6884-300x242.jpg 300w, http:\/\/labestiadeportiva.com\/lbd\/wp-content\/uploads\/2015\/05\/MG_6884.jpg 745w\" sizes=\"(max-width: 300px) 100vw, 300px\" \/><\/a>Buen espect\u00e1culo de las bicicletas de descenso que muestran un sostenido crecimiento con nuevos y j\u00f3venes raiders en competencia.<br \/>\nSi bien a\u00fan no fue confirmado oficialmente la categor\u00eda podr\u00eda volver a presentarse oficialmente durante el mes de agosto y ser\u00eda fuera del \u201cNelson Place\u201d, habr\u00e1 que esperar algunas semanas para saberlo con certeza.<\/p>\n<p><span style=\"color: #ff6600;\">Los podios por categor\u00edas<\/span><br \/>\nFemenina (2)<br \/>\n<span style=\"color: #ff0000;\">1\u00b0 Mariana Pablon 6\u00b434\u00b4\u00b473<\/span><br \/>\n2\u00b0 Gisella Vilte<\/p>\n<p><a href=\"http:\/\/labestiadeportiva.com\/lbd\/wp-content\/uploads\/2015\/05\/MG_6878.jpg\"><br \/>\n<\/a> <a href=\"http:\/\/labestiadeportiva.com\/lbd\/wp-content\/uploads\/2015\/05\/MG_68781.jpg\"><img loading=\"lazy\" class=\"aligncenter size-medium wp-image-15641\" src=\"http:\/\/labestiadeportiva.com\/lbd\/wp-content\/uploads\/2015\/05\/MG_68781-300x200.jpg\" alt=\"_MG_6878\" width=\"300\" height=\"200\" srcset=\"http:\/\/labestiadeportiva.com\/lbd\/wp-content\/uploads\/2015\/05\/MG_68781-300x200.jpg 300w, http:\/\/labestiadeportiva.com\/lbd\/wp-content\/uploads\/2015\/05\/MG_68781.jpg 800w\" sizes=\"(max-width: 300px) 100vw, 300px\" \/><\/a>Doble Suspensi\u00f3n Elite (5)<br \/>\n<span style=\"color: #ff0000;\">1\u00b0 Lucas Carrera 2\u00b438\u00b4\u00b406<\/span><br \/>\n2\u00b0 Cristian \u201cPitu\u201d Cuello<br \/>\n3\u00b0 Manuel Alejandro<\/p>\n<p>Doble Suspensi\u00f3n Promocional (4)<br \/>\n<span style=\"color: #ff0000;\">1\u00b0 Franco Grini 2\u00b442\u00b4\u00b479<\/span><br \/>\n2\u00b0Miguel Snaider<br \/>\n3\u00b0 Ulises Celis<\/p>\n<p><a href=\"http:\/\/labestiadeportiva.com\/lbd\/wp-content\/uploads\/2015\/05\/MG_6885.jpg\"><img loading=\"lazy\" class=\"aligncenter size-medium wp-image-15642\" src=\"http:\/\/labestiadeportiva.com\/lbd\/wp-content\/uploads\/2015\/05\/MG_6885-300x225.jpg\" alt=\"_MG_6885\" width=\"300\" height=\"225\" srcset=\"http:\/\/labestiadeportiva.com\/lbd\/wp-content\/uploads\/2015\/05\/MG_6885-300x225.jpg 300w, http:\/\/labestiadeportiva.com\/lbd\/wp-content\/uploads\/2015\/05\/MG_6885.jpg 800w\" sizes=\"(max-width: 300px) 100vw, 300px\" \/><\/a>Semirr\u00edgidos Menor (1)<br \/>\n<span style=\"color: #ff0000;\">1\u00b0 Guillermo App 3\u00b405\u00b4\u00b458<\/span><br \/>\n2\u00b0 Luca Medina<br \/>\n3\u00b0 Facundo Kefren<\/p>\n<p>Semirr\u00edgido Mayor (3)<br \/>\n<span style=\"color: #ff0000;\">1\u00b0 David Mendero 3\u00b409\u00b4\u00b461<\/span><br \/>\n2\u00b0 Franco Uriona<br \/>\n3\u00b0 Eric Cos<\/p>\n<p><a href=\"http:\/\/labestiadeportiva.com\/lbd\/wp-content\/uploads\/2015\/05\/MG_6887.jpg\"><img loading=\"lazy\" class=\"aligncenter size-medium wp-image-15643\" src=\"http:\/\/labestiadeportiva.com\/lbd\/wp-content\/uploads\/2015\/05\/MG_6887-300x169.jpg\" alt=\"_MG_6887\" width=\"300\" height=\"169\" srcset=\"http:\/\/labestiadeportiva.com\/lbd\/wp-content\/uploads\/2015\/05\/MG_6887-300x169.jpg 300w, http:\/\/labestiadeportiva.com\/lbd\/wp-content\/uploads\/2015\/05\/MG_6887.jpg 800w\" sizes=\"(max-width: 300px) 100vw, 300px\" \/><\/a><\/p>\n<div class='epvc-post-count'><span class='epvc-eye'><\/span>  <span class=\"epvc-count\"> 1.941<\/span><span class='epvc-label'> veces le\u00edda<\/span><\/div>\n<div class=\"jwsharethis\">\nShare this: \n<br \/>\n<a href=\"mailto:?subject=En%20franco%20crecimiento&amp;body=http%3A%2F%2Flabestiadeportiva.com%2Flbd%2Fen-franco-crecimiento-2%2F\">\n<img src=\"http:\/\/labestiadeportiva.com\/lbd\/wp-content\/plugins\/jw-share-this\/email.png\" alt=\"Share this page via Email\" \/>\n<\/a>\n<a target=\"_blank\" href=\"http:\/\/www.stumbleupon.com\/submit?url=http%3A%2F%2Flabestiadeportiva.com%2Flbd%2Fen-franco-crecimiento-2%2F&amp;title=En+franco+crecimiento\">\n<img src=\"http:\/\/labestiadeportiva.com\/lbd\/wp-content\/plugins\/jw-share-this\/su.png\" alt=\"Share this page via Stumble Upon\" \/>\n<\/a>\n<a target=\"_blank\" href=\"http:\/\/digg.com\/submit?url=http%3A%2F%2Flabestiadeportiva.com%2Flbd%2Fen-franco-crecimiento-2%2F&amp;title=En+franco+crecimiento\">\n<img src=\"http:\/\/labestiadeportiva.com\/lbd\/wp-content\/plugins\/jw-share-this\/digg.png\" alt=\"Share this page via Digg this\" \/>\n<\/a>\n<a target=\"_blank\" href=\"http:\/\/www.facebook.com\/sharer.php?u=http%3A%2F%2Flabestiadeportiva.com%2Flbd%2Fen-franco-crecimiento-2%2F&amp;t=En+franco+crecimiento\">\n<img src=\"http:\/\/labestiadeportiva.com\/lbd\/wp-content\/plugins\/jw-share-this\/fb.png\" alt=\"Share this page via Facebook\" \/>\n<\/a>\n<a target=\"_blank\" href=\"http:\/\/twitter.com\/intent\/tweet?text=I+like+http%3A%2F%2Flabestiadeportiva.com%2Flbd%2Fen-franco-crecimiento-2%2F&amp;title=En+franco+crecimiento\">\n<img src=\"http:\/\/labestiadeportiva.com\/lbd\/wp-content\/plugins\/jw-share-this\/twitter.png\" alt=\"Share this page via Twitter\" \/>\n<\/a>\n<\/div>\n","protected":false},"excerpt":{"rendered":"<p>El pasado domingo se disput\u00f3 la 2\u00b0 fecha del presente campeonato de Bicicletas de Descenso organizado por ACME. 38 inscriptos que arrojaron 35 corredores presentes en l\u00ednea de largada en un renovado e interesante circuito de casi un kil\u00f3metro de extensi\u00f3n preparado para la ocasi\u00f3n en el \u201cNelson Place\u201d del barrio Kaik\u00e9n. Franco Grini, Lucas &hellip; <a href=\"http:\/\/labestiadeportiva.com\/lbd\/en-franco-crecimiento-2\/\" class=\"more-link\">Seguir leyendo <span class=\"screen-reader-text\">En franco crecimiento<\/span> <span class=\"meta-nav\">&rarr;<\/span><\/a><\/p>\n","protected":false},"author":1,"featured_media":15636,"comment_status":"open","ping_status":"open","sticky":false,"template":"","format":"standard","meta":[],"categories":[2154,5,1],"tags":[242,541,170,2089],"_links":{"self":[{"href":"http:\/\/labestiadeportiva.com\/lbd\/wp-json\/wp\/v2\/posts\/15635"}],"collection":[{"href":"http:\/\/labestiadeportiva.com\/lbd\/wp-json\/wp\/v2\/posts"}],"about":[{"href":"http:\/\/labestiadeportiva.com\/lbd\/wp-json\/wp\/v2\/types\/post"}],"author":[{"embeddable":true,"href":"http:\/\/labestiadeportiva.com\/lbd\/wp-json\/wp\/v2\/users\/1"}],"replies":[{"embeddable":true,"href":"http:\/\/labestiadeportiva.com\/lbd\/wp-json\/wp\/v2\/comments?post=15635"}],"version-history":[{"count":1,"href":"http:\/\/labestiadeportiva.com\/lbd\/wp-json\/wp\/v2\/posts\/15635\/revisions"}],"predecessor-version":[{"id":15644,"href":"http:\/\/labestiadeportiva.com\/lbd\/wp-json\/wp\/v2\/posts\/15635\/revisions\/15644"}],"wp:featuredmedia":[{"embeddable":true,"href":"http:\/\/labestiadeportiva.com\/lbd\/wp-json\/wp\/v2\/media\/15636"}],"wp:attachment":[{"href":"http:\/\/labestiadeportiva.com\/lbd\/wp-json\/wp\/v2\/media?parent=15635"}],"wp:term":[{"taxonomy":"category","embeddable":true,"href":"http:\/\/labestiadeportiva.com\/lbd\/wp-json\/wp\/v2\/categories?post=15635"},{"taxonomy":"post_tag","embeddable":true,"href":"http:\/\/labestiadeportiva.com\/lbd\/wp-json\/wp\/v2\/tags?post=15635"}],"curies":[{"name":"wp","href":"https:\/\/api.w.org\/{rel}","templated":true}]}}