{"id":15698,"date":"2015-05-15T16:51:13","date_gmt":"2015-05-15T19:51:13","guid":{"rendered":"http:\/\/labestiadeportiva.com\/lbd\/?p=15698"},"modified":"2015-05-15T16:57:03","modified_gmt":"2015-05-15T19:57:03","slug":"agenda-deportiva-85","status":"publish","type":"post","link":"http:\/\/labestiadeportiva.com\/lbd\/agenda-deportiva-85\/","title":{"rendered":"Agenda Deportiva"},"content":{"rendered":"<p><a href=\"http:\/\/labestiadeportiva.com\/lbd\/wp-content\/uploads\/2015\/05\/IMG_87241.jpg\"><img loading=\"lazy\" class=\"alignleft size-medium wp-image-15701\" src=\"http:\/\/labestiadeportiva.com\/lbd\/wp-content\/uploads\/2015\/05\/IMG_87241-300x217.jpg\" alt=\"IMG_8724\" width=\"300\" height=\"217\" srcset=\"http:\/\/labestiadeportiva.com\/lbd\/wp-content\/uploads\/2015\/05\/IMG_87241-300x217.jpg 300w, http:\/\/labestiadeportiva.com\/lbd\/wp-content\/uploads\/2015\/05\/IMG_87241.jpg 800w\" sizes=\"(max-width: 300px) 100vw, 300px\" \/><\/a>Nuevo e intenso fin de semana para el deporte en toda la provincia. Se destacan la final de rugby para planteles superiores entre Las \u00c1guilas y URC el s\u00e1bado por la tarde y la 2\u00b0 edici\u00f3n del Mountain Do Fim do Mundo prueba de 42, 21 y 10 K a realizarse el domingo desde las diez de la ma\u00f1ana en el Camping Municipal. Asimismo se presentar\u00e1n futsal AFA, hockey pista, motociclismo, karting, v\u00f3ley, futsal federado, ajedrez y vela. Desde LBD te damos todos los detalles.<!--more--><\/p>\n<p><span style=\"color: #ff0000;\">Rugby<\/span><br \/>\nEste s\u00e1bado desde las dos de la tarde la cancha municipal \u201cAgust\u00edn Pichot\u201d recibir\u00e1 la superfinal entre Las \u00c1guilas y URC que determinar\u00e1 el campe\u00f3n de la temporada 2014\/2015. Cabe recordar que siete d\u00edas atr\u00e1s la victoria fue para el \u201ctricolor\u201d quien venci\u00f3 con try de oro en tiempo extendido. El vencedor de este fin de semana ser\u00e1 el primer clasificado al Patag\u00f3nico Regional del 2015.<\/p>\n<p><span style=\"color: #ff0000;\">Atletismo<\/span><br \/>\nPor segundo a\u00f1o consecutivo la competencia enmarcada en el circuito internacional llegar\u00e1 a la capital provincial. Alrededor de 300 corredores brasile\u00f1os a los que se les sumar\u00e1n 150 provinciales y nacionales participar\u00e1n este domingo desde las diez de la ma\u00f1ana en los tres recorridos establecidos 42,21 y 10 K. El inicio y final de la prueba ser\u00e1 desde el Camping Municipal mientras que los trayectos recorrer\u00e1n el interior del Parque Nacional Tierra del Fuego.<\/p>\n<p><a href=\"http:\/\/labestiadeportiva.com\/lbd\/wp-content\/uploads\/2015\/05\/MG_6733.jpg\"><img loading=\"lazy\" class=\"aligncenter size-medium wp-image-15702\" src=\"http:\/\/labestiadeportiva.com\/lbd\/wp-content\/uploads\/2015\/05\/MG_6733-300x202.jpg\" alt=\"_MG_6733\" width=\"300\" height=\"202\" srcset=\"http:\/\/labestiadeportiva.com\/lbd\/wp-content\/uploads\/2015\/05\/MG_6733-300x202.jpg 300w, http:\/\/labestiadeportiva.com\/lbd\/wp-content\/uploads\/2015\/05\/MG_6733.jpg 800w\" sizes=\"(max-width: 300px) 100vw, 300px\" \/><\/a><span style=\"color: #ff0000;\">Futsal AFA<\/span><br \/>\nLa Liga Ushuaiense program\u00f3 para este fin de semana una nueva fecha oficial de sus torneos bajo techo de 1\u00b0 \u201cA\u201d y \u201cB\u201d que denomino \u201cHermanos Vaporaki Copa Newsan\u201d. Todo comenzar\u00e1 el s\u00e1bado desde las 13 en el reducto policial del barrio 640 Viviendas. Se jugar\u00e1n diez encuentros donde se destaca el choque entre Los Andes Jrs. y Camioneros el domingo a las tres de la tarde en el gimnasio del CECU.<\/p>\n<p><span style=\"color: #ff0000;\">Hockey Pista<\/span><br \/>\nLa actividad federada se presentar\u00e1 en las dos principales ciudades de la provincia. La 3\u00b0 fecha de la Liga Provincial comenzar\u00e1 en el gimnasio del URC el s\u00e1bado de de 20 a 23 traslad\u00e1ndose el domingo al gimnasio del CIERG riograndense de 9.30 a 19 horas.<\/p>\n<p>Asimismo desde las 13 del s\u00e1bado se realizar\u00e1 un nuevo encuentro para categor\u00edas formativas en las segmentos Sub 8 y Sub 10 en el gimnasio del club Colegio del Sur.<\/p>\n<p><a href=\"http:\/\/labestiadeportiva.com\/lbd\/wp-content\/uploads\/2015\/05\/MG_6918.jpg\"><img loading=\"lazy\" class=\"aligncenter size-medium wp-image-15703\" src=\"http:\/\/labestiadeportiva.com\/lbd\/wp-content\/uploads\/2015\/05\/MG_6918-300x200.jpg\" alt=\"_MG_6918\" width=\"300\" height=\"200\" srcset=\"http:\/\/labestiadeportiva.com\/lbd\/wp-content\/uploads\/2015\/05\/MG_6918-300x200.jpg 300w, http:\/\/labestiadeportiva.com\/lbd\/wp-content\/uploads\/2015\/05\/MG_6918-1024x681.jpg 1024w, http:\/\/labestiadeportiva.com\/lbd\/wp-content\/uploads\/2015\/05\/MG_6918.jpg 1936w\" sizes=\"(max-width: 300px) 100vw, 300px\" \/><\/a><span style=\"color: #ff0000;\">Motociclismo<\/span><br \/>\nDurante el fin de semana la actividad provincial que realizan en conjunto AMU, CUMOT y MCRG se trasladar\u00e1 al norte de la isla. Ser\u00e1 la segunda fecha del Campeonato de Cross a efectuarse en el circuito ubicado dentro del aut\u00f3dromo riograndense.<\/p>\n<p>El s\u00e1bado desde las 15.40 se iniciar\u00e1n las pruebas libres mientras que el domingo a partir de las 9.40 de la ma\u00f1ana se pondr\u00e1 en marcha la primera manga oficial. La premiaci\u00f3n de la fecha est\u00e1 prevista para las cinco y media de la tarde.<\/p>\n<p><span style=\"color: #ff0000;\">Karting<\/span><br \/>\nLa competencia provincial que organizan APKU 2000 y AFK realizar\u00e1 su \u00faltima fecha oficial antes de ingresar a su receso invernal en la ciudad de R\u00edo Grande. Se correr\u00e1 en el circuito \u201cParque de la Velocidad\u201d ubicado en el tradicional sector de ingreso a la ciudad conocido como Cono de Sombra.<\/p>\n<p>La acci\u00f3n principal llegar\u00e1 el domingo desde el mediod\u00eda, estar\u00e1n presentes las categor\u00edas Stihl, Zanella Juniors y Masters como as\u00ed tambi\u00e9n Sudam Seniors. Los organizadores informaron que la actividad que contar\u00e1 con alrededor de 25 autos cerrar\u00e1 a las cinco de la tarde.<\/p>\n<p><a href=\"http:\/\/labestiadeportiva.com\/lbd\/wp-content\/uploads\/2015\/05\/MG_6771.jpg\"><img loading=\"lazy\" class=\"aligncenter size-medium wp-image-15704\" src=\"http:\/\/labestiadeportiva.com\/lbd\/wp-content\/uploads\/2015\/05\/MG_6771-300x162.jpg\" alt=\"_MG_6771\" width=\"300\" height=\"162\" srcset=\"http:\/\/labestiadeportiva.com\/lbd\/wp-content\/uploads\/2015\/05\/MG_6771-300x162.jpg 300w, http:\/\/labestiadeportiva.com\/lbd\/wp-content\/uploads\/2015\/05\/MG_6771.jpg 800w\" sizes=\"(max-width: 300px) 100vw, 300px\" \/><\/a><span style=\"color: #ff0000;\">V\u00f3ley<\/span><br \/>\nLa Liga Ushuaiense continuar\u00e1 con la actividad de su torneo Apertura trasladando la acci\u00f3n del SUM del Colegio Los Andes al gimnasio Profesora Ana Ver\u00f3nica Gir\u00f3 del barrio 245 Viviendas. Se jugaran 3 partidos el domingo de diez de la ma\u00f1ana hasta aproximadamente las dos de la tarde.<\/p>\n<p><span style=\"color: #ff0000;\">Futsal Federado<\/span><br \/>\nLa Federaci\u00f3n Ushuaiense dispuso otra extensa jornada de juego que visitar\u00e1 los gimnasios de Campolter y Cancha 4 para los segmentos superiores como as\u00ed tambi\u00e9n los gimnasios \u201cMirador de los Andes\u201d e \u201cIslas Malvinas\u201d de los barrios 640 Viviendas y La Cantera. En todos los casos durante s\u00e1bado y domingo.<\/p>\n<p><span style=\"color: #ff0000;\">Ajedrez<\/span><br \/>\nEste viernes por la tarde, desde las 19 y el s\u00e1bado de 10 a 13 y de 16 a 20 horas la Federaci\u00f3n Fueguina de ajedrez realizar\u00e1 la Capacitaci\u00f3n de Alto Rendimiento que estar\u00e1 a cargo del Maestro FIDE Adri\u00e1n Randazzo.<\/p>\n<p>La actividad se desarrollar\u00e1 en el Club Jaque Mate ubicado en el Centro Comunitaria \u201cEl Palomar\u201d del barrio 245 Viviendas. Asimismo el s\u00e1bado desde las 16 se efectuar\u00e1 la 2\u00b0 fecha de la instancia local de los Juegos Fueguinos.<\/p>\n<p><a href=\"http:\/\/labestiadeportiva.com\/lbd\/wp-content\/uploads\/2015\/05\/MG_64631.jpg\"><img loading=\"lazy\" class=\"aligncenter size-medium wp-image-15705\" src=\"http:\/\/labestiadeportiva.com\/lbd\/wp-content\/uploads\/2015\/05\/MG_64631-300x200.jpg\" alt=\"_MG_6463\" width=\"300\" height=\"200\" srcset=\"http:\/\/labestiadeportiva.com\/lbd\/wp-content\/uploads\/2015\/05\/MG_64631-300x200.jpg 300w, http:\/\/labestiadeportiva.com\/lbd\/wp-content\/uploads\/2015\/05\/MG_64631.jpg 800w\" sizes=\"(max-width: 300px) 100vw, 300px\" \/><\/a><span style=\"color: #ff0000;\">Vela<\/span><br \/>\nEste domingo desde las 11 de la ma\u00f1ana se realizar\u00e1 la regata \u201cD\u00eda de la Armada Argentina\u201d Una hora antes se efectuar\u00e1 la reuni\u00f3n de timoneles.<\/p>\n<p>La modalidad de carrera ser\u00e1 en tri\u00e1ngulo ol\u00edmpico m\u00e1s una pierna en la bah\u00eda de nuestra ciudad. La entrega de premios de la cita n\u00e1utica ser\u00e1 a partir de las siete de la tarde en instalaciones de la C\u00e1mara de Oficiales de la Base Naval Ushuaia.<\/p>\n<p><span style=\"color: #0000ff;\">Futsal AFA &#8211; Liga Ushuaiense<\/span><br \/>\nTorneo \u201cHermanos Vaporaki Copa Newsan\u201d<br \/>\nS\u00e1bado 16 gimnasio Campolter<br \/>\n13:00 G\u00fcemes\/Fundaci\u00f3n Deportiva K\u00b4Mal<br \/>\n14:20 Andes del Sur\/Filial Ferro (Televisado)<br \/>\n21:00 La UOM\/ Arturo Prat<br \/>\n22:20 Mutual BTF\/Fundaci\u00f3n Metal\u00fargicos<br \/>\n23:30 Los Cuervos FDM\/El Duende<br \/>\nDomingo 17 Gimnasio CECU 15:00 Los Andes Jrs.\/Camioneros<br \/>\n16:20 A.A.T.E.D.Y.C.\/Lago Escondido<br \/>\n17:40 Campolter\/Centro Galicia<br \/>\n19:00 Newsan\/ C.E.C.U.<br \/>\n20:20 Lasserre FC\/El Fort\u00edn<\/p>\n<p><span style=\"color: #0000ff;\"><a href=\"http:\/\/labestiadeportiva.com\/lbd\/wp-content\/uploads\/2015\/05\/MG_6683.jpg\"><img loading=\"lazy\" class=\"aligncenter size-medium wp-image-15706\" src=\"http:\/\/labestiadeportiva.com\/lbd\/wp-content\/uploads\/2015\/05\/MG_6683-300x162.jpg\" alt=\"_MG_6683\" width=\"300\" height=\"162\" srcset=\"http:\/\/labestiadeportiva.com\/lbd\/wp-content\/uploads\/2015\/05\/MG_6683-300x162.jpg 300w, http:\/\/labestiadeportiva.com\/lbd\/wp-content\/uploads\/2015\/05\/MG_6683.jpg 800w\" sizes=\"(max-width: 300px) 100vw, 300px\" \/><\/a>V\u00f3ley Liga Ushuaiense<\/span><br \/>\nTorneo Apertura<br \/>\nDomingo 17 Gimnasio \u201cAna Gir\u00f3<br \/>\n10.00 Los \u00d1ires\/Los Andes Sub 14 (Fem.)<br \/>\n11.15 Las Pochas\/Los \u00d1ires (Fem.)<br \/>\n12.30 Los Andes Sub 18\/Las Piojas (Fem.)<\/p>\n<p><a href=\"http:\/\/labestiadeportiva.com\/lbd\/wp-content\/uploads\/2015\/05\/11204016_472531456233077_8676131581364827799_n.png\"><img loading=\"lazy\" class=\"aligncenter size-medium wp-image-15699\" src=\"http:\/\/labestiadeportiva.com\/lbd\/wp-content\/uploads\/2015\/05\/11204016_472531456233077_8676131581364827799_n-167x300.png\" alt=\"11204016_472531456233077_8676131581364827799_n\" width=\"167\" height=\"300\" srcset=\"http:\/\/labestiadeportiva.com\/lbd\/wp-content\/uploads\/2015\/05\/11204016_472531456233077_8676131581364827799_n-167x300.png 167w, http:\/\/labestiadeportiva.com\/lbd\/wp-content\/uploads\/2015\/05\/11204016_472531456233077_8676131581364827799_n.png 533w\" sizes=\"(max-width: 167px) 100vw, 167px\" \/><\/a><\/p>\n<p><a href=\"http:\/\/labestiadeportiva.com\/lbd\/wp-content\/uploads\/2015\/05\/11263124_472531496233073_2281051554020911811_n.png\"><img loading=\"lazy\" class=\"aligncenter size-medium wp-image-15700\" src=\"http:\/\/labestiadeportiva.com\/lbd\/wp-content\/uploads\/2015\/05\/11263124_472531496233073_2281051554020911811_n-237x300.png\" alt=\"11263124_472531496233073_2281051554020911811_n\" width=\"237\" height=\"300\" srcset=\"http:\/\/labestiadeportiva.com\/lbd\/wp-content\/uploads\/2015\/05\/11263124_472531496233073_2281051554020911811_n-237x300.png 237w, http:\/\/labestiadeportiva.com\/lbd\/wp-content\/uploads\/2015\/05\/11263124_472531496233073_2281051554020911811_n.png 312w\" sizes=\"(max-width: 237px) 100vw, 237px\" \/><\/a><\/p>\n<div class='epvc-post-count'><span class='epvc-eye'><\/span>  <span class=\"epvc-count\"> 911<\/span><span class='epvc-label'> veces le\u00edda<\/span><\/div>\n<div class=\"jwsharethis\">\nShare this: \n<br \/>\n<a href=\"mailto:?subject=Agenda%20Deportiva&amp;body=http%3A%2F%2Flabestiadeportiva.com%2Flbd%2Fagenda-deportiva-85%2F\">\n<img src=\"http:\/\/labestiadeportiva.com\/lbd\/wp-content\/plugins\/jw-share-this\/email.png\" alt=\"Share this page via Email\" \/>\n<\/a>\n<a target=\"_blank\" href=\"http:\/\/www.stumbleupon.com\/submit?url=http%3A%2F%2Flabestiadeportiva.com%2Flbd%2Fagenda-deportiva-85%2F&amp;title=Agenda+Deportiva\">\n<img src=\"http:\/\/labestiadeportiva.com\/lbd\/wp-content\/plugins\/jw-share-this\/su.png\" alt=\"Share this page via Stumble Upon\" \/>\n<\/a>\n<a target=\"_blank\" href=\"http:\/\/digg.com\/submit?url=http%3A%2F%2Flabestiadeportiva.com%2Flbd%2Fagenda-deportiva-85%2F&amp;title=Agenda+Deportiva\">\n<img src=\"http:\/\/labestiadeportiva.com\/lbd\/wp-content\/plugins\/jw-share-this\/digg.png\" alt=\"Share this page via Digg this\" \/>\n<\/a>\n<a target=\"_blank\" href=\"http:\/\/www.facebook.com\/sharer.php?u=http%3A%2F%2Flabestiadeportiva.com%2Flbd%2Fagenda-deportiva-85%2F&amp;t=Agenda+Deportiva\">\n<img src=\"http:\/\/labestiadeportiva.com\/lbd\/wp-content\/plugins\/jw-share-this\/fb.png\" alt=\"Share this page via Facebook\" \/>\n<\/a>\n<a target=\"_blank\" href=\"http:\/\/twitter.com\/intent\/tweet?text=I+like+http%3A%2F%2Flabestiadeportiva.com%2Flbd%2Fagenda-deportiva-85%2F&amp;title=Agenda+Deportiva\">\n<img src=\"http:\/\/labestiadeportiva.com\/lbd\/wp-content\/plugins\/jw-share-this\/twitter.png\" alt=\"Share this page via Twitter\" \/>\n<\/a>\n<\/div>\n","protected":false},"excerpt":{"rendered":"<p>Nuevo e intenso fin de semana para el deporte en toda la provincia. Se destacan la final de rugby para planteles superiores entre Las \u00c1guilas y URC el s\u00e1bado por la tarde y la 2\u00b0 edici\u00f3n del Mountain Do Fim do Mundo prueba de 42, 21 y 10 K a realizarse el domingo desde las &hellip; <a href=\"http:\/\/labestiadeportiva.com\/lbd\/agenda-deportiva-85\/\" class=\"more-link\">Seguir leyendo <span class=\"screen-reader-text\">Agenda Deportiva<\/span> <span class=\"meta-nav\">&rarr;<\/span><\/a><\/p>\n","protected":false},"author":1,"featured_media":15701,"comment_status":"open","ping_status":"open","sticky":false,"template":"","format":"standard","meta":[],"categories":[5,1],"tags":[62,83],"_links":{"self":[{"href":"http:\/\/labestiadeportiva.com\/lbd\/wp-json\/wp\/v2\/posts\/15698"}],"collection":[{"href":"http:\/\/labestiadeportiva.com\/lbd\/wp-json\/wp\/v2\/posts"}],"about":[{"href":"http:\/\/labestiadeportiva.com\/lbd\/wp-json\/wp\/v2\/types\/post"}],"author":[{"embeddable":true,"href":"http:\/\/labestiadeportiva.com\/lbd\/wp-json\/wp\/v2\/users\/1"}],"replies":[{"embeddable":true,"href":"http:\/\/labestiadeportiva.com\/lbd\/wp-json\/wp\/v2\/comments?post=15698"}],"version-history":[{"count":3,"href":"http:\/\/labestiadeportiva.com\/lbd\/wp-json\/wp\/v2\/posts\/15698\/revisions"}],"predecessor-version":[{"id":15708,"href":"http:\/\/labestiadeportiva.com\/lbd\/wp-json\/wp\/v2\/posts\/15698\/revisions\/15708"}],"wp:featuredmedia":[{"embeddable":true,"href":"http:\/\/labestiadeportiva.com\/lbd\/wp-json\/wp\/v2\/media\/15701"}],"wp:attachment":[{"href":"http:\/\/labestiadeportiva.com\/lbd\/wp-json\/wp\/v2\/media?parent=15698"}],"wp:term":[{"taxonomy":"category","embeddable":true,"href":"http:\/\/labestiadeportiva.com\/lbd\/wp-json\/wp\/v2\/categories?post=15698"},{"taxonomy":"post_tag","embeddable":true,"href":"http:\/\/labestiadeportiva.com\/lbd\/wp-json\/wp\/v2\/tags?post=15698"}],"curies":[{"name":"wp","href":"https:\/\/api.w.org\/{rel}","templated":true}]}}