{"id":15768,"date":"2015-05-21T15:42:41","date_gmt":"2015-05-21T18:42:41","guid":{"rendered":"http:\/\/labestiadeportiva.com\/lbd\/?p=15768"},"modified":"2015-05-21T15:46:12","modified_gmt":"2015-05-21T18:46:12","slug":"aferrado-a-la-ilusion","status":"publish","type":"post","link":"http:\/\/labestiadeportiva.com\/lbd\/aferrado-a-la-ilusion\/","title":{"rendered":"Aferrado a la ilusi\u00f3n"},"content":{"rendered":"<p><a href=\"http:\/\/labestiadeportiva.com\/lbd\/wp-content\/uploads\/2015\/05\/Mailing-13.jpg\"><img loading=\"lazy\" class=\"alignleft size-medium wp-image-15769\" src=\"http:\/\/labestiadeportiva.com\/lbd\/wp-content\/uploads\/2015\/05\/Mailing-13-300x189.jpg\" alt=\"Mailing 1\" width=\"300\" height=\"189\" srcset=\"http:\/\/labestiadeportiva.com\/lbd\/wp-content\/uploads\/2015\/05\/Mailing-13-300x189.jpg 300w, http:\/\/labestiadeportiva.com\/lbd\/wp-content\/uploads\/2015\/05\/Mailing-13-1024x644.jpg 1024w, http:\/\/labestiadeportiva.com\/lbd\/wp-content\/uploads\/2015\/05\/Mailing-13.jpg 1600w\" sizes=\"(max-width: 300px) 100vw, 300px\" \/><\/a>El ushuaiense Lucas Bonetto (YPF Elaion Moto Rally) vivi\u00f3 una gloriosa jornada en el Desaf\u00edo Ruta 40 dentro de los Quads 4&#215;2 al adjudicarse la segunda etapa y dar el salto a la punta de la clasificaci\u00f3n general despu\u00e9s de los inconvenientes con el combustible del primer d\u00eda.Fuente y fotos prensa Lucas Bonetto.<!--more--><\/p>\n<p>El representante del YPF Elaion Moto Rally puso segunda en el Dakar Series que inicia la temporada de la mejor forma, obteniendo un s\u00f3lido triunfo y pasando a comandar la clasificaci\u00f3n general de los Quads 4&#215;2, categor\u00eda que lo tiene campe\u00f3n argentino.<\/p>\n<p>Debido a un problema en la largada despu\u00e9s de la neutralizaci\u00f3n, Lucas no pudo mantener su buena ubicaci\u00f3n en el camino. Sin embargo la navegaci\u00f3n, una de sus virtudes principales, lo dej\u00f3 como ganador indiscutido del tramo que uni\u00f3 Catamarca con Tinogasta.<\/p>\n<p><span style=\"color: #0000ff;\">\u201cFue una etapa larga, pero peor el enlace. La secci\u00f3n cronometrada estuvo linda, caminos de monta\u00f1a, fuera de pista, r\u00edos secos, con agua. De todo. Pude hacer la diferencia sobre el final en un waypoint ya que hasta ese momento iba quinto en pista algo retrasado\u201d<\/span>, manifest\u00f3 el sure\u00f1o una vez llegado al bivouac.<\/p>\n<p>A lo que agreg\u00f3: \u201c<span style=\"color: #0000ff;\">Con el l\u00edo que hubo para la largada de la neutralizaci\u00f3n perd\u00ed las posiciones que hab\u00eda recuperado. Cuando llegu\u00e9 a ese WP complicado vi que estaban todas las huellas mal por lo que me guie por mi hoja de ruta y los encontr\u00e9 a contramano. La clave fue navegar bien\u201d<\/span>.<\/p>\n<p><span style=\"color: #0000ff;\">\u201cEl cuatri viene bien, sin mayores problemas y lo \u00fanico fue una pinchadura a 15 kil\u00f3metros del final\u201d<\/span>, enfatiz\u00f3 para concluir sus declaraciones a la prensa.<\/p>\n<p>Este jueves la tercera etapa del Desaf\u00edo Ruta 40 iniciar\u00e1 a las 8.30 y recorrer\u00e1 303 kil\u00f3metros de competencia neta en un bucle con largada y llegada en Tinogasta.<\/p>\n<p><a href=\"http:\/\/labestiadeportiva.com\/lbd\/wp-content\/uploads\/2015\/05\/Mailing-22.jpg\"><img loading=\"lazy\" class=\"aligncenter size-medium wp-image-15770\" src=\"http:\/\/labestiadeportiva.com\/lbd\/wp-content\/uploads\/2015\/05\/Mailing-22-300x194.jpg\" alt=\"Mailing 2\" width=\"300\" height=\"194\" srcset=\"http:\/\/labestiadeportiva.com\/lbd\/wp-content\/uploads\/2015\/05\/Mailing-22-300x194.jpg 300w, http:\/\/labestiadeportiva.com\/lbd\/wp-content\/uploads\/2015\/05\/Mailing-22-1024x662.jpg 1024w, http:\/\/labestiadeportiva.com\/lbd\/wp-content\/uploads\/2015\/05\/Mailing-22.jpg 1600w\" sizes=\"(max-width: 300px) 100vw, 300px\" \/><\/a>Desaf\u00edo Ruta 40<br \/>\n<span style=\"color: #0000ff;\">Etapa 2 &#8211; Quads<\/span><br \/>\n<span style=\"color: #ff0000;\">1) #104 Lucas BONETTO (Arg\/Honda) 5:58.26<\/span><br \/>\n2) #102 Ignacio CASALE (Chi\/Yamaha) +4.09<br \/>\n3) #101 Nelson SANABRIA (Par\/Yamaha) +10.56<br \/>\n4) #103 Koolen KEES (Hol\/Honda) +14.58<br \/>\n5) #106 Giuliano GIORDANA (Arg\/Yamaha) +17.21<\/p>\n<p><span style=\"color: #0000ff;\">Clasificaci\u00f3n General &#8211; Quads<\/span><br \/>\n<span style=\"color: #ff0000;\">1) #104 Lucas BONETTO (Arg\/Honda) 12:28.25<\/span><br \/>\n2) #102 Ignacio CASALE (Chi\/Yamaha) +5.48<br \/>\n3) #101 Nelson SANABRIA (Par\/Yamaha) +9.19<\/p>\n<p>Para ver el video con la palabra de Lucas click aqu\u00ed ? https:\/\/youtu.be\/nXhnPlbGwlw<\/p>\n<p>Lucas Bonetto y equipo agradecen a sus sponsors: YPF Elaion Moto, Mercedes Benz Tierra del Fuego y LS2 Helmets. Asimismo a toda la gente de Tierra del Fuego, familia y amigos que apoyan de manera incondicional.<\/p>\n<div class='epvc-post-count'><span class='epvc-eye'><\/span>  <span class=\"epvc-count\"> 1.242<\/span><span class='epvc-label'> veces le\u00edda<\/span><\/div>\n<div class=\"jwsharethis\">\nShare this: \n<br \/>\n<a href=\"mailto:?subject=Aferrado%20a%20la%20ilusi%C3%B3n&amp;body=http%3A%2F%2Flabestiadeportiva.com%2Flbd%2Faferrado-a-la-ilusion%2F\">\n<img src=\"http:\/\/labestiadeportiva.com\/lbd\/wp-content\/plugins\/jw-share-this\/email.png\" alt=\"Share this page via Email\" \/>\n<\/a>\n<a target=\"_blank\" href=\"http:\/\/www.stumbleupon.com\/submit?url=http%3A%2F%2Flabestiadeportiva.com%2Flbd%2Faferrado-a-la-ilusion%2F&amp;title=Aferrado+a+la+ilusi%C3%B3n\">\n<img src=\"http:\/\/labestiadeportiva.com\/lbd\/wp-content\/plugins\/jw-share-this\/su.png\" alt=\"Share this page via Stumble Upon\" \/>\n<\/a>\n<a target=\"_blank\" href=\"http:\/\/digg.com\/submit?url=http%3A%2F%2Flabestiadeportiva.com%2Flbd%2Faferrado-a-la-ilusion%2F&amp;title=Aferrado+a+la+ilusi%C3%B3n\">\n<img src=\"http:\/\/labestiadeportiva.com\/lbd\/wp-content\/plugins\/jw-share-this\/digg.png\" alt=\"Share this page via Digg this\" \/>\n<\/a>\n<a target=\"_blank\" href=\"http:\/\/www.facebook.com\/sharer.php?u=http%3A%2F%2Flabestiadeportiva.com%2Flbd%2Faferrado-a-la-ilusion%2F&amp;t=Aferrado+a+la+ilusi%C3%B3n\">\n<img src=\"http:\/\/labestiadeportiva.com\/lbd\/wp-content\/plugins\/jw-share-this\/fb.png\" alt=\"Share this page via Facebook\" \/>\n<\/a>\n<a target=\"_blank\" href=\"http:\/\/twitter.com\/intent\/tweet?text=I+like+http%3A%2F%2Flabestiadeportiva.com%2Flbd%2Faferrado-a-la-ilusion%2F&amp;title=Aferrado+a+la+ilusi%C3%B3n\">\n<img src=\"http:\/\/labestiadeportiva.com\/lbd\/wp-content\/plugins\/jw-share-this\/twitter.png\" alt=\"Share this page via Twitter\" \/>\n<\/a>\n<\/div>\n","protected":false},"excerpt":{"rendered":"<p>El ushuaiense Lucas Bonetto (YPF Elaion Moto Rally) vivi\u00f3 una gloriosa jornada en el Desaf\u00edo Ruta 40 dentro de los Quads 4&#215;2 al adjudicarse la segunda etapa y dar el salto a la punta de la clasificaci\u00f3n general despu\u00e9s de los inconvenientes con el combustible del primer d\u00eda.Fuente y fotos prensa Lucas Bonetto. 1.242 veces &hellip; <a href=\"http:\/\/labestiadeportiva.com\/lbd\/aferrado-a-la-ilusion\/\" class=\"more-link\">Seguir leyendo <span class=\"screen-reader-text\">Aferrado a la ilusi\u00f3n<\/span> <span class=\"meta-nav\">&rarr;<\/span><\/a><\/p>\n","protected":false},"author":1,"featured_media":15769,"comment_status":"open","ping_status":"open","sticky":false,"template":"","format":"standard","meta":[],"categories":[2160,5,6,2161,2159,1],"tags":[2169,255,353,71,2168],"_links":{"self":[{"href":"http:\/\/labestiadeportiva.com\/lbd\/wp-json\/wp\/v2\/posts\/15768"}],"collection":[{"href":"http:\/\/labestiadeportiva.com\/lbd\/wp-json\/wp\/v2\/posts"}],"about":[{"href":"http:\/\/labestiadeportiva.com\/lbd\/wp-json\/wp\/v2\/types\/post"}],"author":[{"embeddable":true,"href":"http:\/\/labestiadeportiva.com\/lbd\/wp-json\/wp\/v2\/users\/1"}],"replies":[{"embeddable":true,"href":"http:\/\/labestiadeportiva.com\/lbd\/wp-json\/wp\/v2\/comments?post=15768"}],"version-history":[{"count":2,"href":"http:\/\/labestiadeportiva.com\/lbd\/wp-json\/wp\/v2\/posts\/15768\/revisions"}],"predecessor-version":[{"id":15772,"href":"http:\/\/labestiadeportiva.com\/lbd\/wp-json\/wp\/v2\/posts\/15768\/revisions\/15772"}],"wp:featuredmedia":[{"embeddable":true,"href":"http:\/\/labestiadeportiva.com\/lbd\/wp-json\/wp\/v2\/media\/15769"}],"wp:attachment":[{"href":"http:\/\/labestiadeportiva.com\/lbd\/wp-json\/wp\/v2\/media?parent=15768"}],"wp:term":[{"taxonomy":"category","embeddable":true,"href":"http:\/\/labestiadeportiva.com\/lbd\/wp-json\/wp\/v2\/categories?post=15768"},{"taxonomy":"post_tag","embeddable":true,"href":"http:\/\/labestiadeportiva.com\/lbd\/wp-json\/wp\/v2\/tags?post=15768"}],"curies":[{"name":"wp","href":"https:\/\/api.w.org\/{rel}","templated":true}]}}