{"id":15792,"date":"2015-05-23T00:10:47","date_gmt":"2015-05-23T03:10:47","guid":{"rendered":"http:\/\/labestiadeportiva.com\/lbd\/?p=15792"},"modified":"2015-05-23T00:10:47","modified_gmt":"2015-05-23T03:10:47","slug":"salida-complicada","status":"publish","type":"post","link":"http:\/\/labestiadeportiva.com\/lbd\/salida-complicada\/","title":{"rendered":"Salida Complicada"},"content":{"rendered":"<p><a href=\"http:\/\/labestiadeportiva.com\/lbd\/wp-content\/uploads\/2015\/05\/MG_4802.jpg\"><img loading=\"lazy\" class=\"alignleft size-medium wp-image-15793\" src=\"http:\/\/labestiadeportiva.com\/lbd\/wp-content\/uploads\/2015\/05\/MG_4802-300x131.jpg\" alt=\"_MG_4802\" width=\"300\" height=\"131\" srcset=\"http:\/\/labestiadeportiva.com\/lbd\/wp-content\/uploads\/2015\/05\/MG_4802-300x131.jpg 300w, http:\/\/labestiadeportiva.com\/lbd\/wp-content\/uploads\/2015\/05\/MG_4802.jpg 800w\" sizes=\"(max-width: 300px) 100vw, 300px\" \/><\/a>Se viven horas complejas para la delegaci\u00f3n de Tierra del Fuego que intenta estar presente en la segunda parte de los Juegos EPADE \u00a0a realizarse en la capital pampeana del 26 al 30 de este mes donde se competir\u00e1 en nataci\u00f3n y atletismo para deportistas convencionales y con discapacidad.<!--more--><\/p>\n<p>Con las fronteras chilenas cerradas por el paro los dos micros de la empresa Taqsa y Marga, que se encuentran en la capital santacruce\u00f1a, intentar\u00e1n ingresar a la isla este s\u00e1bado por la ma\u00f1ana.\u00a0Si para la tarde no pueden hacerlo el viaje quedar\u00e1 suspendido.<\/p>\n<p>Intentaremos mantenerlos informados sobre el tema y poder contarles la definici\u00f3n del problema, deseando que todo termine de la mejor manera y nuestros deportistas puedan presentarse normalmente en la competencia patag\u00f3nica Sub 16.<\/p>\n<div class='epvc-post-count'><span class='epvc-eye'><\/span>  <span class=\"epvc-count\"> 1.481<\/span><span class='epvc-label'> veces le\u00edda<\/span><\/div>\n<div class=\"jwsharethis\">\nShare this: \n<br \/>\n<a href=\"mailto:?subject=Salida%20Complicada&amp;body=http%3A%2F%2Flabestiadeportiva.com%2Flbd%2Fsalida-complicada%2F\">\n<img src=\"http:\/\/labestiadeportiva.com\/lbd\/wp-content\/plugins\/jw-share-this\/email.png\" alt=\"Share this page via Email\" \/>\n<\/a>\n<a target=\"_blank\" href=\"http:\/\/www.stumbleupon.com\/submit?url=http%3A%2F%2Flabestiadeportiva.com%2Flbd%2Fsalida-complicada%2F&amp;title=Salida+Complicada\">\n<img src=\"http:\/\/labestiadeportiva.com\/lbd\/wp-content\/plugins\/jw-share-this\/su.png\" alt=\"Share this page via Stumble Upon\" \/>\n<\/a>\n<a target=\"_blank\" href=\"http:\/\/digg.com\/submit?url=http%3A%2F%2Flabestiadeportiva.com%2Flbd%2Fsalida-complicada%2F&amp;title=Salida+Complicada\">\n<img src=\"http:\/\/labestiadeportiva.com\/lbd\/wp-content\/plugins\/jw-share-this\/digg.png\" alt=\"Share this page via Digg this\" \/>\n<\/a>\n<a target=\"_blank\" href=\"http:\/\/www.facebook.com\/sharer.php?u=http%3A%2F%2Flabestiadeportiva.com%2Flbd%2Fsalida-complicada%2F&amp;t=Salida+Complicada\">\n<img src=\"http:\/\/labestiadeportiva.com\/lbd\/wp-content\/plugins\/jw-share-this\/fb.png\" alt=\"Share this page via Facebook\" \/>\n<\/a>\n<a target=\"_blank\" href=\"http:\/\/twitter.com\/intent\/tweet?text=I+like+http%3A%2F%2Flabestiadeportiva.com%2Flbd%2Fsalida-complicada%2F&amp;title=Salida+Complicada\">\n<img src=\"http:\/\/labestiadeportiva.com\/lbd\/wp-content\/plugins\/jw-share-this\/twitter.png\" alt=\"Share this page via Twitter\" \/>\n<\/a>\n<\/div>\n","protected":false},"excerpt":{"rendered":"<p>Se viven horas complejas para la delegaci\u00f3n de Tierra del Fuego que intenta estar presente en la segunda parte de los Juegos EPADE \u00a0a realizarse en la capital pampeana del 26 al 30 de este mes donde se competir\u00e1 en nataci\u00f3n y atletismo para deportistas convencionales y con discapacidad. 1.481 veces le\u00edda Share this:<\/p>\n","protected":false},"author":1,"featured_media":15793,"comment_status":"open","ping_status":"open","sticky":false,"template":"","format":"standard","meta":[],"categories":[22,5,6,2130,2088,1],"tags":[4831,2173,689,593,602,20,2172,1611],"_links":{"self":[{"href":"http:\/\/labestiadeportiva.com\/lbd\/wp-json\/wp\/v2\/posts\/15792"}],"collection":[{"href":"http:\/\/labestiadeportiva.com\/lbd\/wp-json\/wp\/v2\/posts"}],"about":[{"href":"http:\/\/labestiadeportiva.com\/lbd\/wp-json\/wp\/v2\/types\/post"}],"author":[{"embeddable":true,"href":"http:\/\/labestiadeportiva.com\/lbd\/wp-json\/wp\/v2\/users\/1"}],"replies":[{"embeddable":true,"href":"http:\/\/labestiadeportiva.com\/lbd\/wp-json\/wp\/v2\/comments?post=15792"}],"version-history":[{"count":1,"href":"http:\/\/labestiadeportiva.com\/lbd\/wp-json\/wp\/v2\/posts\/15792\/revisions"}],"predecessor-version":[{"id":15794,"href":"http:\/\/labestiadeportiva.com\/lbd\/wp-json\/wp\/v2\/posts\/15792\/revisions\/15794"}],"wp:featuredmedia":[{"embeddable":true,"href":"http:\/\/labestiadeportiva.com\/lbd\/wp-json\/wp\/v2\/media\/15793"}],"wp:attachment":[{"href":"http:\/\/labestiadeportiva.com\/lbd\/wp-json\/wp\/v2\/media?parent=15792"}],"wp:term":[{"taxonomy":"category","embeddable":true,"href":"http:\/\/labestiadeportiva.com\/lbd\/wp-json\/wp\/v2\/categories?post=15792"},{"taxonomy":"post_tag","embeddable":true,"href":"http:\/\/labestiadeportiva.com\/lbd\/wp-json\/wp\/v2\/tags?post=15792"}],"curies":[{"name":"wp","href":"https:\/\/api.w.org\/{rel}","templated":true}]}}