{"id":15850,"date":"2015-05-28T13:54:19","date_gmt":"2015-05-28T16:54:19","guid":{"rendered":"http:\/\/labestiadeportiva.com\/lbd\/?p=15850"},"modified":"2015-05-28T13:57:09","modified_gmt":"2015-05-28T16:57:09","slug":"gloria-maxima","status":"publish","type":"post","link":"http:\/\/labestiadeportiva.com\/lbd\/gloria-maxima\/","title":{"rendered":"Gloria M\u00e1xima"},"content":{"rendered":"<p><a href=\"http:\/\/labestiadeportiva.com\/lbd\/wp-content\/uploads\/2015\/05\/Mailing-25.jpg\"><img loading=\"lazy\" class=\"alignleft size-medium wp-image-15851\" src=\"http:\/\/labestiadeportiva.com\/lbd\/wp-content\/uploads\/2015\/05\/Mailing-25-300x193.jpg\" alt=\"Mailing 2\" width=\"300\" height=\"193\" srcset=\"http:\/\/labestiadeportiva.com\/lbd\/wp-content\/uploads\/2015\/05\/Mailing-25-300x193.jpg 300w, http:\/\/labestiadeportiva.com\/lbd\/wp-content\/uploads\/2015\/05\/Mailing-25-1024x660.jpg 1024w, http:\/\/labestiadeportiva.com\/lbd\/wp-content\/uploads\/2015\/05\/Mailing-25.jpg 1600w\" sizes=\"(max-width: 300px) 100vw, 300px\" \/><\/a>El ushuaiense Lucas Bonetto se tom\u00f3 la revancha m\u00e1s dulce en el Desaf\u00edo Ruta 40 al conquistar su cuarto t\u00edtulo dentro de los Quads 4&#215;2. Inici\u00f3 de la mejor manera su defensa de la corona en el CARCC y abri\u00f3 el calendario Dakar Series con una notable actuaci\u00f3n que invita a seguir so\u00f1ando. Fuente y fotos prensa Lucas Bonetto.<!--more--><\/p>\n<p>No quedan dudas que el representante del YPF Elaion Moto Rally, Lucas Bonetto, se ha convertido en uno de los pilotos m\u00e1s competitivos de la divisional en los \u00faltimos a\u00f1os y eso queda avalado con su bicampeonato en el CARCC y el tetracampeonato en el Desaf\u00edo Ruta 40 conquistado el pasado fin de semana luego de una superlativa performance.<\/p>\n<p>Es que el ushuaiense domin\u00f3 la carrera desde un principio y, si bien pen\u00f3 por la falta de combustible al cierre del primer d\u00eda, se sobrepuso a los inconvenientes en las dos etapas sub-siguientes ganando de forma contundente para pasar a comandar las acciones.<\/p>\n<p>A posteriori se vali\u00f3 de su equilibrado rendimiento y trat\u00f3 de manejar las diferencias hasta el arribo a Villa Uni\u00f3n, alcanzando un triunfo que lo sigue catapultando a la \u00e9lite de la disciplina a nivel mundial.<\/p>\n<p><span style=\"color: #0000ff;\">\u201cEl balance es totalmente positivo. Tuvimos buenas etapas, pudimos sacar ventaja en la navegaci\u00f3n que es nuestro fuerte y en los terrenos rotos donde nos sentimos m\u00e1s c\u00f3modos. El equipo estuvo bien, ya probamos la estructura que vamos a llevar al Dakar y ese es otro punto a destacar\u201d<\/span>, manifest\u00f3 Bonetto con la cabeza m\u00e1s fr\u00eda despu\u00e9s de este valioso \u00e9xito.<\/p>\n<p>A lo que agreg\u00f3: <span style=\"color: #0000ff;\">\u201cEste Desaf\u00edo Ruta 40 fue muy exigente y no tiene nada que envidiarle al Dakar. Vinieron pilotos de punta y pudimos dar batalla de la mejor manera, algo que nos deja muy bien parados pensando en Enero\u201d.<\/span><\/p>\n<p>En lo que respecta al calendario para Bonetto se aproximan las pr\u00f3ximas fechas del Campeonato Argentino de Rally Cross Country y una nueva presentaci\u00f3n dentro del Dakar Series en el Desaf\u00edo Inca que se disputar\u00e1 del 10 al 13 de Septiembre en Per\u00fa.<\/p>\n<p>No hab\u00eda mejor manera de comenzar la defensa del t\u00edtulo a nivel nacional, frente a los mejores del mundo y en una carrera que el a\u00f1o pasado le hab\u00eda mostrado su lado negro.<\/p>\n<p>Lucas Bonetto sigue creciendo con la mirada puesta en el Dakar 2016.<\/p>\n<p><span style=\"color: #0000ff;\">Desaf\u00edo Ruta 40<\/span><\/p>\n<p>Clasificaci\u00f3n General Final &#8211; Quads<\/p>\n<p><span style=\"color: #ff0000;\">1) #104 Lucas BONETTO (Arg\/Honda) 23:56.43<\/span><\/p>\n<p>2) #102 Ignacio CASALE (Chi\/Yamaha) +23.21<\/p>\n<p>3) #101 Nelson SANABRIA (Par\/Yamaha) +1:24.16<\/p>\n<p>4) #106 Giuliano GIORDANA (Arg\/Yamaha) +1:29.45<\/p>\n<p>5) #118 Koolen KEES (Hol\/Honda) +1:44.51<\/p>\n<p><a href=\"http:\/\/labestiadeportiva.com\/lbd\/wp-content\/uploads\/2015\/05\/Mailing-16.jpg\"><img loading=\"lazy\" class=\"aligncenter size-medium wp-image-15852\" src=\"http:\/\/labestiadeportiva.com\/lbd\/wp-content\/uploads\/2015\/05\/Mailing-16-300x212.jpg\" alt=\"Mailing 1\" width=\"300\" height=\"212\" srcset=\"http:\/\/labestiadeportiva.com\/lbd\/wp-content\/uploads\/2015\/05\/Mailing-16-300x212.jpg 300w, http:\/\/labestiadeportiva.com\/lbd\/wp-content\/uploads\/2015\/05\/Mailing-16-1024x724.jpg 1024w, http:\/\/labestiadeportiva.com\/lbd\/wp-content\/uploads\/2015\/05\/Mailing-16.jpg 1600w\" sizes=\"(max-width: 300px) 100vw, 300px\" \/><\/a><\/p>\n<p>Lucas Bonetto y equipo agradecen a sus sponsors: YPF Elaion Moto, Mercedes Benz Tierra del Fuego y LS2 Helmets. Asimismo a toda la gente de Tierra del Fuego, familia y amigos que apoyan de manera incondicional.<\/p>\n<div class='epvc-post-count'><span class='epvc-eye'><\/span>  <span class=\"epvc-count\"> 1.172<\/span><span class='epvc-label'> veces le\u00edda<\/span><\/div>\n<div class=\"jwsharethis\">\nShare this: \n<br \/>\n<a href=\"mailto:?subject=Gloria%20M%C3%A1xima&amp;body=http%3A%2F%2Flabestiadeportiva.com%2Flbd%2Fgloria-maxima%2F\">\n<img src=\"http:\/\/labestiadeportiva.com\/lbd\/wp-content\/plugins\/jw-share-this\/email.png\" alt=\"Share this page via Email\" \/>\n<\/a>\n<a target=\"_blank\" href=\"http:\/\/www.stumbleupon.com\/submit?url=http%3A%2F%2Flabestiadeportiva.com%2Flbd%2Fgloria-maxima%2F&amp;title=Gloria+M%C3%A1xima\">\n<img src=\"http:\/\/labestiadeportiva.com\/lbd\/wp-content\/plugins\/jw-share-this\/su.png\" alt=\"Share this page via Stumble Upon\" \/>\n<\/a>\n<a target=\"_blank\" href=\"http:\/\/digg.com\/submit?url=http%3A%2F%2Flabestiadeportiva.com%2Flbd%2Fgloria-maxima%2F&amp;title=Gloria+M%C3%A1xima\">\n<img src=\"http:\/\/labestiadeportiva.com\/lbd\/wp-content\/plugins\/jw-share-this\/digg.png\" alt=\"Share this page via Digg this\" \/>\n<\/a>\n<a target=\"_blank\" href=\"http:\/\/www.facebook.com\/sharer.php?u=http%3A%2F%2Flabestiadeportiva.com%2Flbd%2Fgloria-maxima%2F&amp;t=Gloria+M%C3%A1xima\">\n<img src=\"http:\/\/labestiadeportiva.com\/lbd\/wp-content\/plugins\/jw-share-this\/fb.png\" alt=\"Share this page via Facebook\" \/>\n<\/a>\n<a target=\"_blank\" href=\"http:\/\/twitter.com\/intent\/tweet?text=I+like+http%3A%2F%2Flabestiadeportiva.com%2Flbd%2Fgloria-maxima%2F&amp;title=Gloria+M%C3%A1xima\">\n<img src=\"http:\/\/labestiadeportiva.com\/lbd\/wp-content\/plugins\/jw-share-this\/twitter.png\" alt=\"Share this page via Twitter\" \/>\n<\/a>\n<\/div>\n","protected":false},"excerpt":{"rendered":"<p>El ushuaiense Lucas Bonetto se tom\u00f3 la revancha m\u00e1s dulce en el Desaf\u00edo Ruta 40 al conquistar su cuarto t\u00edtulo dentro de los Quads 4&#215;2. Inici\u00f3 de la mejor manera su defensa de la corona en el CARCC y abri\u00f3 el calendario Dakar Series con una notable actuaci\u00f3n que invita a seguir so\u00f1ando. Fuente y &hellip; <a href=\"http:\/\/labestiadeportiva.com\/lbd\/gloria-maxima\/\" class=\"more-link\">Seguir leyendo <span class=\"screen-reader-text\">Gloria M\u00e1xima<\/span> <span class=\"meta-nav\">&rarr;<\/span><\/a><\/p>\n","protected":false},"author":1,"featured_media":15851,"comment_status":"open","ping_status":"open","sticky":false,"template":"","format":"standard","meta":[],"categories":[2160,5,4,6,2161,2159,1],"tags":[255,189,353,71],"_links":{"self":[{"href":"http:\/\/labestiadeportiva.com\/lbd\/wp-json\/wp\/v2\/posts\/15850"}],"collection":[{"href":"http:\/\/labestiadeportiva.com\/lbd\/wp-json\/wp\/v2\/posts"}],"about":[{"href":"http:\/\/labestiadeportiva.com\/lbd\/wp-json\/wp\/v2\/types\/post"}],"author":[{"embeddable":true,"href":"http:\/\/labestiadeportiva.com\/lbd\/wp-json\/wp\/v2\/users\/1"}],"replies":[{"embeddable":true,"href":"http:\/\/labestiadeportiva.com\/lbd\/wp-json\/wp\/v2\/comments?post=15850"}],"version-history":[{"count":3,"href":"http:\/\/labestiadeportiva.com\/lbd\/wp-json\/wp\/v2\/posts\/15850\/revisions"}],"predecessor-version":[{"id":15855,"href":"http:\/\/labestiadeportiva.com\/lbd\/wp-json\/wp\/v2\/posts\/15850\/revisions\/15855"}],"wp:featuredmedia":[{"embeddable":true,"href":"http:\/\/labestiadeportiva.com\/lbd\/wp-json\/wp\/v2\/media\/15851"}],"wp:attachment":[{"href":"http:\/\/labestiadeportiva.com\/lbd\/wp-json\/wp\/v2\/media?parent=15850"}],"wp:term":[{"taxonomy":"category","embeddable":true,"href":"http:\/\/labestiadeportiva.com\/lbd\/wp-json\/wp\/v2\/categories?post=15850"},{"taxonomy":"post_tag","embeddable":true,"href":"http:\/\/labestiadeportiva.com\/lbd\/wp-json\/wp\/v2\/tags?post=15850"}],"curies":[{"name":"wp","href":"https:\/\/api.w.org\/{rel}","templated":true}]}}